{"id":24769,"date":"2025-12-23T10:40:46","date_gmt":"2025-12-23T10:40:46","guid":{"rendered":"https:\/\/www.portacabot.com\/la-generalitat-de-cataluna-publica-la-resolucion-de-planes-de-barrio-2025\/"},"modified":"2025-12-23T10:54:55","modified_gmt":"2025-12-23T10:54:55","slug":"la-generalitat-de-cataluna-publica-la-resolucion-de-planes-de-barrio-2025","status":"publish","type":"post","link":"https:\/\/www.portacabot.com\/es\/la-generalitat-de-cataluna-publica-la-resolucion-de-planes-de-barrio-2025\/","title":{"rendered":"La Generalitat de Catalu\u00f1a publica la resoluci\u00f3n de Planes de Barrio 2025"},"content":{"rendered":"\t\t<div data-elementor-type=\"wp-post\" data-elementor-id=\"24769\" class=\"elementor elementor-24769 elementor-24758\" wpc-filter-elementor-widget=\"1\" data-elementor-post-type=\"post\">\n\t\t\t\t\t\t<section class=\"elementor-section elementor-top-section elementor-element elementor-element-e62d27f elementor-section-boxed elementor-section-height-default elementor-section-height-default\" data-id=\"e62d27f\" data-element_type=\"section\" data-e-type=\"section\">\n\t\t\t\t\t\t<div class=\"elementor-container elementor-column-gap-default\">\n\t\t\t\t\t<div class=\"elementor-column elementor-col-100 elementor-top-column elementor-element elementor-element-c6c4af1\" data-id=\"c6c4af1\" data-element_type=\"column\" data-e-type=\"column\">\n\t\t\t<div class=\"elementor-widget-wrap elementor-element-populated\">\n\t\t\t\t\t\t<div class=\"elementor-element elementor-element-9dd04c3 elementor-widget elementor-widget-text-editor\" data-id=\"9dd04c3\" data-element_type=\"widget\" data-e-type=\"widget\" data-widget_type=\"text-editor.default\">\n\t\t\t\t<div class=\"elementor-widget-container\">\n\t\t\t\t\t\t\t\t\t<p style=\"font-weight: 400;\">La Generalitat de Catalu\u00f1a ha dado a conocer los municipios que han resultado seleccionados en la convocatoria de planes de barrio 2025. Pod\u00e9is consultar los proyectos en la <a href=\"https:\/\/www.3cat.cat\/3catinfo\/20-municipis-rebran-233-milions-de-la-llei-de-barris-quins-son-i-a-que-destinaran-els-diners\/noticia\/3385993\/\" data-saferedirecturl=\"https:\/\/www.google.com\/url?q=https:\/\/www.3cat.cat\/3catinfo\/20-municipis-rebran-233-milions-de-la-llei-de-barris-quins-son-i-a-que-destinaran-els-diners\/noticia\/3385993\/&amp;source=gmail&amp;ust=1766566188180000&amp;usg=AOvVaw2dnV1uCh6NyW_3TAlVYhaU\">noticia publicada por 3Cat<\/a>. <\/p><p style=\"font-weight: 400;\">Uno de los proyectos seleccionados ha sido el de los barrios de Reus Sur, conformados por los barrios del Carrilet, Fortuny, Juroca, Parcelas Casas, y tambi\u00e9n con afectaci\u00f3n sobre el barrio Montserrat. Este ha sido uno de los proyectos redactados por PortaCabot en la convocatoria de este a\u00f1o. <\/p><p style=\"font-weight: 400;\">La propuesta de Reus supondr\u00e1 la inversi\u00f3n de 25 millones de euros entre 2026 y 2030 en una zona de la ciudad que se caracteriza por la carencia de equipaciones y con una elevada poblaci\u00f3n vulnerable. El proyecto de Reus incluye un total de 31 actuaciones que se desplegar\u00e1n a lo largo de cinco a\u00f1os y que combinan transformaciones f\u00edsicas del espacio p\u00fablico, acciones sociocomunitarias e iniciativas de transici\u00f3n ecol\u00f3gica. Una de las actuaciones m\u00e1s destacadas es la transformaci\u00f3n de la calle de Astorga, con una inversi\u00f3n de 4,4 millones de euros.  <\/p><p style=\"font-weight: 400;\">M\u00e1s all\u00e1 de los indicadores de vulnerabilidad urbana que indican la necesidad de intervenci\u00f3n en un barrio, la Generalitat de Catalu\u00f1a analiza la calidad de los proyectos que se presentan y la coherencia de las actuaciones con las necesidades detectadas. Por eso el trabajo experimentado de PortaCabot, con 20 a\u00f1os en la redacci\u00f3n y gesti\u00f3n de planes de barrio, es determinante en la hora de presentar propuestas a la altura del reto de competir con los m\u00e1s de 80 municipios que este 2025 han solicitado la ayuda, y que previsiblemente el 2026 todav\u00eda ser\u00e1n m\u00e1s. <\/p><p><strong>Si necesitas saber m\u00e1s<\/strong> sobre en qu\u00e9 consisten los Planes de Barrio que llevamos a cabo desde Portacabot, haz clic en el siguiente bot\u00f3n.<\/p>\t\t\t\t\t\t\t\t<\/div>\n\t\t\t\t<\/div>\n\t\t\t\t<div class=\"elementor-element elementor-element-375d84f elementor-align-center elementor-widget elementor-widget-button\" data-id=\"375d84f\" data-element_type=\"widget\" data-e-type=\"widget\" data-widget_type=\"button.default\">\n\t\t\t\t<div class=\"elementor-widget-container\">\n\t\t\t\t\t\t\t\t\t<div class=\"elementor-button-wrapper\">\n\t\t\t\t\t<a class=\"elementor-button elementor-button-link elementor-size-sm\" href=\"https:\/\/www.portacabot.com\/es\/contacto\/\" target=\"_blank\">\n\t\t\t\t\t\t<span class=\"elementor-button-content-wrapper\">\n\t\t\t\t\t\t<span class=\"elementor-button-icon\">\n\t\t\t\t<i aria-hidden=\"true\" class=\"fas fa-mouse-pointer\"><\/i>\t\t\t<\/span>\n\t\t\t\t\t\t\t\t\t<span class=\"elementor-button-text\">+ INFO<\/span>\n\t\t\t\t\t<\/span>\n\t\t\t\t\t<\/a>\n\t\t\t\t<\/div>\n\t\t\t\t\t\t\t\t<\/div>\n\t\t\t\t<\/div>\n\t\t\t\t\t<\/div>\n\t\t<\/div>\n\t\t\t\t\t<\/div>\n\t\t<\/section>\n\t\t\t\t<\/div>\n\t\t","protected":false},"excerpt":{"rendered":"<p>La Generalitat de Catalu\u00f1a ha dado a conocer los municipios que han resultado seleccionados en la convocatoria de planes de barrio 2025. Pod\u00e9is consultar los proyectos en la noticia publicada por 3Cat. Uno de los proyectos seleccionados ha sido el de los barrios de Reus Sur, conformados por los barrios del Carrilet, Fortuny, Juroca, Parcelas [&hellip;]<\/p>\n","protected":false},"author":2,"featured_media":24768,"comment_status":"open","ping_status":"open","sticky":false,"template":"","format":"standard","meta":{"footnotes":""},"categories":[39],"tags":[],"class_list":["post-24769","post","type-post","status-publish","format-standard","has-post-thumbnail","hentry","category-territorio-y-mejora-urbana"],"yoast_head":"<!-- This site is optimized with the Yoast SEO plugin v27.5 - https:\/\/yoast.com\/product\/yoast-seo-wordpress\/ -->\n<title>Resoluci\u00f3n de Planes de Barrio 2025 - PortaCabot<\/title>\n<meta name=\"description\" content=\"La Generalitat de Catalu\u00f1a ha publicado la resoluci\u00f3n de Planes de Barrio del 2025. \u00a1Dale un vistazo para saber m\u00e1s!\" \/>\n<meta name=\"robots\" content=\"index, follow, max-snippet:-1, max-image-preview:large, max-video-preview:-1\" \/>\n<link rel=\"canonical\" href=\"https:\/\/www.portacabot.com\/es\/la-generalitat-de-cataluna-publica-la-resolucion-de-planes-de-barrio-2025\/\" \/>\n<meta property=\"og:locale\" content=\"es_ES\" \/>\n<meta property=\"og:type\" content=\"article\" \/>\n<meta property=\"og:title\" content=\"Resoluci\u00f3n de Planes de Barrio 2025 - PortaCabot\" \/>\n<meta property=\"og:description\" content=\"La Generalitat de Catalu\u00f1a ha publicado la resoluci\u00f3n de Planes de Barrio del 2025. \u00a1Dale un vistazo para saber m\u00e1s!\" \/>\n<meta property=\"og:url\" content=\"https:\/\/www.portacabot.com\/es\/la-generalitat-de-cataluna-publica-la-resolucion-de-planes-de-barrio-2025\/\" \/>\n<meta property=\"og:site_name\" content=\"Portacabot\" \/>\n<meta property=\"article:published_time\" content=\"2025-12-23T10:40:46+00:00\" \/>\n<meta property=\"article:modified_time\" content=\"2025-12-23T10:54:55+00:00\" \/>\n<meta property=\"og:image\" content=\"https:\/\/www.portacabot.com\/wp-content\/uploads\/2025\/12\/resolucio-plans-barris.jpg\" \/>\n\t<meta property=\"og:image:width\" content=\"1200\" \/>\n\t<meta property=\"og:image:height\" content=\"799\" \/>\n\t<meta property=\"og:image:type\" content=\"image\/jpeg\" \/>\n<meta name=\"author\" content=\"Mikel\" \/>\n<meta name=\"twitter:card\" content=\"summary_large_image\" \/>\n<meta name=\"twitter:label1\" content=\"Written by\" \/>\n\t<meta name=\"twitter:data1\" content=\"Mikel\" \/>\n\t<meta name=\"twitter:label2\" content=\"Est. reading time\" \/>\n\t<meta name=\"twitter:data2\" content=\"2 minutes\" \/>\n<script type=\"application\/ld+json\" class=\"yoast-schema-graph\">{\"@context\":\"https:\\\/\\\/schema.org\",\"@graph\":[{\"@type\":\"Article\",\"@id\":\"https:\\\/\\\/www.portacabot.com\\\/es\\\/la-generalitat-de-cataluna-publica-la-resolucion-de-planes-de-barrio-2025\\\/#article\",\"isPartOf\":{\"@id\":\"https:\\\/\\\/www.portacabot.com\\\/es\\\/la-generalitat-de-cataluna-publica-la-resolucion-de-planes-de-barrio-2025\\\/\"},\"author\":{\"name\":\"Mikel\",\"@id\":\"https:\\\/\\\/www.portacabot.com\\\/es\\\/#\\\/schema\\\/person\\\/36e04fe561674d83f69bd8bc3323c2a1\"},\"headline\":\"La Generalitat de Catalu\u00f1a publica la resoluci\u00f3n de Planes de Barrio 2025\",\"datePublished\":\"2025-12-23T10:40:46+00:00\",\"dateModified\":\"2025-12-23T10:54:55+00:00\",\"mainEntityOfPage\":{\"@id\":\"https:\\\/\\\/www.portacabot.com\\\/es\\\/la-generalitat-de-cataluna-publica-la-resolucion-de-planes-de-barrio-2025\\\/\"},\"wordCount\":323,\"commentCount\":0,\"publisher\":{\"@id\":\"https:\\\/\\\/www.portacabot.com\\\/es\\\/#organization\"},\"image\":{\"@id\":\"https:\\\/\\\/www.portacabot.com\\\/es\\\/la-generalitat-de-cataluna-publica-la-resolucion-de-planes-de-barrio-2025\\\/#primaryimage\"},\"thumbnailUrl\":\"https:\\\/\\\/www.portacabot.com\\\/wp-content\\\/uploads\\\/2025\\\/12\\\/resolucio-plans-barris.jpg\",\"articleSection\":[\"Territorio y mejora urbana\"],\"inLanguage\":\"ES\",\"potentialAction\":[{\"@type\":\"CommentAction\",\"name\":\"Comment\",\"target\":[\"https:\\\/\\\/www.portacabot.com\\\/es\\\/la-generalitat-de-cataluna-publica-la-resolucion-de-planes-de-barrio-2025\\\/#respond\"]}]},{\"@type\":\"WebPage\",\"@id\":\"https:\\\/\\\/www.portacabot.com\\\/es\\\/la-generalitat-de-cataluna-publica-la-resolucion-de-planes-de-barrio-2025\\\/\",\"url\":\"https:\\\/\\\/www.portacabot.com\\\/es\\\/la-generalitat-de-cataluna-publica-la-resolucion-de-planes-de-barrio-2025\\\/\",\"name\":\"Resoluci\u00f3n de Planes de Barrio 2025 - PortaCabot\",\"isPartOf\":{\"@id\":\"https:\\\/\\\/www.portacabot.com\\\/es\\\/#website\"},\"primaryImageOfPage\":{\"@id\":\"https:\\\/\\\/www.portacabot.com\\\/es\\\/la-generalitat-de-cataluna-publica-la-resolucion-de-planes-de-barrio-2025\\\/#primaryimage\"},\"image\":{\"@id\":\"https:\\\/\\\/www.portacabot.com\\\/es\\\/la-generalitat-de-cataluna-publica-la-resolucion-de-planes-de-barrio-2025\\\/#primaryimage\"},\"thumbnailUrl\":\"https:\\\/\\\/www.portacabot.com\\\/wp-content\\\/uploads\\\/2025\\\/12\\\/resolucio-plans-barris.jpg\",\"datePublished\":\"2025-12-23T10:40:46+00:00\",\"dateModified\":\"2025-12-23T10:54:55+00:00\",\"description\":\"La Generalitat de Catalu\u00f1a ha publicado la resoluci\u00f3n de Planes de Barrio del 2025. \u00a1Dale un vistazo para saber m\u00e1s!\",\"breadcrumb\":{\"@id\":\"https:\\\/\\\/www.portacabot.com\\\/es\\\/la-generalitat-de-cataluna-publica-la-resolucion-de-planes-de-barrio-2025\\\/#breadcrumb\"},\"inLanguage\":\"ES\",\"potentialAction\":[{\"@type\":\"ReadAction\",\"target\":[\"https:\\\/\\\/www.portacabot.com\\\/es\\\/la-generalitat-de-cataluna-publica-la-resolucion-de-planes-de-barrio-2025\\\/\"]}]},{\"@type\":\"ImageObject\",\"inLanguage\":\"ES\",\"@id\":\"https:\\\/\\\/www.portacabot.com\\\/es\\\/la-generalitat-de-cataluna-publica-la-resolucion-de-planes-de-barrio-2025\\\/#primaryimage\",\"url\":\"https:\\\/\\\/www.portacabot.com\\\/wp-content\\\/uploads\\\/2025\\\/12\\\/resolucio-plans-barris.jpg\",\"contentUrl\":\"https:\\\/\\\/www.portacabot.com\\\/wp-content\\\/uploads\\\/2025\\\/12\\\/resolucio-plans-barris.jpg\",\"width\":1200,\"height\":799,\"caption\":\"resolucio-plans-barris\"},{\"@type\":\"BreadcrumbList\",\"@id\":\"https:\\\/\\\/www.portacabot.com\\\/es\\\/la-generalitat-de-cataluna-publica-la-resolucion-de-planes-de-barrio-2025\\\/#breadcrumb\",\"itemListElement\":[{\"@type\":\"ListItem\",\"position\":1,\"name\":\"Inici\",\"item\":\"https:\\\/\\\/www.portacabot.com\\\/es\\\/\"},{\"@type\":\"ListItem\",\"position\":2,\"name\":\"La Generalitat de Catalu\u00f1a publica la resoluci\u00f3n de Planes de Barrio 2025\"}]},{\"@type\":\"WebSite\",\"@id\":\"https:\\\/\\\/www.portacabot.com\\\/es\\\/#website\",\"url\":\"https:\\\/\\\/www.portacabot.com\\\/es\\\/\",\"name\":\"Portacabot\",\"description\":\"Solucions a les necessitats de les administracions i al conjunt de la societat\",\"publisher\":{\"@id\":\"https:\\\/\\\/www.portacabot.com\\\/es\\\/#organization\"},\"potentialAction\":[{\"@type\":\"SearchAction\",\"target\":{\"@type\":\"EntryPoint\",\"urlTemplate\":\"https:\\\/\\\/www.portacabot.com\\\/es\\\/?s={search_term_string}\"},\"query-input\":{\"@type\":\"PropertyValueSpecification\",\"valueRequired\":true,\"valueName\":\"search_term_string\"}}],\"inLanguage\":\"ES\"},{\"@type\":\"Organization\",\"@id\":\"https:\\\/\\\/www.portacabot.com\\\/es\\\/#organization\",\"name\":\"Portacabot\",\"url\":\"https:\\\/\\\/www.portacabot.com\\\/es\\\/\",\"logo\":{\"@type\":\"ImageObject\",\"inLanguage\":\"ES\",\"@id\":\"https:\\\/\\\/www.portacabot.com\\\/es\\\/#\\\/schema\\\/logo\\\/image\\\/\",\"url\":\"https:\\\/\\\/www.portacabot.com\\\/wp-content\\\/uploads\\\/2022\\\/03\\\/cropped-logo_portacabot.png\",\"contentUrl\":\"https:\\\/\\\/www.portacabot.com\\\/wp-content\\\/uploads\\\/2022\\\/03\\\/cropped-logo_portacabot.png\",\"width\":300,\"height\":85,\"caption\":\"Portacabot\"},\"image\":{\"@id\":\"https:\\\/\\\/www.portacabot.com\\\/es\\\/#\\\/schema\\\/logo\\\/image\\\/\"}},{\"@type\":\"Person\",\"@id\":\"https:\\\/\\\/www.portacabot.com\\\/es\\\/#\\\/schema\\\/person\\\/36e04fe561674d83f69bd8bc3323c2a1\",\"name\":\"Mikel\",\"image\":{\"@type\":\"ImageObject\",\"inLanguage\":\"ES\",\"@id\":\"https:\\\/\\\/secure.gravatar.com\\\/avatar\\\/64b69effd3a9fab90df62ca309941b88d540d79f1c5e8183633f7a5a43d4e9a8?s=96&d=mm&r=g\",\"url\":\"https:\\\/\\\/secure.gravatar.com\\\/avatar\\\/64b69effd3a9fab90df62ca309941b88d540d79f1c5e8183633f7a5a43d4e9a8?s=96&d=mm&r=g\",\"contentUrl\":\"https:\\\/\\\/secure.gravatar.com\\\/avatar\\\/64b69effd3a9fab90df62ca309941b88d540d79f1c5e8183633f7a5a43d4e9a8?s=96&d=mm&r=g\",\"caption\":\"Mikel\"}}]}<\/script>\n<!-- \/ Yoast SEO plugin. -->","yoast_head_json":{"title":"Resoluci\u00f3n de Planes de Barrio 2025 - PortaCabot","description":"La Generalitat de Catalu\u00f1a ha publicado la resoluci\u00f3n de Planes de Barrio del 2025. \u00a1Dale un vistazo para saber m\u00e1s!","robots":{"index":"index","follow":"follow","max-snippet":"max-snippet:-1","max-image-preview":"max-image-preview:large","max-video-preview":"max-video-preview:-1"},"canonical":"https:\/\/www.portacabot.com\/es\/la-generalitat-de-cataluna-publica-la-resolucion-de-planes-de-barrio-2025\/","og_locale":"es_ES","og_type":"article","og_title":"Resoluci\u00f3n de Planes de Barrio 2025 - PortaCabot","og_description":"La Generalitat de Catalu\u00f1a ha publicado la resoluci\u00f3n de Planes de Barrio del 2025. \u00a1Dale un vistazo para saber m\u00e1s!","og_url":"https:\/\/www.portacabot.com\/es\/la-generalitat-de-cataluna-publica-la-resolucion-de-planes-de-barrio-2025\/","og_site_name":"Portacabot","article_published_time":"2025-12-23T10:40:46+00:00","article_modified_time":"2025-12-23T10:54:55+00:00","og_image":[{"width":1200,"height":799,"url":"https:\/\/www.portacabot.com\/wp-content\/uploads\/2025\/12\/resolucio-plans-barris.jpg","type":"image\/jpeg"}],"author":"Mikel","twitter_card":"summary_large_image","twitter_misc":{"Written by":"Mikel","Est. reading time":"2 minutes"},"schema":{"@context":"https:\/\/schema.org","@graph":[{"@type":"Article","@id":"https:\/\/www.portacabot.com\/es\/la-generalitat-de-cataluna-publica-la-resolucion-de-planes-de-barrio-2025\/#article","isPartOf":{"@id":"https:\/\/www.portacabot.com\/es\/la-generalitat-de-cataluna-publica-la-resolucion-de-planes-de-barrio-2025\/"},"author":{"name":"Mikel","@id":"https:\/\/www.portacabot.com\/es\/#\/schema\/person\/36e04fe561674d83f69bd8bc3323c2a1"},"headline":"La Generalitat de Catalu\u00f1a publica la resoluci\u00f3n de Planes de Barrio 2025","datePublished":"2025-12-23T10:40:46+00:00","dateModified":"2025-12-23T10:54:55+00:00","mainEntityOfPage":{"@id":"https:\/\/www.portacabot.com\/es\/la-generalitat-de-cataluna-publica-la-resolucion-de-planes-de-barrio-2025\/"},"wordCount":323,"commentCount":0,"publisher":{"@id":"https:\/\/www.portacabot.com\/es\/#organization"},"image":{"@id":"https:\/\/www.portacabot.com\/es\/la-generalitat-de-cataluna-publica-la-resolucion-de-planes-de-barrio-2025\/#primaryimage"},"thumbnailUrl":"https:\/\/www.portacabot.com\/wp-content\/uploads\/2025\/12\/resolucio-plans-barris.jpg","articleSection":["Territorio y mejora urbana"],"inLanguage":"ES","potentialAction":[{"@type":"CommentAction","name":"Comment","target":["https:\/\/www.portacabot.com\/es\/la-generalitat-de-cataluna-publica-la-resolucion-de-planes-de-barrio-2025\/#respond"]}]},{"@type":"WebPage","@id":"https:\/\/www.portacabot.com\/es\/la-generalitat-de-cataluna-publica-la-resolucion-de-planes-de-barrio-2025\/","url":"https:\/\/www.portacabot.com\/es\/la-generalitat-de-cataluna-publica-la-resolucion-de-planes-de-barrio-2025\/","name":"Resoluci\u00f3n de Planes de Barrio 2025 - PortaCabot","isPartOf":{"@id":"https:\/\/www.portacabot.com\/es\/#website"},"primaryImageOfPage":{"@id":"https:\/\/www.portacabot.com\/es\/la-generalitat-de-cataluna-publica-la-resolucion-de-planes-de-barrio-2025\/#primaryimage"},"image":{"@id":"https:\/\/www.portacabot.com\/es\/la-generalitat-de-cataluna-publica-la-resolucion-de-planes-de-barrio-2025\/#primaryimage"},"thumbnailUrl":"https:\/\/www.portacabot.com\/wp-content\/uploads\/2025\/12\/resolucio-plans-barris.jpg","datePublished":"2025-12-23T10:40:46+00:00","dateModified":"2025-12-23T10:54:55+00:00","description":"La Generalitat de Catalu\u00f1a ha publicado la resoluci\u00f3n de Planes de Barrio del 2025. \u00a1Dale un vistazo para saber m\u00e1s!","breadcrumb":{"@id":"https:\/\/www.portacabot.com\/es\/la-generalitat-de-cataluna-publica-la-resolucion-de-planes-de-barrio-2025\/#breadcrumb"},"inLanguage":"ES","potentialAction":[{"@type":"ReadAction","target":["https:\/\/www.portacabot.com\/es\/la-generalitat-de-cataluna-publica-la-resolucion-de-planes-de-barrio-2025\/"]}]},{"@type":"ImageObject","inLanguage":"ES","@id":"https:\/\/www.portacabot.com\/es\/la-generalitat-de-cataluna-publica-la-resolucion-de-planes-de-barrio-2025\/#primaryimage","url":"https:\/\/www.portacabot.com\/wp-content\/uploads\/2025\/12\/resolucio-plans-barris.jpg","contentUrl":"https:\/\/www.portacabot.com\/wp-content\/uploads\/2025\/12\/resolucio-plans-barris.jpg","width":1200,"height":799,"caption":"resolucio-plans-barris"},{"@type":"BreadcrumbList","@id":"https:\/\/www.portacabot.com\/es\/la-generalitat-de-cataluna-publica-la-resolucion-de-planes-de-barrio-2025\/#breadcrumb","itemListElement":[{"@type":"ListItem","position":1,"name":"Inici","item":"https:\/\/www.portacabot.com\/es\/"},{"@type":"ListItem","position":2,"name":"La Generalitat de Catalu\u00f1a publica la resoluci\u00f3n de Planes de Barrio 2025"}]},{"@type":"WebSite","@id":"https:\/\/www.portacabot.com\/es\/#website","url":"https:\/\/www.portacabot.com\/es\/","name":"Portacabot","description":"Solucions a les necessitats de les administracions i al conjunt de la societat","publisher":{"@id":"https:\/\/www.portacabot.com\/es\/#organization"},"potentialAction":[{"@type":"SearchAction","target":{"@type":"EntryPoint","urlTemplate":"https:\/\/www.portacabot.com\/es\/?s={search_term_string}"},"query-input":{"@type":"PropertyValueSpecification","valueRequired":true,"valueName":"search_term_string"}}],"inLanguage":"ES"},{"@type":"Organization","@id":"https:\/\/www.portacabot.com\/es\/#organization","name":"Portacabot","url":"https:\/\/www.portacabot.com\/es\/","logo":{"@type":"ImageObject","inLanguage":"ES","@id":"https:\/\/www.portacabot.com\/es\/#\/schema\/logo\/image\/","url":"https:\/\/www.portacabot.com\/wp-content\/uploads\/2022\/03\/cropped-logo_portacabot.png","contentUrl":"https:\/\/www.portacabot.com\/wp-content\/uploads\/2022\/03\/cropped-logo_portacabot.png","width":300,"height":85,"caption":"Portacabot"},"image":{"@id":"https:\/\/www.portacabot.com\/es\/#\/schema\/logo\/image\/"}},{"@type":"Person","@id":"https:\/\/www.portacabot.com\/es\/#\/schema\/person\/36e04fe561674d83f69bd8bc3323c2a1","name":"Mikel","image":{"@type":"ImageObject","inLanguage":"ES","@id":"https:\/\/secure.gravatar.com\/avatar\/64b69effd3a9fab90df62ca309941b88d540d79f1c5e8183633f7a5a43d4e9a8?s=96&d=mm&r=g","url":"https:\/\/secure.gravatar.com\/avatar\/64b69effd3a9fab90df62ca309941b88d540d79f1c5e8183633f7a5a43d4e9a8?s=96&d=mm&r=g","contentUrl":"https:\/\/secure.gravatar.com\/avatar\/64b69effd3a9fab90df62ca309941b88d540d79f1c5e8183633f7a5a43d4e9a8?s=96&d=mm&r=g","caption":"Mikel"}}]}},"_links":{"self":[{"href":"https:\/\/www.portacabot.com\/es\/wp-json\/wp\/v2\/posts\/24769","targetHints":{"allow":["GET"]}}],"collection":[{"href":"https:\/\/www.portacabot.com\/es\/wp-json\/wp\/v2\/posts"}],"about":[{"href":"https:\/\/www.portacabot.com\/es\/wp-json\/wp\/v2\/types\/post"}],"author":[{"embeddable":true,"href":"https:\/\/www.portacabot.com\/es\/wp-json\/wp\/v2\/users\/2"}],"replies":[{"embeddable":true,"href":"https:\/\/www.portacabot.com\/es\/wp-json\/wp\/v2\/comments?post=24769"}],"version-history":[{"count":1,"href":"https:\/\/www.portacabot.com\/es\/wp-json\/wp\/v2\/posts\/24769\/revisions"}],"predecessor-version":[{"id":24770,"href":"https:\/\/www.portacabot.com\/es\/wp-json\/wp\/v2\/posts\/24769\/revisions\/24770"}],"wp:featuredmedia":[{"embeddable":true,"href":"https:\/\/www.portacabot.com\/es\/wp-json\/wp\/v2\/media\/24768"}],"wp:attachment":[{"href":"https:\/\/www.portacabot.com\/es\/wp-json\/wp\/v2\/media?parent=24769"}],"wp:term":[{"taxonomy":"category","embeddable":true,"href":"https:\/\/www.portacabot.com\/es\/wp-json\/wp\/v2\/categories?post=24769"},{"taxonomy":"post_tag","embeddable":true,"href":"https:\/\/www.portacabot.com\/es\/wp-json\/wp\/v2\/tags?post=24769"}],"curies":[{"name":"wp","href":"https:\/\/api.w.org\/{rel}","templated":true}]}}