{"id":24744,"date":"2025-11-25T15:02:42","date_gmt":"2025-11-25T15:02:42","guid":{"rendered":"https:\/\/www.portacabot.com\/el-consejo-de-ninos-y-adolescentes-de-sabadell-lidera-las-actividades-municipales-conmemorativas-del-dia-universal-de-los-derechos-de-los-ninos\/"},"modified":"2025-11-25T15:25:35","modified_gmt":"2025-11-25T15:25:35","slug":"el-consejo-de-ninos-y-adolescentes-de-sabadell-lidera-las-actividades-municipales-conmemorativas-del-dia-universal-de-los-derechos-de-los-ninos","status":"publish","type":"post","link":"https:\/\/www.portacabot.com\/es\/el-consejo-de-ninos-y-adolescentes-de-sabadell-lidera-las-actividades-municipales-conmemorativas-del-dia-universal-de-los-derechos-de-los-ninos\/","title":{"rendered":"El Consejo de Ni\u00f1os y Adolescentes de Sabadell lidera las actividades municipales conmemorativas del D\u00eda Universal de los Derechos de los Ni\u00f1os"},"content":{"rendered":"\t\t<div data-elementor-type=\"wp-post\" data-elementor-id=\"24744\" class=\"elementor elementor-24744 elementor-24724\" wpc-filter-elementor-widget=\"1\" data-elementor-post-type=\"post\">\n\t\t\t\t\t\t<section class=\"elementor-section elementor-top-section elementor-element elementor-element-14a9d76 elementor-section-boxed elementor-section-height-default elementor-section-height-default\" data-id=\"14a9d76\" data-element_type=\"section\" data-e-type=\"section\">\n\t\t\t\t\t\t<div class=\"elementor-container elementor-column-gap-default\">\n\t\t\t\t\t<div class=\"elementor-column elementor-col-100 elementor-top-column elementor-element elementor-element-dee8e5a\" data-id=\"dee8e5a\" data-element_type=\"column\" data-e-type=\"column\">\n\t\t\t<div class=\"elementor-widget-wrap elementor-element-populated\">\n\t\t\t\t\t\t<div class=\"elementor-element elementor-element-1456893 elementor-widget elementor-widget-text-editor\" data-id=\"1456893\" data-element_type=\"widget\" data-e-type=\"widget\" data-widget_type=\"text-editor.default\">\n\t\t\t\t<div class=\"elementor-widget-container\">\n\t\t\t\t\t\t\t\t\t<p><span style=\"font-weight: 400;\">Sabadell ha celebrado el pasado s\u00e1bado 22 de noviembre el D\u00eda Universal de los Derechos de los Ni\u00f1os (DUDI) con un <strong>acto central en la plaza de la Infancia, donde familias, ni\u00f1os y entidades se han reunido en una matinal llena de actividades l\u00fadicas, art\u00edsticas y de sensibilizaci\u00f3n<\/strong>. La jornada ha sido liderada por el Consejo de Ni\u00f1os y Adolescentes de la ciudad, espacio de participaci\u00f3n que coordinamos y dinamizamos desde PortaCabot, y que a lo largo de los \u00faltimos meses ha trabajado en diferentes proyectos para poner en el centro los derechos de los ni\u00f1os y ni\u00f1as y la importancia de la inclusi\u00f3n y la sensibilizaci\u00f3n.<\/span><\/p><p><span style=\"font-weight: 400;\">Las tres comisiones con las que cuenta el Consejo fueron las protagonistas de la jornada: <strong>la Comisi\u00f3n 1 present\u00f3 una obra de teatro centrada en la diversidad cultural<\/strong>, poniendo de relevo la riqueza de convivir en una ciudad plural y diversa; <strong>la Comisi\u00f3n 2 interpret\u00f3 una obra sobre la diversidad funcional<\/strong>, haciendo visibles las barreras que todav\u00eda existen y reivindicando la accesibilidad y la igualdad de oportunidades. Ambas obras de teatro contaron con int\u00e9rpretes en lengua de signos. Finalmente, <strong>la Comisi\u00f3n 3 dinamiz\u00f3 una carpa informativa sobre la violencia sexual contra menores<\/strong>, con materiales, actividades y mensajes pensados para sensibilizar y concienciar sobre esta realidad y la necesidad de prevenirla.  <\/span><\/p>\t\t\t\t\t\t\t\t<\/div>\n\t\t\t\t<\/div>\n\t\t\t\t\t<\/div>\n\t\t<\/div>\n\t\t\t\t\t<\/div>\n\t\t<\/section>\n\t\t\t\t<section class=\"elementor-section elementor-top-section elementor-element elementor-element-a3a0c5d elementor-section-boxed elementor-section-height-default elementor-section-height-default\" data-id=\"a3a0c5d\" data-element_type=\"section\" data-e-type=\"section\">\n\t\t\t\t\t\t<div class=\"elementor-container elementor-column-gap-default\">\n\t\t\t\t\t<div class=\"elementor-column elementor-col-50 elementor-top-column elementor-element elementor-element-6540d62\" data-id=\"6540d62\" data-element_type=\"column\" data-e-type=\"column\">\n\t\t\t<div class=\"elementor-widget-wrap elementor-element-populated\">\n\t\t\t\t\t\t<div class=\"elementor-element elementor-element-0721a97 elementor-widget elementor-widget-image\" data-id=\"0721a97\" data-element_type=\"widget\" data-e-type=\"widget\" data-widget_type=\"image.default\">\n\t\t\t\t<div class=\"elementor-widget-container\">\n\t\t\t\t\t\t\t\t\t\t\t\t\t\t\t<img fetchpriority=\"high\" decoding=\"async\" width=\"512\" height=\"384\" src=\"https:\/\/www.portacabot.com\/wp-content\/uploads\/2025\/11\/consell-infants-adolescents-sabadell.jpg\" class=\"attachment-large size-large wp-image-24727\" alt=\"consell-infants-adolescents-sabadell\" srcset=\"https:\/\/www.portacabot.com\/wp-content\/uploads\/2025\/11\/consell-infants-adolescents-sabadell.jpg 512w, https:\/\/www.portacabot.com\/wp-content\/uploads\/2025\/11\/consell-infants-adolescents-sabadell-300x225.jpg 300w\" sizes=\"(max-width: 512px) 100vw, 512px\" \/>\t\t\t\t\t\t\t\t\t\t\t\t\t\t\t<\/div>\n\t\t\t\t<\/div>\n\t\t\t\t\t<\/div>\n\t\t<\/div>\n\t\t\t\t<div class=\"elementor-column elementor-col-50 elementor-top-column elementor-element elementor-element-8c77509\" data-id=\"8c77509\" data-element_type=\"column\" data-e-type=\"column\">\n\t\t\t<div class=\"elementor-widget-wrap elementor-element-populated\">\n\t\t\t\t\t\t<div class=\"elementor-element elementor-element-c0d8629 elementor-widget elementor-widget-image\" data-id=\"c0d8629\" data-element_type=\"widget\" data-e-type=\"widget\" data-widget_type=\"image.default\">\n\t\t\t\t<div class=\"elementor-widget-container\">\n\t\t\t\t\t\t\t\t\t\t\t\t\t\t\t<img decoding=\"async\" width=\"512\" height=\"385\" src=\"https:\/\/www.portacabot.com\/wp-content\/uploads\/2025\/11\/consell-infants-adolescents-sabadell-1-1.jpg\" class=\"attachment-large size-large wp-image-24731\" alt=\"\" srcset=\"https:\/\/www.portacabot.com\/wp-content\/uploads\/2025\/11\/consell-infants-adolescents-sabadell-1-1.jpg 512w, https:\/\/www.portacabot.com\/wp-content\/uploads\/2025\/11\/consell-infants-adolescents-sabadell-1-1-300x226.jpg 300w\" sizes=\"(max-width: 512px) 100vw, 512px\" \/>\t\t\t\t\t\t\t\t\t\t\t\t\t\t\t<\/div>\n\t\t\t\t<\/div>\n\t\t\t\t\t<\/div>\n\t\t<\/div>\n\t\t\t\t\t<\/div>\n\t\t<\/section>\n\t\t\t\t<section class=\"elementor-section elementor-top-section elementor-element elementor-element-40a824b elementor-section-boxed elementor-section-height-default elementor-section-height-default\" data-id=\"40a824b\" data-element_type=\"section\" data-e-type=\"section\">\n\t\t\t\t\t\t<div class=\"elementor-container elementor-column-gap-default\">\n\t\t\t\t\t<div class=\"elementor-column elementor-col-100 elementor-top-column elementor-element elementor-element-30ff7bd\" data-id=\"30ff7bd\" data-element_type=\"column\" data-e-type=\"column\">\n\t\t\t<div class=\"elementor-widget-wrap elementor-element-populated\">\n\t\t\t\t\t\t<div class=\"elementor-element elementor-element-ce8ada4 elementor-widget elementor-widget-text-editor\" data-id=\"ce8ada4\" data-element_type=\"widget\" data-e-type=\"widget\" data-widget_type=\"text-editor.default\">\n\t\t\t\t<div class=\"elementor-widget-container\">\n\t\t\t\t\t\t\t\t\t<p><span style=\"font-weight: 400;\">Durante el acto <strong>tambi\u00e9n se ley\u00f3 el manifiesto en motivo del DUDI por parte de las personas miembros de la comisi\u00f3n coordinadora del Consejo de Ni\u00f1os y Adolescentes,<\/strong> que este a\u00f1o se centr\u00f3 en la diversidad y la inclusi\u00f3n. El texto denunciaba las situaciones de burla y discriminaci\u00f3n que todav\u00eda sufren muchos ni\u00f1os y adolescentes por motivos de identidad de g\u00e9nero, orientaci\u00f3n sexual o aspecto f\u00edsico, y subray\u00f3 el papel clave de la educaci\u00f3n para avanzar hacia una sociedad m\u00e1s respetuosa.  <\/span><\/p><p><span style=\"font-weight: 400;\">Adem\u00e1s de los proyectos e iniciativas impulsadas por el espacio de participaci\u00f3n infantil y adolescente, a lo largo de la ma\u00f1ana<strong> la plaza de la Infancia se llen\u00f3 de espacios l\u00fadicos y creativos<\/strong>, como un titellarium, camerinos de maquillaje, juegos gigantes y de arcade, talleres de manualidades para decorar el \u00e1rbol de Navidad, un espacio de lectura infantil, un hinchable, as\u00ed como de un taller abierto de gimnasia art\u00edstica y acrobacias a cargo del Sabadell Gimn\u00e1stico Club. La programaci\u00f3n se complet\u00f3 con el espect\u00e1culo de magia del Mago Koko y Kokito y la exhibici\u00f3n infantil de danza urbana y clase magistral de la Asociaci\u00f3n Deportiva de Can Manantial. <\/span><\/p><p><span style=\"font-weight: 400;\"><strong>La jornada finaliz\u00f3 con una picapica abierta a todas las persones asistentes<\/strong>, que cont\u00f3 con la colaboraci\u00f3n del supermercado Esclat. Con esta celebraci\u00f3n, el Ayuntamiento de Sabadell confirma su compromiso con el cumplimiento de la Convenci\u00f3n sobre los Derechos del Ni\u00f1o y con el impulso de la participaci\u00f3n activa de los ni\u00f1os y adolescentes en la construcci\u00f3n de una ciudad m\u00e1s justa, inclusiva y respetuosa con todos los ni\u00f1os y ni\u00f1as. <\/span><\/p><p><strong>Si quieres saber m\u00e1s sobre todos los servicios que ofrecemos en PortaCabot<\/strong>, haz clic en el siguiente bot\u00f3n.<\/p>\t\t\t\t\t\t\t\t<\/div>\n\t\t\t\t<\/div>\n\t\t\t\t<div class=\"elementor-element elementor-element-6216765 elementor-align-center elementor-widget elementor-widget-button\" data-id=\"6216765\" data-element_type=\"widget\" data-e-type=\"widget\" data-widget_type=\"button.default\">\n\t\t\t\t<div class=\"elementor-widget-container\">\n\t\t\t\t\t\t\t\t\t<div class=\"elementor-button-wrapper\">\n\t\t\t\t\t<a class=\"elementor-button elementor-button-link elementor-size-sm\" href=\"https:\/\/www.portacabot.com\/es\/\" target=\"_blank\">\n\t\t\t\t\t\t<span class=\"elementor-button-content-wrapper\">\n\t\t\t\t\t\t<span class=\"elementor-button-icon\">\n\t\t\t\t<i aria-hidden=\"true\" class=\"fas fa-mouse-pointer\"><\/i>\t\t\t<\/span>\n\t\t\t\t\t\t\t\t\t<span class=\"elementor-button-text\">+ INFO<\/span>\n\t\t\t\t\t<\/span>\n\t\t\t\t\t<\/a>\n\t\t\t\t<\/div>\n\t\t\t\t\t\t\t\t<\/div>\n\t\t\t\t<\/div>\n\t\t\t\t\t<\/div>\n\t\t<\/div>\n\t\t\t\t\t<\/div>\n\t\t<\/section>\n\t\t\t\t<\/div>\n\t\t","protected":false},"excerpt":{"rendered":"<p>Sabadell ha celebrado el pasado s\u00e1bado 22 de noviembre el D\u00eda Universal de los Derechos de los Ni\u00f1os (DUDI) con un acto central en la plaza de la Infancia, donde familias, ni\u00f1os y entidades se han reunido en una matinal llena de actividades l\u00fadicas, art\u00edsticas y de sensibilizaci\u00f3n. La jornada ha sido liderada por el [&hellip;]<\/p>\n","protected":false},"author":2,"featured_media":24742,"comment_status":"closed","ping_status":"closed","sticky":false,"template":"","format":"standard","meta":{"footnotes":""},"categories":[47],"tags":[],"class_list":["post-24744","post","type-post","status-publish","format-standard","has-post-thumbnail","hentry","category-ciclo-de-vida-infancia"],"yoast_head":"<!-- This site is optimized with the Yoast SEO plugin v27.5 - https:\/\/yoast.com\/product\/yoast-seo-wordpress\/ -->\n<title>El Consejo de Ni\u00f1os y Adolescentes de Sabadell lidera las actividades municipales conmemorativas del D\u00eda Universal de los Derechos de los Ni\u00f1os - Portacabot<\/title>\n<meta name=\"robots\" content=\"index, follow, max-snippet:-1, max-image-preview:large, max-video-preview:-1\" \/>\n<link rel=\"canonical\" href=\"https:\/\/www.portacabot.com\/es\/el-consejo-de-ninos-y-adolescentes-de-sabadell-lidera-las-actividades-municipales-conmemorativas-del-dia-universal-de-los-derechos-de-los-ninos\/\" \/>\n<meta property=\"og:locale\" content=\"es_ES\" \/>\n<meta property=\"og:type\" content=\"article\" \/>\n<meta property=\"og:title\" content=\"El Consejo de Ni\u00f1os y Adolescentes de Sabadell lidera las actividades municipales conmemorativas del D\u00eda Universal de los Derechos de los Ni\u00f1os - Portacabot\" \/>\n<meta property=\"og:description\" content=\"Sabadell ha celebrado el pasado s\u00e1bado 22 de noviembre el D\u00eda Universal de los Derechos de los Ni\u00f1os (DUDI) con un acto central en la plaza de la Infancia, donde familias, ni\u00f1os y entidades se han reunido en una matinal llena de actividades l\u00fadicas, art\u00edsticas y de sensibilizaci\u00f3n. La jornada ha sido liderada por el [&hellip;]\" \/>\n<meta property=\"og:url\" content=\"https:\/\/www.portacabot.com\/es\/el-consejo-de-ninos-y-adolescentes-de-sabadell-lidera-las-actividades-municipales-conmemorativas-del-dia-universal-de-los-derechos-de-los-ninos\/\" \/>\n<meta property=\"og:site_name\" content=\"Portacabot\" \/>\n<meta property=\"article:published_time\" content=\"2025-11-25T15:02:42+00:00\" \/>\n<meta property=\"article:modified_time\" content=\"2025-11-25T15:25:35+00:00\" \/>\n<meta property=\"og:image\" content=\"https:\/\/www.portacabot.com\/wp-content\/uploads\/2025\/11\/consell-infants-adolescents-sabadell-2.jpg\" \/>\n\t<meta property=\"og:image:width\" content=\"512\" \/>\n\t<meta property=\"og:image:height\" content=\"384\" \/>\n\t<meta property=\"og:image:type\" content=\"image\/jpeg\" \/>\n<meta name=\"author\" content=\"Mikel\" \/>\n<meta name=\"twitter:card\" content=\"summary_large_image\" \/>\n<meta name=\"twitter:label1\" content=\"Written by\" \/>\n\t<meta name=\"twitter:data1\" content=\"Mikel\" \/>\n\t<meta name=\"twitter:label2\" content=\"Est. reading time\" \/>\n\t<meta name=\"twitter:data2\" content=\"3 minutes\" \/>\n<script type=\"application\/ld+json\" class=\"yoast-schema-graph\">{\"@context\":\"https:\\\/\\\/schema.org\",\"@graph\":[{\"@type\":\"Article\",\"@id\":\"https:\\\/\\\/www.portacabot.com\\\/es\\\/el-consejo-de-ninos-y-adolescentes-de-sabadell-lidera-las-actividades-municipales-conmemorativas-del-dia-universal-de-los-derechos-de-los-ninos\\\/#article\",\"isPartOf\":{\"@id\":\"https:\\\/\\\/www.portacabot.com\\\/es\\\/el-consejo-de-ninos-y-adolescentes-de-sabadell-lidera-las-actividades-municipales-conmemorativas-del-dia-universal-de-los-derechos-de-los-ninos\\\/\"},\"author\":{\"name\":\"Mikel\",\"@id\":\"https:\\\/\\\/www.portacabot.com\\\/es\\\/#\\\/schema\\\/person\\\/36e04fe561674d83f69bd8bc3323c2a1\"},\"headline\":\"El Consejo de Ni\u00f1os y Adolescentes de Sabadell lidera las actividades municipales conmemorativas del D\u00eda Universal de los Derechos de los Ni\u00f1os\",\"datePublished\":\"2025-11-25T15:02:42+00:00\",\"dateModified\":\"2025-11-25T15:25:35+00:00\",\"mainEntityOfPage\":{\"@id\":\"https:\\\/\\\/www.portacabot.com\\\/es\\\/el-consejo-de-ninos-y-adolescentes-de-sabadell-lidera-las-actividades-municipales-conmemorativas-del-dia-universal-de-los-derechos-de-los-ninos\\\/\"},\"wordCount\":570,\"publisher\":{\"@id\":\"https:\\\/\\\/www.portacabot.com\\\/es\\\/#organization\"},\"image\":{\"@id\":\"https:\\\/\\\/www.portacabot.com\\\/es\\\/el-consejo-de-ninos-y-adolescentes-de-sabadell-lidera-las-actividades-municipales-conmemorativas-del-dia-universal-de-los-derechos-de-los-ninos\\\/#primaryimage\"},\"thumbnailUrl\":\"https:\\\/\\\/www.portacabot.com\\\/wp-content\\\/uploads\\\/2025\\\/11\\\/consell-infants-adolescents-sabadell-2.jpg\",\"articleSection\":[\"Ciclo de vida - Infancia\"],\"inLanguage\":\"ES\"},{\"@type\":\"WebPage\",\"@id\":\"https:\\\/\\\/www.portacabot.com\\\/es\\\/el-consejo-de-ninos-y-adolescentes-de-sabadell-lidera-las-actividades-municipales-conmemorativas-del-dia-universal-de-los-derechos-de-los-ninos\\\/\",\"url\":\"https:\\\/\\\/www.portacabot.com\\\/es\\\/el-consejo-de-ninos-y-adolescentes-de-sabadell-lidera-las-actividades-municipales-conmemorativas-del-dia-universal-de-los-derechos-de-los-ninos\\\/\",\"name\":\"El Consejo de Ni\u00f1os y Adolescentes de Sabadell lidera las actividades municipales conmemorativas del D\u00eda Universal de los Derechos de los Ni\u00f1os - Portacabot\",\"isPartOf\":{\"@id\":\"https:\\\/\\\/www.portacabot.com\\\/es\\\/#website\"},\"primaryImageOfPage\":{\"@id\":\"https:\\\/\\\/www.portacabot.com\\\/es\\\/el-consejo-de-ninos-y-adolescentes-de-sabadell-lidera-las-actividades-municipales-conmemorativas-del-dia-universal-de-los-derechos-de-los-ninos\\\/#primaryimage\"},\"image\":{\"@id\":\"https:\\\/\\\/www.portacabot.com\\\/es\\\/el-consejo-de-ninos-y-adolescentes-de-sabadell-lidera-las-actividades-municipales-conmemorativas-del-dia-universal-de-los-derechos-de-los-ninos\\\/#primaryimage\"},\"thumbnailUrl\":\"https:\\\/\\\/www.portacabot.com\\\/wp-content\\\/uploads\\\/2025\\\/11\\\/consell-infants-adolescents-sabadell-2.jpg\",\"datePublished\":\"2025-11-25T15:02:42+00:00\",\"dateModified\":\"2025-11-25T15:25:35+00:00\",\"breadcrumb\":{\"@id\":\"https:\\\/\\\/www.portacabot.com\\\/es\\\/el-consejo-de-ninos-y-adolescentes-de-sabadell-lidera-las-actividades-municipales-conmemorativas-del-dia-universal-de-los-derechos-de-los-ninos\\\/#breadcrumb\"},\"inLanguage\":\"ES\",\"potentialAction\":[{\"@type\":\"ReadAction\",\"target\":[\"https:\\\/\\\/www.portacabot.com\\\/es\\\/el-consejo-de-ninos-y-adolescentes-de-sabadell-lidera-las-actividades-municipales-conmemorativas-del-dia-universal-de-los-derechos-de-los-ninos\\\/\"]}]},{\"@type\":\"ImageObject\",\"inLanguage\":\"ES\",\"@id\":\"https:\\\/\\\/www.portacabot.com\\\/es\\\/el-consejo-de-ninos-y-adolescentes-de-sabadell-lidera-las-actividades-municipales-conmemorativas-del-dia-universal-de-los-derechos-de-los-ninos\\\/#primaryimage\",\"url\":\"https:\\\/\\\/www.portacabot.com\\\/wp-content\\\/uploads\\\/2025\\\/11\\\/consell-infants-adolescents-sabadell-2.jpg\",\"contentUrl\":\"https:\\\/\\\/www.portacabot.com\\\/wp-content\\\/uploads\\\/2025\\\/11\\\/consell-infants-adolescents-sabadell-2.jpg\",\"width\":512,\"height\":384,\"caption\":\"consell-infants-adolescents-sabadell\"},{\"@type\":\"BreadcrumbList\",\"@id\":\"https:\\\/\\\/www.portacabot.com\\\/es\\\/el-consejo-de-ninos-y-adolescentes-de-sabadell-lidera-las-actividades-municipales-conmemorativas-del-dia-universal-de-los-derechos-de-los-ninos\\\/#breadcrumb\",\"itemListElement\":[{\"@type\":\"ListItem\",\"position\":1,\"name\":\"Inici\",\"item\":\"https:\\\/\\\/www.portacabot.com\\\/es\\\/\"},{\"@type\":\"ListItem\",\"position\":2,\"name\":\"El Consejo de Ni\u00f1os y Adolescentes de Sabadell lidera las actividades municipales conmemorativas del D\u00eda Universal de los Derechos de los Ni\u00f1os\"}]},{\"@type\":\"WebSite\",\"@id\":\"https:\\\/\\\/www.portacabot.com\\\/es\\\/#website\",\"url\":\"https:\\\/\\\/www.portacabot.com\\\/es\\\/\",\"name\":\"Portacabot\",\"description\":\"Solucions a les necessitats de les administracions i al conjunt de la societat\",\"publisher\":{\"@id\":\"https:\\\/\\\/www.portacabot.com\\\/es\\\/#organization\"},\"potentialAction\":[{\"@type\":\"SearchAction\",\"target\":{\"@type\":\"EntryPoint\",\"urlTemplate\":\"https:\\\/\\\/www.portacabot.com\\\/es\\\/?s={search_term_string}\"},\"query-input\":{\"@type\":\"PropertyValueSpecification\",\"valueRequired\":true,\"valueName\":\"search_term_string\"}}],\"inLanguage\":\"ES\"},{\"@type\":\"Organization\",\"@id\":\"https:\\\/\\\/www.portacabot.com\\\/es\\\/#organization\",\"name\":\"Portacabot\",\"url\":\"https:\\\/\\\/www.portacabot.com\\\/es\\\/\",\"logo\":{\"@type\":\"ImageObject\",\"inLanguage\":\"ES\",\"@id\":\"https:\\\/\\\/www.portacabot.com\\\/es\\\/#\\\/schema\\\/logo\\\/image\\\/\",\"url\":\"https:\\\/\\\/www.portacabot.com\\\/wp-content\\\/uploads\\\/2022\\\/03\\\/cropped-logo_portacabot.png\",\"contentUrl\":\"https:\\\/\\\/www.portacabot.com\\\/wp-content\\\/uploads\\\/2022\\\/03\\\/cropped-logo_portacabot.png\",\"width\":300,\"height\":85,\"caption\":\"Portacabot\"},\"image\":{\"@id\":\"https:\\\/\\\/www.portacabot.com\\\/es\\\/#\\\/schema\\\/logo\\\/image\\\/\"}},{\"@type\":\"Person\",\"@id\":\"https:\\\/\\\/www.portacabot.com\\\/es\\\/#\\\/schema\\\/person\\\/36e04fe561674d83f69bd8bc3323c2a1\",\"name\":\"Mikel\",\"image\":{\"@type\":\"ImageObject\",\"inLanguage\":\"ES\",\"@id\":\"https:\\\/\\\/secure.gravatar.com\\\/avatar\\\/64b69effd3a9fab90df62ca309941b88d540d79f1c5e8183633f7a5a43d4e9a8?s=96&d=mm&r=g\",\"url\":\"https:\\\/\\\/secure.gravatar.com\\\/avatar\\\/64b69effd3a9fab90df62ca309941b88d540d79f1c5e8183633f7a5a43d4e9a8?s=96&d=mm&r=g\",\"contentUrl\":\"https:\\\/\\\/secure.gravatar.com\\\/avatar\\\/64b69effd3a9fab90df62ca309941b88d540d79f1c5e8183633f7a5a43d4e9a8?s=96&d=mm&r=g\",\"caption\":\"Mikel\"}}]}<\/script>\n<!-- \/ Yoast SEO plugin. -->","yoast_head_json":{"title":"El Consejo de Ni\u00f1os y Adolescentes de Sabadell lidera las actividades municipales conmemorativas del D\u00eda Universal de los Derechos de los Ni\u00f1os - Portacabot","robots":{"index":"index","follow":"follow","max-snippet":"max-snippet:-1","max-image-preview":"max-image-preview:large","max-video-preview":"max-video-preview:-1"},"canonical":"https:\/\/www.portacabot.com\/es\/el-consejo-de-ninos-y-adolescentes-de-sabadell-lidera-las-actividades-municipales-conmemorativas-del-dia-universal-de-los-derechos-de-los-ninos\/","og_locale":"es_ES","og_type":"article","og_title":"El Consejo de Ni\u00f1os y Adolescentes de Sabadell lidera las actividades municipales conmemorativas del D\u00eda Universal de los Derechos de los Ni\u00f1os - Portacabot","og_description":"Sabadell ha celebrado el pasado s\u00e1bado 22 de noviembre el D\u00eda Universal de los Derechos de los Ni\u00f1os (DUDI) con un acto central en la plaza de la Infancia, donde familias, ni\u00f1os y entidades se han reunido en una matinal llena de actividades l\u00fadicas, art\u00edsticas y de sensibilizaci\u00f3n. La jornada ha sido liderada por el [&hellip;]","og_url":"https:\/\/www.portacabot.com\/es\/el-consejo-de-ninos-y-adolescentes-de-sabadell-lidera-las-actividades-municipales-conmemorativas-del-dia-universal-de-los-derechos-de-los-ninos\/","og_site_name":"Portacabot","article_published_time":"2025-11-25T15:02:42+00:00","article_modified_time":"2025-11-25T15:25:35+00:00","og_image":[{"width":512,"height":384,"url":"https:\/\/www.portacabot.com\/wp-content\/uploads\/2025\/11\/consell-infants-adolescents-sabadell-2.jpg","type":"image\/jpeg"}],"author":"Mikel","twitter_card":"summary_large_image","twitter_misc":{"Written by":"Mikel","Est. reading time":"3 minutes"},"schema":{"@context":"https:\/\/schema.org","@graph":[{"@type":"Article","@id":"https:\/\/www.portacabot.com\/es\/el-consejo-de-ninos-y-adolescentes-de-sabadell-lidera-las-actividades-municipales-conmemorativas-del-dia-universal-de-los-derechos-de-los-ninos\/#article","isPartOf":{"@id":"https:\/\/www.portacabot.com\/es\/el-consejo-de-ninos-y-adolescentes-de-sabadell-lidera-las-actividades-municipales-conmemorativas-del-dia-universal-de-los-derechos-de-los-ninos\/"},"author":{"name":"Mikel","@id":"https:\/\/www.portacabot.com\/es\/#\/schema\/person\/36e04fe561674d83f69bd8bc3323c2a1"},"headline":"El Consejo de Ni\u00f1os y Adolescentes de Sabadell lidera las actividades municipales conmemorativas del D\u00eda Universal de los Derechos de los Ni\u00f1os","datePublished":"2025-11-25T15:02:42+00:00","dateModified":"2025-11-25T15:25:35+00:00","mainEntityOfPage":{"@id":"https:\/\/www.portacabot.com\/es\/el-consejo-de-ninos-y-adolescentes-de-sabadell-lidera-las-actividades-municipales-conmemorativas-del-dia-universal-de-los-derechos-de-los-ninos\/"},"wordCount":570,"publisher":{"@id":"https:\/\/www.portacabot.com\/es\/#organization"},"image":{"@id":"https:\/\/www.portacabot.com\/es\/el-consejo-de-ninos-y-adolescentes-de-sabadell-lidera-las-actividades-municipales-conmemorativas-del-dia-universal-de-los-derechos-de-los-ninos\/#primaryimage"},"thumbnailUrl":"https:\/\/www.portacabot.com\/wp-content\/uploads\/2025\/11\/consell-infants-adolescents-sabadell-2.jpg","articleSection":["Ciclo de vida - Infancia"],"inLanguage":"ES"},{"@type":"WebPage","@id":"https:\/\/www.portacabot.com\/es\/el-consejo-de-ninos-y-adolescentes-de-sabadell-lidera-las-actividades-municipales-conmemorativas-del-dia-universal-de-los-derechos-de-los-ninos\/","url":"https:\/\/www.portacabot.com\/es\/el-consejo-de-ninos-y-adolescentes-de-sabadell-lidera-las-actividades-municipales-conmemorativas-del-dia-universal-de-los-derechos-de-los-ninos\/","name":"El Consejo de Ni\u00f1os y Adolescentes de Sabadell lidera las actividades municipales conmemorativas del D\u00eda Universal de los Derechos de los Ni\u00f1os - Portacabot","isPartOf":{"@id":"https:\/\/www.portacabot.com\/es\/#website"},"primaryImageOfPage":{"@id":"https:\/\/www.portacabot.com\/es\/el-consejo-de-ninos-y-adolescentes-de-sabadell-lidera-las-actividades-municipales-conmemorativas-del-dia-universal-de-los-derechos-de-los-ninos\/#primaryimage"},"image":{"@id":"https:\/\/www.portacabot.com\/es\/el-consejo-de-ninos-y-adolescentes-de-sabadell-lidera-las-actividades-municipales-conmemorativas-del-dia-universal-de-los-derechos-de-los-ninos\/#primaryimage"},"thumbnailUrl":"https:\/\/www.portacabot.com\/wp-content\/uploads\/2025\/11\/consell-infants-adolescents-sabadell-2.jpg","datePublished":"2025-11-25T15:02:42+00:00","dateModified":"2025-11-25T15:25:35+00:00","breadcrumb":{"@id":"https:\/\/www.portacabot.com\/es\/el-consejo-de-ninos-y-adolescentes-de-sabadell-lidera-las-actividades-municipales-conmemorativas-del-dia-universal-de-los-derechos-de-los-ninos\/#breadcrumb"},"inLanguage":"ES","potentialAction":[{"@type":"ReadAction","target":["https:\/\/www.portacabot.com\/es\/el-consejo-de-ninos-y-adolescentes-de-sabadell-lidera-las-actividades-municipales-conmemorativas-del-dia-universal-de-los-derechos-de-los-ninos\/"]}]},{"@type":"ImageObject","inLanguage":"ES","@id":"https:\/\/www.portacabot.com\/es\/el-consejo-de-ninos-y-adolescentes-de-sabadell-lidera-las-actividades-municipales-conmemorativas-del-dia-universal-de-los-derechos-de-los-ninos\/#primaryimage","url":"https:\/\/www.portacabot.com\/wp-content\/uploads\/2025\/11\/consell-infants-adolescents-sabadell-2.jpg","contentUrl":"https:\/\/www.portacabot.com\/wp-content\/uploads\/2025\/11\/consell-infants-adolescents-sabadell-2.jpg","width":512,"height":384,"caption":"consell-infants-adolescents-sabadell"},{"@type":"BreadcrumbList","@id":"https:\/\/www.portacabot.com\/es\/el-consejo-de-ninos-y-adolescentes-de-sabadell-lidera-las-actividades-municipales-conmemorativas-del-dia-universal-de-los-derechos-de-los-ninos\/#breadcrumb","itemListElement":[{"@type":"ListItem","position":1,"name":"Inici","item":"https:\/\/www.portacabot.com\/es\/"},{"@type":"ListItem","position":2,"name":"El Consejo de Ni\u00f1os y Adolescentes de Sabadell lidera las actividades municipales conmemorativas del D\u00eda Universal de los Derechos de los Ni\u00f1os"}]},{"@type":"WebSite","@id":"https:\/\/www.portacabot.com\/es\/#website","url":"https:\/\/www.portacabot.com\/es\/","name":"Portacabot","description":"Solucions a les necessitats de les administracions i al conjunt de la societat","publisher":{"@id":"https:\/\/www.portacabot.com\/es\/#organization"},"potentialAction":[{"@type":"SearchAction","target":{"@type":"EntryPoint","urlTemplate":"https:\/\/www.portacabot.com\/es\/?s={search_term_string}"},"query-input":{"@type":"PropertyValueSpecification","valueRequired":true,"valueName":"search_term_string"}}],"inLanguage":"ES"},{"@type":"Organization","@id":"https:\/\/www.portacabot.com\/es\/#organization","name":"Portacabot","url":"https:\/\/www.portacabot.com\/es\/","logo":{"@type":"ImageObject","inLanguage":"ES","@id":"https:\/\/www.portacabot.com\/es\/#\/schema\/logo\/image\/","url":"https:\/\/www.portacabot.com\/wp-content\/uploads\/2022\/03\/cropped-logo_portacabot.png","contentUrl":"https:\/\/www.portacabot.com\/wp-content\/uploads\/2022\/03\/cropped-logo_portacabot.png","width":300,"height":85,"caption":"Portacabot"},"image":{"@id":"https:\/\/www.portacabot.com\/es\/#\/schema\/logo\/image\/"}},{"@type":"Person","@id":"https:\/\/www.portacabot.com\/es\/#\/schema\/person\/36e04fe561674d83f69bd8bc3323c2a1","name":"Mikel","image":{"@type":"ImageObject","inLanguage":"ES","@id":"https:\/\/secure.gravatar.com\/avatar\/64b69effd3a9fab90df62ca309941b88d540d79f1c5e8183633f7a5a43d4e9a8?s=96&d=mm&r=g","url":"https:\/\/secure.gravatar.com\/avatar\/64b69effd3a9fab90df62ca309941b88d540d79f1c5e8183633f7a5a43d4e9a8?s=96&d=mm&r=g","contentUrl":"https:\/\/secure.gravatar.com\/avatar\/64b69effd3a9fab90df62ca309941b88d540d79f1c5e8183633f7a5a43d4e9a8?s=96&d=mm&r=g","caption":"Mikel"}}]}},"_links":{"self":[{"href":"https:\/\/www.portacabot.com\/es\/wp-json\/wp\/v2\/posts\/24744","targetHints":{"allow":["GET"]}}],"collection":[{"href":"https:\/\/www.portacabot.com\/es\/wp-json\/wp\/v2\/posts"}],"about":[{"href":"https:\/\/www.portacabot.com\/es\/wp-json\/wp\/v2\/types\/post"}],"author":[{"embeddable":true,"href":"https:\/\/www.portacabot.com\/es\/wp-json\/wp\/v2\/users\/2"}],"replies":[{"embeddable":true,"href":"https:\/\/www.portacabot.com\/es\/wp-json\/wp\/v2\/comments?post=24744"}],"version-history":[{"count":1,"href":"https:\/\/www.portacabot.com\/es\/wp-json\/wp\/v2\/posts\/24744\/revisions"}],"predecessor-version":[{"id":24745,"href":"https:\/\/www.portacabot.com\/es\/wp-json\/wp\/v2\/posts\/24744\/revisions\/24745"}],"wp:featuredmedia":[{"embeddable":true,"href":"https:\/\/www.portacabot.com\/es\/wp-json\/wp\/v2\/media\/24742"}],"wp:attachment":[{"href":"https:\/\/www.portacabot.com\/es\/wp-json\/wp\/v2\/media?parent=24744"}],"wp:term":[{"taxonomy":"category","embeddable":true,"href":"https:\/\/www.portacabot.com\/es\/wp-json\/wp\/v2\/categories?post=24744"},{"taxonomy":"post_tag","embeddable":true,"href":"https:\/\/www.portacabot.com\/es\/wp-json\/wp\/v2\/tags?post=24744"}],"curies":[{"name":"wp","href":"https:\/\/api.w.org\/{rel}","templated":true}]}}