{"id":24596,"date":"2025-09-16T10:44:17","date_gmt":"2025-09-16T10:44:17","guid":{"rendered":"https:\/\/www.portacabot.com\/la-necesidad-de-planificacion-de-las-politicas-locales-de-vivienda\/"},"modified":"2025-11-05T09:39:45","modified_gmt":"2025-11-05T09:39:45","slug":"la-necesidad-de-planificacion-de-las-politicas-locales-de-vivienda","status":"publish","type":"post","link":"https:\/\/www.portacabot.com\/es\/la-necesidad-de-planificacion-de-las-politicas-locales-de-vivienda\/","title":{"rendered":"La necesidad de planificaci\u00f3n de las pol\u00edticas locales de vivienda"},"content":{"rendered":"\t\t<div data-elementor-type=\"wp-post\" data-elementor-id=\"24596\" class=\"elementor elementor-24596 elementor-24584\" wpc-filter-elementor-widget=\"1\" data-elementor-post-type=\"post\">\n\t\t\t\t\t\t<section class=\"elementor-section elementor-top-section elementor-element elementor-element-a35a299 elementor-section-boxed elementor-section-height-default elementor-section-height-default\" data-id=\"a35a299\" data-element_type=\"section\" data-e-type=\"section\">\n\t\t\t\t\t\t<div class=\"elementor-container elementor-column-gap-default\">\n\t\t\t\t\t<div class=\"elementor-column elementor-col-100 elementor-top-column elementor-element elementor-element-20781f3\" data-id=\"20781f3\" data-element_type=\"column\" data-e-type=\"column\">\n\t\t\t<div class=\"elementor-widget-wrap elementor-element-populated\">\n\t\t\t\t\t\t<div class=\"elementor-element elementor-element-a383404 elementor-widget elementor-widget-text-editor\" data-id=\"a383404\" data-element_type=\"widget\" data-e-type=\"widget\" data-widget_type=\"text-editor.default\">\n\t\t\t\t<div class=\"elementor-widget-container\">\n\t\t\t\t\t\t\t\t\t<p><span style=\"font-weight: 400;\"><strong>La Ley del Derecho a la vivienda establece el conjunto de actuaciones, derechos y obligaciones de los agentes p\u00fablicos, privados y sociales implicados en el sector de la vivienda y asigna competencias en esta materia.<\/strong> A la vez, define las pol\u00edticas de vivienda y los instrumentos de planificaci\u00f3n y programaci\u00f3n para aplicarlas.<\/span><\/p><p><span style=\"font-weight: 400;\">Unos de estos instrumentos de planificaci\u00f3n son el <strong>Plan Local de Vivienda (PLH)<\/strong> o el <strong>Programa de Actuaci\u00f3n Municipal de Vivienda<\/strong> (PAMH, indicado para municipios de menos de diez mil habitantes), que determinan las propuestas y los compromisos municipales en pol\u00edtica de vivienda.<\/span><\/p><p><span style=\"font-weight: 400;\">Ante el gran reto que representan dar respuesta a las necesidades presentes y futuras en vivienda, los municipios necesitan empezar ya a redactar estos planes. A ra\u00edz de la aprobaci\u00f3n el 2024 del Plan Territorial Sectorial de la Vivienda de Catalu\u00f1a, que establece para cada uno de los municipios objetivos concretos de viviendas destinadas a pol\u00edticas sociales, <strong>la urgencia para redactar estos planes es todav\u00eda m\u00e1s elevada.<\/strong><\/span><\/p><p><span style=\"font-weight: 400;\">PortaCabot tiene una larga experiencia en el \u00e1mbito de la vivienda y la reforma y sostenibilidad urbana, gracias a la redacci\u00f3n de m\u00e1s de treinta PLH y PAMH.<\/span><\/p><p><span style=\"font-weight: 400;\"><strong>La empresa dispone de todos los perfiles profesionales para dar una respuesta satisfactoria a las necesidades municipales:<\/strong> arquitectos y urbanistas, economistas, letrados urbanistas, analistas de datos, y especialistas en pol\u00edticas p\u00fablicas y en participaci\u00f3n.<\/span><\/p><p><span style=\"font-weight: 400;\">PLH y PAMH redactados por la empresa PortaCabot:<\/span><\/p><ul><li><span style=\"font-weight: 400;\">PLH Bordils<\/span><\/li><li><span style=\"font-weight: 400;\">PLH Celr\u00e0<\/span><\/li><li><span style=\"font-weight: 400;\">PLH El Masnou<\/span><\/li><li><span style=\"font-weight: 400;\">PLH Granollers<\/span><\/li><li><span style=\"font-weight: 400;\">PLH Igualada<\/span><\/li><li><span style=\"font-weight: 400;\">PLH Lli\u00e7\u00e0 d&#8217;Amunt<\/span><\/li><li><span style=\"font-weight: 400;\">PLH Premi\u00e0 de Mar<\/span><\/li><li><span style=\"font-weight: 400;\">PLH Ripollet<\/span><\/li><li><span style=\"font-weight: 400;\">PLH Riudoms<\/span><\/li><li><span style=\"font-weight: 400;\">PLH Sant Feliu de Feliu de Gu\u00edxols<\/span><\/li><li><span style=\"font-weight: 400;\">PLH Sant Joan de Vilatorrada<\/span><\/li><li><span style=\"font-weight: 400;\">PLH Sant Pere de Ribes<\/span><\/li><li><span style=\"font-weight: 400;\">PLH Sant Vicen\u00e7 dels Horts<\/span><\/li><li><span style=\"font-weight: 400;\">PLH Santa Maria de Palautordera<\/span><\/li><li><span style=\"font-weight: 400;\">PLH Sitges<\/span><\/li><\/ul><div> <\/div><ul><li><span style=\"font-weight: 400;\">PAMH Avi\u00e0<\/span><\/li><li><span style=\"font-weight: 400;\">PAMH Botarell<\/span><\/li><li><span style=\"font-weight: 400;\">PAMH Castelltall del Camp<\/span><\/li><li><span style=\"font-weight: 400;\">PAMH Cunit<\/span><\/li><li><span style=\"font-weight: 400;\">PAMH El Morell<\/span><\/li><li><span style=\"font-weight: 400;\">PAMH I&#8217;Albiol<\/span><\/li><li><span style=\"font-weight: 400;\">PAMH La R\u00e0pita<\/span><\/li><li><span style=\"font-weight: 400;\">PAMH Masquefa<\/span><\/li><li><span style=\"font-weight: 400;\">PAMH Moi\u00e0<\/span><\/li><li><span style=\"font-weight: 400;\">PAMH Montbri\u00f3 del Camp<\/span><\/li><li><span style=\"font-weight: 400;\">PAMH Roquetes<\/span><\/li><li><span style=\"font-weight: 400;\">PAMH Sant Climent de Llobregat<\/span><\/li><li><span style=\"font-weight: 400;\">PAMH Sant Jaume d&#8217;Enveja<\/span><\/li><li><span style=\"font-weight: 400;\">PAMH Torrelles de Llobregat<\/span><\/li><li><span style=\"font-weight: 400;\">PAMH Vilanova d&#8217;Escornalbou<\/span><\/li><li><span style=\"font-weight: 400;\">PAMH Vinebre<\/span><\/li><\/ul><p> <\/p><p><strong>Si quieres saber m\u00e1s sobre todo lo que llevamos a cabo en PortaCabot<\/strong>, haz clic en el siguiente bot\u00f3n.<\/p>\t\t\t\t\t\t\t\t<\/div>\n\t\t\t\t<\/div>\n\t\t\t\t<div class=\"elementor-element elementor-element-4eed359 elementor-align-center elementor-widget elementor-widget-button\" data-id=\"4eed359\" data-element_type=\"widget\" data-e-type=\"widget\" data-widget_type=\"button.default\">\n\t\t\t\t<div class=\"elementor-widget-container\">\n\t\t\t\t\t\t\t\t\t<div class=\"elementor-button-wrapper\">\n\t\t\t\t\t<a class=\"elementor-button elementor-button-link elementor-size-sm\" href=\"https:\/\/www.portacabot.com\/es\/\" target=\"_blank\">\n\t\t\t\t\t\t<span class=\"elementor-button-content-wrapper\">\n\t\t\t\t\t\t<span class=\"elementor-button-icon\">\n\t\t\t\t<i aria-hidden=\"true\" class=\"fas fa-mouse-pointer\"><\/i>\t\t\t<\/span>\n\t\t\t\t\t\t\t\t\t<span class=\"elementor-button-text\">+ INFO<\/span>\n\t\t\t\t\t<\/span>\n\t\t\t\t\t<\/a>\n\t\t\t\t<\/div>\n\t\t\t\t\t\t\t\t<\/div>\n\t\t\t\t<\/div>\n\t\t\t\t\t<\/div>\n\t\t<\/div>\n\t\t\t\t\t<\/div>\n\t\t<\/section>\n\t\t\t\t<\/div>\n\t\t","protected":false},"excerpt":{"rendered":"<p>La Ley del Derecho a la vivienda establece el conjunto de actuaciones, derechos y obligaciones de los agentes p\u00fablicos, privados y sociales implicados en el sector de la vivienda y asigna competencias en esta materia. A la vez, define las pol\u00edticas de vivienda y los instrumentos de planificaci\u00f3n y programaci\u00f3n para aplicarlas. Unos de estos [&hellip;]<\/p>\n","protected":false},"author":2,"featured_media":24594,"comment_status":"closed","ping_status":"closed","sticky":false,"template":"","format":"standard","meta":{"footnotes":""},"categories":[41],"tags":[],"class_list":["post-24596","post","type-post","status-publish","format-standard","has-post-thumbnail","hentry","category-planificacion-estrategica"],"yoast_head":"<!-- This site is optimized with the Yoast SEO plugin v27.5 - https:\/\/yoast.com\/product\/yoast-seo-wordpress\/ -->\n<title>La necesidad de planificaci\u00f3n de las pol\u00edticas locales de vivienda - Portacabot<\/title>\n<meta name=\"robots\" content=\"index, follow, max-snippet:-1, max-image-preview:large, max-video-preview:-1\" \/>\n<link rel=\"canonical\" href=\"https:\/\/www.portacabot.com\/es\/la-necesidad-de-planificacion-de-las-politicas-locales-de-vivienda\/\" \/>\n<meta property=\"og:locale\" content=\"es_ES\" \/>\n<meta property=\"og:type\" content=\"article\" \/>\n<meta property=\"og:title\" content=\"La necesidad de planificaci\u00f3n de las pol\u00edticas locales de vivienda - Portacabot\" \/>\n<meta property=\"og:description\" content=\"La Ley del Derecho a la vivienda establece el conjunto de actuaciones, derechos y obligaciones de los agentes p\u00fablicos, privados y sociales implicados en el sector de la vivienda y asigna competencias en esta materia. A la vez, define las pol\u00edticas de vivienda y los instrumentos de planificaci\u00f3n y programaci\u00f3n para aplicarlas. Unos de estos [&hellip;]\" \/>\n<meta property=\"og:url\" content=\"https:\/\/www.portacabot.com\/es\/la-necesidad-de-planificacion-de-las-politicas-locales-de-vivienda\/\" \/>\n<meta property=\"og:site_name\" content=\"Portacabot\" \/>\n<meta property=\"article:published_time\" content=\"2025-09-16T10:44:17+00:00\" \/>\n<meta property=\"article:modified_time\" content=\"2025-11-05T09:39:45+00:00\" \/>\n<meta property=\"og:image\" content=\"https:\/\/www.portacabot.com\/wp-content\/uploads\/2025\/09\/planificacio-politiques-locals-habitatge.jpg\" \/>\n\t<meta property=\"og:image:width\" content=\"1200\" \/>\n\t<meta property=\"og:image:height\" content=\"800\" \/>\n\t<meta property=\"og:image:type\" content=\"image\/jpeg\" \/>\n<meta name=\"author\" content=\"Mikel\" \/>\n<meta name=\"twitter:card\" content=\"summary_large_image\" \/>\n<meta name=\"twitter:label1\" content=\"Written by\" \/>\n\t<meta name=\"twitter:data1\" content=\"Mikel\" \/>\n\t<meta name=\"twitter:label2\" content=\"Est. reading time\" \/>\n\t<meta name=\"twitter:data2\" content=\"2 minutes\" \/>\n<script type=\"application\/ld+json\" class=\"yoast-schema-graph\">{\"@context\":\"https:\\\/\\\/schema.org\",\"@graph\":[{\"@type\":\"Article\",\"@id\":\"https:\\\/\\\/www.portacabot.com\\\/es\\\/la-necesidad-de-planificacion-de-las-politicas-locales-de-vivienda\\\/#article\",\"isPartOf\":{\"@id\":\"https:\\\/\\\/www.portacabot.com\\\/es\\\/la-necesidad-de-planificacion-de-las-politicas-locales-de-vivienda\\\/\"},\"author\":{\"name\":\"Mikel\",\"@id\":\"https:\\\/\\\/www.portacabot.com\\\/es\\\/#\\\/schema\\\/person\\\/36e04fe561674d83f69bd8bc3323c2a1\"},\"headline\":\"La necesidad de planificaci\u00f3n de las pol\u00edticas locales de vivienda\",\"datePublished\":\"2025-09-16T10:44:17+00:00\",\"dateModified\":\"2025-11-05T09:39:45+00:00\",\"mainEntityOfPage\":{\"@id\":\"https:\\\/\\\/www.portacabot.com\\\/es\\\/la-necesidad-de-planificacion-de-las-politicas-locales-de-vivienda\\\/\"},\"wordCount\":386,\"publisher\":{\"@id\":\"https:\\\/\\\/www.portacabot.com\\\/es\\\/#organization\"},\"image\":{\"@id\":\"https:\\\/\\\/www.portacabot.com\\\/es\\\/la-necesidad-de-planificacion-de-las-politicas-locales-de-vivienda\\\/#primaryimage\"},\"thumbnailUrl\":\"https:\\\/\\\/www.portacabot.com\\\/wp-content\\\/uploads\\\/2025\\\/09\\\/planificacio-politiques-locals-habitatge.jpg\",\"articleSection\":[\"Planificaci\u00f3n estrat\u00e9gica\"],\"inLanguage\":\"ES\"},{\"@type\":\"WebPage\",\"@id\":\"https:\\\/\\\/www.portacabot.com\\\/es\\\/la-necesidad-de-planificacion-de-las-politicas-locales-de-vivienda\\\/\",\"url\":\"https:\\\/\\\/www.portacabot.com\\\/es\\\/la-necesidad-de-planificacion-de-las-politicas-locales-de-vivienda\\\/\",\"name\":\"La necesidad de planificaci\u00f3n de las pol\u00edticas locales de vivienda - Portacabot\",\"isPartOf\":{\"@id\":\"https:\\\/\\\/www.portacabot.com\\\/es\\\/#website\"},\"primaryImageOfPage\":{\"@id\":\"https:\\\/\\\/www.portacabot.com\\\/es\\\/la-necesidad-de-planificacion-de-las-politicas-locales-de-vivienda\\\/#primaryimage\"},\"image\":{\"@id\":\"https:\\\/\\\/www.portacabot.com\\\/es\\\/la-necesidad-de-planificacion-de-las-politicas-locales-de-vivienda\\\/#primaryimage\"},\"thumbnailUrl\":\"https:\\\/\\\/www.portacabot.com\\\/wp-content\\\/uploads\\\/2025\\\/09\\\/planificacio-politiques-locals-habitatge.jpg\",\"datePublished\":\"2025-09-16T10:44:17+00:00\",\"dateModified\":\"2025-11-05T09:39:45+00:00\",\"breadcrumb\":{\"@id\":\"https:\\\/\\\/www.portacabot.com\\\/es\\\/la-necesidad-de-planificacion-de-las-politicas-locales-de-vivienda\\\/#breadcrumb\"},\"inLanguage\":\"ES\",\"potentialAction\":[{\"@type\":\"ReadAction\",\"target\":[\"https:\\\/\\\/www.portacabot.com\\\/es\\\/la-necesidad-de-planificacion-de-las-politicas-locales-de-vivienda\\\/\"]}]},{\"@type\":\"ImageObject\",\"inLanguage\":\"ES\",\"@id\":\"https:\\\/\\\/www.portacabot.com\\\/es\\\/la-necesidad-de-planificacion-de-las-politicas-locales-de-vivienda\\\/#primaryimage\",\"url\":\"https:\\\/\\\/www.portacabot.com\\\/wp-content\\\/uploads\\\/2025\\\/09\\\/planificacio-politiques-locals-habitatge.jpg\",\"contentUrl\":\"https:\\\/\\\/www.portacabot.com\\\/wp-content\\\/uploads\\\/2025\\\/09\\\/planificacio-politiques-locals-habitatge.jpg\",\"width\":1200,\"height\":800,\"caption\":\"planificacio-politiques-locals-habitatge\"},{\"@type\":\"BreadcrumbList\",\"@id\":\"https:\\\/\\\/www.portacabot.com\\\/es\\\/la-necesidad-de-planificacion-de-las-politicas-locales-de-vivienda\\\/#breadcrumb\",\"itemListElement\":[{\"@type\":\"ListItem\",\"position\":1,\"name\":\"Inici\",\"item\":\"https:\\\/\\\/www.portacabot.com\\\/es\\\/\"},{\"@type\":\"ListItem\",\"position\":2,\"name\":\"La necesidad de planificaci\u00f3n de las pol\u00edticas locales de vivienda\"}]},{\"@type\":\"WebSite\",\"@id\":\"https:\\\/\\\/www.portacabot.com\\\/es\\\/#website\",\"url\":\"https:\\\/\\\/www.portacabot.com\\\/es\\\/\",\"name\":\"Portacabot\",\"description\":\"Solucions a les necessitats de les administracions i al conjunt de la societat\",\"publisher\":{\"@id\":\"https:\\\/\\\/www.portacabot.com\\\/es\\\/#organization\"},\"potentialAction\":[{\"@type\":\"SearchAction\",\"target\":{\"@type\":\"EntryPoint\",\"urlTemplate\":\"https:\\\/\\\/www.portacabot.com\\\/es\\\/?s={search_term_string}\"},\"query-input\":{\"@type\":\"PropertyValueSpecification\",\"valueRequired\":true,\"valueName\":\"search_term_string\"}}],\"inLanguage\":\"ES\"},{\"@type\":\"Organization\",\"@id\":\"https:\\\/\\\/www.portacabot.com\\\/es\\\/#organization\",\"name\":\"Portacabot\",\"url\":\"https:\\\/\\\/www.portacabot.com\\\/es\\\/\",\"logo\":{\"@type\":\"ImageObject\",\"inLanguage\":\"ES\",\"@id\":\"https:\\\/\\\/www.portacabot.com\\\/es\\\/#\\\/schema\\\/logo\\\/image\\\/\",\"url\":\"https:\\\/\\\/www.portacabot.com\\\/wp-content\\\/uploads\\\/2022\\\/03\\\/cropped-logo_portacabot.png\",\"contentUrl\":\"https:\\\/\\\/www.portacabot.com\\\/wp-content\\\/uploads\\\/2022\\\/03\\\/cropped-logo_portacabot.png\",\"width\":300,\"height\":85,\"caption\":\"Portacabot\"},\"image\":{\"@id\":\"https:\\\/\\\/www.portacabot.com\\\/es\\\/#\\\/schema\\\/logo\\\/image\\\/\"}},{\"@type\":\"Person\",\"@id\":\"https:\\\/\\\/www.portacabot.com\\\/es\\\/#\\\/schema\\\/person\\\/36e04fe561674d83f69bd8bc3323c2a1\",\"name\":\"Mikel\",\"image\":{\"@type\":\"ImageObject\",\"inLanguage\":\"ES\",\"@id\":\"https:\\\/\\\/secure.gravatar.com\\\/avatar\\\/64b69effd3a9fab90df62ca309941b88d540d79f1c5e8183633f7a5a43d4e9a8?s=96&d=mm&r=g\",\"url\":\"https:\\\/\\\/secure.gravatar.com\\\/avatar\\\/64b69effd3a9fab90df62ca309941b88d540d79f1c5e8183633f7a5a43d4e9a8?s=96&d=mm&r=g\",\"contentUrl\":\"https:\\\/\\\/secure.gravatar.com\\\/avatar\\\/64b69effd3a9fab90df62ca309941b88d540d79f1c5e8183633f7a5a43d4e9a8?s=96&d=mm&r=g\",\"caption\":\"Mikel\"}}]}<\/script>\n<!-- \/ Yoast SEO plugin. -->","yoast_head_json":{"title":"La necesidad de planificaci\u00f3n de las pol\u00edticas locales de vivienda - Portacabot","robots":{"index":"index","follow":"follow","max-snippet":"max-snippet:-1","max-image-preview":"max-image-preview:large","max-video-preview":"max-video-preview:-1"},"canonical":"https:\/\/www.portacabot.com\/es\/la-necesidad-de-planificacion-de-las-politicas-locales-de-vivienda\/","og_locale":"es_ES","og_type":"article","og_title":"La necesidad de planificaci\u00f3n de las pol\u00edticas locales de vivienda - Portacabot","og_description":"La Ley del Derecho a la vivienda establece el conjunto de actuaciones, derechos y obligaciones de los agentes p\u00fablicos, privados y sociales implicados en el sector de la vivienda y asigna competencias en esta materia. A la vez, define las pol\u00edticas de vivienda y los instrumentos de planificaci\u00f3n y programaci\u00f3n para aplicarlas. Unos de estos [&hellip;]","og_url":"https:\/\/www.portacabot.com\/es\/la-necesidad-de-planificacion-de-las-politicas-locales-de-vivienda\/","og_site_name":"Portacabot","article_published_time":"2025-09-16T10:44:17+00:00","article_modified_time":"2025-11-05T09:39:45+00:00","og_image":[{"width":1200,"height":800,"url":"https:\/\/www.portacabot.com\/wp-content\/uploads\/2025\/09\/planificacio-politiques-locals-habitatge.jpg","type":"image\/jpeg"}],"author":"Mikel","twitter_card":"summary_large_image","twitter_misc":{"Written by":"Mikel","Est. reading time":"2 minutes"},"schema":{"@context":"https:\/\/schema.org","@graph":[{"@type":"Article","@id":"https:\/\/www.portacabot.com\/es\/la-necesidad-de-planificacion-de-las-politicas-locales-de-vivienda\/#article","isPartOf":{"@id":"https:\/\/www.portacabot.com\/es\/la-necesidad-de-planificacion-de-las-politicas-locales-de-vivienda\/"},"author":{"name":"Mikel","@id":"https:\/\/www.portacabot.com\/es\/#\/schema\/person\/36e04fe561674d83f69bd8bc3323c2a1"},"headline":"La necesidad de planificaci\u00f3n de las pol\u00edticas locales de vivienda","datePublished":"2025-09-16T10:44:17+00:00","dateModified":"2025-11-05T09:39:45+00:00","mainEntityOfPage":{"@id":"https:\/\/www.portacabot.com\/es\/la-necesidad-de-planificacion-de-las-politicas-locales-de-vivienda\/"},"wordCount":386,"publisher":{"@id":"https:\/\/www.portacabot.com\/es\/#organization"},"image":{"@id":"https:\/\/www.portacabot.com\/es\/la-necesidad-de-planificacion-de-las-politicas-locales-de-vivienda\/#primaryimage"},"thumbnailUrl":"https:\/\/www.portacabot.com\/wp-content\/uploads\/2025\/09\/planificacio-politiques-locals-habitatge.jpg","articleSection":["Planificaci\u00f3n estrat\u00e9gica"],"inLanguage":"ES"},{"@type":"WebPage","@id":"https:\/\/www.portacabot.com\/es\/la-necesidad-de-planificacion-de-las-politicas-locales-de-vivienda\/","url":"https:\/\/www.portacabot.com\/es\/la-necesidad-de-planificacion-de-las-politicas-locales-de-vivienda\/","name":"La necesidad de planificaci\u00f3n de las pol\u00edticas locales de vivienda - Portacabot","isPartOf":{"@id":"https:\/\/www.portacabot.com\/es\/#website"},"primaryImageOfPage":{"@id":"https:\/\/www.portacabot.com\/es\/la-necesidad-de-planificacion-de-las-politicas-locales-de-vivienda\/#primaryimage"},"image":{"@id":"https:\/\/www.portacabot.com\/es\/la-necesidad-de-planificacion-de-las-politicas-locales-de-vivienda\/#primaryimage"},"thumbnailUrl":"https:\/\/www.portacabot.com\/wp-content\/uploads\/2025\/09\/planificacio-politiques-locals-habitatge.jpg","datePublished":"2025-09-16T10:44:17+00:00","dateModified":"2025-11-05T09:39:45+00:00","breadcrumb":{"@id":"https:\/\/www.portacabot.com\/es\/la-necesidad-de-planificacion-de-las-politicas-locales-de-vivienda\/#breadcrumb"},"inLanguage":"ES","potentialAction":[{"@type":"ReadAction","target":["https:\/\/www.portacabot.com\/es\/la-necesidad-de-planificacion-de-las-politicas-locales-de-vivienda\/"]}]},{"@type":"ImageObject","inLanguage":"ES","@id":"https:\/\/www.portacabot.com\/es\/la-necesidad-de-planificacion-de-las-politicas-locales-de-vivienda\/#primaryimage","url":"https:\/\/www.portacabot.com\/wp-content\/uploads\/2025\/09\/planificacio-politiques-locals-habitatge.jpg","contentUrl":"https:\/\/www.portacabot.com\/wp-content\/uploads\/2025\/09\/planificacio-politiques-locals-habitatge.jpg","width":1200,"height":800,"caption":"planificacio-politiques-locals-habitatge"},{"@type":"BreadcrumbList","@id":"https:\/\/www.portacabot.com\/es\/la-necesidad-de-planificacion-de-las-politicas-locales-de-vivienda\/#breadcrumb","itemListElement":[{"@type":"ListItem","position":1,"name":"Inici","item":"https:\/\/www.portacabot.com\/es\/"},{"@type":"ListItem","position":2,"name":"La necesidad de planificaci\u00f3n de las pol\u00edticas locales de vivienda"}]},{"@type":"WebSite","@id":"https:\/\/www.portacabot.com\/es\/#website","url":"https:\/\/www.portacabot.com\/es\/","name":"Portacabot","description":"Solucions a les necessitats de les administracions i al conjunt de la societat","publisher":{"@id":"https:\/\/www.portacabot.com\/es\/#organization"},"potentialAction":[{"@type":"SearchAction","target":{"@type":"EntryPoint","urlTemplate":"https:\/\/www.portacabot.com\/es\/?s={search_term_string}"},"query-input":{"@type":"PropertyValueSpecification","valueRequired":true,"valueName":"search_term_string"}}],"inLanguage":"ES"},{"@type":"Organization","@id":"https:\/\/www.portacabot.com\/es\/#organization","name":"Portacabot","url":"https:\/\/www.portacabot.com\/es\/","logo":{"@type":"ImageObject","inLanguage":"ES","@id":"https:\/\/www.portacabot.com\/es\/#\/schema\/logo\/image\/","url":"https:\/\/www.portacabot.com\/wp-content\/uploads\/2022\/03\/cropped-logo_portacabot.png","contentUrl":"https:\/\/www.portacabot.com\/wp-content\/uploads\/2022\/03\/cropped-logo_portacabot.png","width":300,"height":85,"caption":"Portacabot"},"image":{"@id":"https:\/\/www.portacabot.com\/es\/#\/schema\/logo\/image\/"}},{"@type":"Person","@id":"https:\/\/www.portacabot.com\/es\/#\/schema\/person\/36e04fe561674d83f69bd8bc3323c2a1","name":"Mikel","image":{"@type":"ImageObject","inLanguage":"ES","@id":"https:\/\/secure.gravatar.com\/avatar\/64b69effd3a9fab90df62ca309941b88d540d79f1c5e8183633f7a5a43d4e9a8?s=96&d=mm&r=g","url":"https:\/\/secure.gravatar.com\/avatar\/64b69effd3a9fab90df62ca309941b88d540d79f1c5e8183633f7a5a43d4e9a8?s=96&d=mm&r=g","contentUrl":"https:\/\/secure.gravatar.com\/avatar\/64b69effd3a9fab90df62ca309941b88d540d79f1c5e8183633f7a5a43d4e9a8?s=96&d=mm&r=g","caption":"Mikel"}}]}},"_links":{"self":[{"href":"https:\/\/www.portacabot.com\/es\/wp-json\/wp\/v2\/posts\/24596","targetHints":{"allow":["GET"]}}],"collection":[{"href":"https:\/\/www.portacabot.com\/es\/wp-json\/wp\/v2\/posts"}],"about":[{"href":"https:\/\/www.portacabot.com\/es\/wp-json\/wp\/v2\/types\/post"}],"author":[{"embeddable":true,"href":"https:\/\/www.portacabot.com\/es\/wp-json\/wp\/v2\/users\/2"}],"replies":[{"embeddable":true,"href":"https:\/\/www.portacabot.com\/es\/wp-json\/wp\/v2\/comments?post=24596"}],"version-history":[{"count":1,"href":"https:\/\/www.portacabot.com\/es\/wp-json\/wp\/v2\/posts\/24596\/revisions"}],"predecessor-version":[{"id":24597,"href":"https:\/\/www.portacabot.com\/es\/wp-json\/wp\/v2\/posts\/24596\/revisions\/24597"}],"wp:featuredmedia":[{"embeddable":true,"href":"https:\/\/www.portacabot.com\/es\/wp-json\/wp\/v2\/media\/24594"}],"wp:attachment":[{"href":"https:\/\/www.portacabot.com\/es\/wp-json\/wp\/v2\/media?parent=24596"}],"wp:term":[{"taxonomy":"category","embeddable":true,"href":"https:\/\/www.portacabot.com\/es\/wp-json\/wp\/v2\/categories?post=24596"},{"taxonomy":"post_tag","embeddable":true,"href":"https:\/\/www.portacabot.com\/es\/wp-json\/wp\/v2\/tags?post=24596"}],"curies":[{"name":"wp","href":"https:\/\/api.w.org\/{rel}","templated":true}]}}