{"id":24581,"date":"2025-09-05T09:24:07","date_gmt":"2025-09-05T09:24:07","guid":{"rendered":"https:\/\/www.portacabot.com\/la-generalitat-publica-las-bases-y-la-convocatoria-de-las-subvenciones-de-la-ley-de-barrios\/"},"modified":"2025-09-05T09:45:40","modified_gmt":"2025-09-05T09:45:40","slug":"la-generalitat-publica-las-bases-y-la-convocatoria-de-las-subvenciones-de-la-ley-de-barrios","status":"publish","type":"post","link":"https:\/\/www.portacabot.com\/es\/la-generalitat-publica-las-bases-y-la-convocatoria-de-las-subvenciones-de-la-ley-de-barrios\/","title":{"rendered":"La Generalitat publica las bases y la convocatoria de las subvenciones de la Ley de Barrios"},"content":{"rendered":"\t\t<div data-elementor-type=\"wp-post\" data-elementor-id=\"24581\" class=\"elementor elementor-24581 elementor-24569\" wpc-filter-elementor-widget=\"1\" data-elementor-post-type=\"post\">\n\t\t\t\t\t\t<section class=\"elementor-section elementor-top-section elementor-element elementor-element-24990df elementor-section-boxed elementor-section-height-default elementor-section-height-default\" data-id=\"24990df\" data-element_type=\"section\" data-e-type=\"section\">\n\t\t\t\t\t\t<div class=\"elementor-container elementor-column-gap-default\">\n\t\t\t\t\t<div class=\"elementor-column elementor-col-100 elementor-top-column elementor-element elementor-element-ba5bc6e\" data-id=\"ba5bc6e\" data-element_type=\"column\" data-e-type=\"column\">\n\t\t\t<div class=\"elementor-widget-wrap elementor-element-populated\">\n\t\t\t\t\t\t<div class=\"elementor-element elementor-element-a52b0b2 elementor-widget elementor-widget-text-editor\" data-id=\"a52b0b2\" data-element_type=\"widget\" data-e-type=\"widget\" data-widget_type=\"text-editor.default\">\n\t\t\t\t<div class=\"elementor-widget-container\">\n\t\t\t\t\t\t\t\t\t<p><span style=\"font-weight: 400;\">La Generalitat ha abierto una<\/span><b> nueva l\u00ednea de ayudas en los municipios<\/b><span style=\"font-weight: 400;\"> para combatir la segregaci\u00f3n urbana, reducir las desigualdades sociales y paliar los efectos de la crisis clim\u00e1tica sobre la poblaci\u00f3n. Se destinar\u00e1n en los barrios, las villas y las \u00e1reas urbanas que, por sus caracter\u00edsticas sociales, econ\u00f3micas y ambientales, se identifican como \u00e1reas de atenci\u00f3n especial, para mejorar sus condiciones de vida. <\/span><\/p><p><span style=\"font-weight: 400;\">El plazo de presentaci\u00f3n de las <\/span><b>solicitudes se inicia el 15 de septiembre y finaliza el 15 de octubre de 2025.<\/b><\/p><p><span style=\"font-weight: 400;\">Los <\/span><b>destinatarios <\/b><span style=\"font-weight: 400;\">son:<\/span><\/p><ul><li style=\"font-weight: 400;\" aria-level=\"1\"><span style=\"font-weight: 400;\">Municipios, individualmente o junto con otros, en el t\u00e9rmino o el \u00e1mbito de actuaci\u00f3n de los cuales se emplazan los barrios, villas o \u00e1reas urbanas que cumplan la condici\u00f3n de \u00e1rea de atenci\u00f3n especial.<\/span><\/li><li style=\"font-weight: 400;\" aria-level=\"1\"><span style=\"font-weight: 400;\">Entidades municipales descentralizadas que cumplan ciertos requisitos y mediante los municipios.<\/span><\/li><\/ul><div> <\/div><p><b>El importe de la subvenci\u00f3n<\/b> <span style=\"font-weight: 400;\">estar\u00e1 comprendido entre el 50% y el 75% del presupuesto global del Programa memoria de intervenci\u00f3n integral y, excepcionalmente, puede llegar al 90%.<\/span><\/p><p><span style=\"font-weight: 400;\">Los importes son:<\/span><\/p><ul><li style=\"font-weight: 400;\" aria-level=\"1\"><span style=\"font-weight: 400;\">Para municipios de 20.000 o m\u00e1s habitantes: de 6 a 25 millones de euros.<\/span><\/li><li style=\"font-weight: 400;\" aria-level=\"1\"><span style=\"font-weight: 400;\">Para municipios de menos de 20.000 habitantes: de 3 a 12,5 millones de euros.<\/span><\/li><\/ul><div> <\/div><p><span style=\"font-weight: 400;\">Los ayuntamientos que quieran acceder a las subvenciones tienen que presentar un<\/span> <b>Programa memoria de intervenci\u00f3n integral<\/b><span style=\"font-weight: 400;\">, dentro del cual se incluyen actuaciones en cada uno de los \u00e1mbitos siguientes:<\/span><\/p><ul><li style=\"font-weight: 400;\" aria-level=\"1\"><span style=\"font-weight: 400;\">Transformaciones f\u00edsicas: urbanismo, vivienda y eficiencia energ\u00e9tica.<\/span><\/li><li style=\"font-weight: 400;\" aria-level=\"1\"><span style=\"font-weight: 400;\">Transici\u00f3n ecol\u00f3gica: emergencia clim\u00e1tica, infraestructura verde y econom\u00eda circular.<\/span><\/li><li style=\"font-weight: 400;\" aria-level=\"1\"><span style=\"font-weight: 400;\">Acci\u00f3n sociocomunitaria: reducci\u00f3n de las desigualdades, equidad de g\u00e9nero, salud, educaci\u00f3n y econom\u00eda.<\/span><\/li><\/ul><div> <\/div><p><b>Un requisito imprescindible para poder solicitar la subvenci\u00f3n ser\u00e1 que el \u00e1rea de atenci\u00f3n especial tenga una renta per c\u00e1pita inferior a la media<\/b><span style=\"font-weight: 400;\">. Este dato, disponible a escala de secci\u00f3n censal, puede ser visualizada en el <\/span><b>mapa adjunto que ha preparado PortaCabot,<\/b><span style=\"font-weight: 400;\"> para que los ayuntamientos puedan consultar la elegibilidad de los barrios que quieran presentar a la convocatoria de subvenciones. Adem\u00e1s de la capa de color que indica si el \u00e1rea es susceptible de presentar a la convocatoria,  <\/span><b>clicando encima del mapa se despliega la informaci\u00f3n de inter\u00e9s.<\/b><\/p><p>PortaCabot tiene una larga experiencia en la elaboraci\u00f3n de proyectos de la Ley de Barrios del 2004 y, actualmente, la empresa est\u00e1 asesorando varios ayuntamientos y asisti\u00e9ndolos en la redacci\u00f3n del Programa memoria de intervenci\u00f3n integral.<\/p><p>Consulta el mapa de los municipios aqu\u00ed:<\/p>\t\t\t\t\t\t\t\t<\/div>\n\t\t\t\t<\/div>\n\t\t\t\t\t<\/div>\n\t\t<\/div>\n\t\t\t\t\t<\/div>\n\t\t<\/section>\n\t\t\t\t<section class=\"elementor-section elementor-top-section elementor-element elementor-element-5fe34dc elementor-section-boxed elementor-section-height-default elementor-section-height-default\" data-id=\"5fe34dc\" data-element_type=\"section\" data-e-type=\"section\">\n\t\t\t\t\t\t<div class=\"elementor-container elementor-column-gap-default\">\n\t\t\t\t\t<div class=\"elementor-column elementor-col-100 elementor-top-column elementor-element elementor-element-1851001\" data-id=\"1851001\" data-element_type=\"column\" data-e-type=\"column\">\n\t\t\t<div class=\"elementor-widget-wrap elementor-element-populated\">\n\t\t\t\t\t\t<div class=\"elementor-element elementor-element-614a173 elementor-widget elementor-widget-html\" data-id=\"614a173\" data-element_type=\"widget\" data-e-type=\"widget\" data-widget_type=\"html.default\">\n\t\t\t\t<div class=\"elementor-widget-container\">\n\t\t\t\t\t<iframe src=\"https:\/\/portacabot.com\/MapaLleiDeBarrisWeb.html\" width=\"100%\" height=\"600px\"><\/iframe>\r\n\t\t\t\t<\/div>\n\t\t\t\t<\/div>\n\t\t\t\t\t<\/div>\n\t\t<\/div>\n\t\t\t\t\t<\/div>\n\t\t<\/section>\n\t\t\t\t<section class=\"elementor-section elementor-top-section elementor-element elementor-element-cba117d elementor-section-boxed elementor-section-height-default elementor-section-height-default\" data-id=\"cba117d\" data-element_type=\"section\" data-e-type=\"section\">\n\t\t\t\t\t\t<div class=\"elementor-container elementor-column-gap-default\">\n\t\t\t\t\t<div class=\"elementor-column elementor-col-100 elementor-top-column elementor-element elementor-element-3298fc4\" data-id=\"3298fc4\" data-element_type=\"column\" data-e-type=\"column\">\n\t\t\t<div class=\"elementor-widget-wrap elementor-element-populated\">\n\t\t\t\t\t\t<div class=\"elementor-element elementor-element-8a7406e elementor-widget elementor-widget-heading\" data-id=\"8a7406e\" data-element_type=\"widget\" data-e-type=\"widget\" data-widget_type=\"heading.default\">\n\t\t\t\t<div class=\"elementor-widget-container\">\n\t\t\t\t\t<h2 class=\"elementor-heading-title elementor-size-default\">Cont\u00e1ctanos<\/h2>\t\t\t\t<\/div>\n\t\t\t\t<\/div>\n\t\t\t\t<div class=\"elementor-element elementor-element-f8560e8 elementor-widget elementor-widget-text-editor\" data-id=\"f8560e8\" data-element_type=\"widget\" data-e-type=\"widget\" data-widget_type=\"text-editor.default\">\n\t\t\t\t<div class=\"elementor-widget-container\">\n\t\t\t\t\t\t\t\t\t<p>PORTACABOT es <strong><a href=\"https:\/\/www.portacabot.com\/portacabot-empresa-lider-en-la-redaccio-de-projectes-estrategics-de-territori\/\">la empresa l\u00edder en Catalu\u00f1a<\/a><\/strong> en proyectos estrat\u00e9gicos de territorio, reforma urbana y vivienda con <strong>m\u00e1s de 15 a\u00f1os de experiencia trabajando para la administraci\u00f3n p\u00fablica.<\/strong><\/p>\t\t\t\t\t\t\t\t<\/div>\n\t\t\t\t<\/div>\n\t\t\t\t<div class=\"elementor-element elementor-element-eddb5b3 elementor-widget elementor-widget-text-editor\" data-id=\"eddb5b3\" data-element_type=\"widget\" data-e-type=\"widget\" data-widget_type=\"text-editor.default\">\n\t\t\t\t<div class=\"elementor-widget-container\">\n\t\t\t\t\t\t\t\t\t<p>Si su municipio quiere optar a los Fondos de Recuperaci\u00f3n Urbana, Ambiental y Social de Barrios y Villas de Atenci\u00f3n Especial y necesita asistencia para la redacci\u00f3n del programa memoria de intervenci\u00f3n integral, p\u00f3ngase en contacto con PORTACABOT y le asesoraremos integralmente para el \u00e9xito de su proyecto.<\/p>\t\t\t\t\t\t\t\t<\/div>\n\t\t\t\t<\/div>\n\t\t\t\t\t<\/div>\n\t\t<\/div>\n\t\t\t\t\t<\/div>\n\t\t<\/section>\n\t\t\t\t<section class=\"elementor-section elementor-top-section elementor-element elementor-element-43dd038 elementor-section-boxed elementor-section-height-default elementor-section-height-default\" data-id=\"43dd038\" data-element_type=\"section\" data-e-type=\"section\">\n\t\t\t\t\t\t<div class=\"elementor-container elementor-column-gap-default\">\n\t\t\t\t\t<div class=\"elementor-column elementor-col-100 elementor-top-column elementor-element elementor-element-632a609\" data-id=\"632a609\" data-element_type=\"column\" data-e-type=\"column\">\n\t\t\t<div class=\"elementor-widget-wrap elementor-element-populated\">\n\t\t\t\t\t\t<div class=\"elementor-element elementor-element-13d14c6 elementor-button-align-center elementor-widget elementor-widget-form\" data-id=\"13d14c6\" data-element_type=\"widget\" data-e-type=\"widget\" data-settings=\"{&quot;step_next_label&quot;:&quot;Siguiente&quot;,&quot;step_previous_label&quot;:&quot;Anterior&quot;,&quot;button_width&quot;:&quot;100&quot;,&quot;step_type&quot;:&quot;number_text&quot;,&quot;step_icon_shape&quot;:&quot;circle&quot;}\" data-widget_type=\"form.default\">\n\t\t\t\t<div class=\"elementor-widget-container\">\n\t\t\t\t\t\t\t<form class=\"elementor-form\" method=\"post\" name=\"Formulario de contacto\" aria-label=\"Formulario de contacto\">\n\t\t\t<input type=\"hidden\" name=\"post_id\" value=\"24581\"\/>\n\t\t\t<input type=\"hidden\" name=\"form_id\" value=\"13d14c6\"\/>\n\t\t\t<input type=\"hidden\" name=\"referer_title\" value=\"La Generalitat publica las bases y la convocatoria de las subvenciones de la Ley de Barrios - Portacabot\" \/>\n\n\t\t\t\t\t\t\t<input type=\"hidden\" name=\"queried_id\" value=\"24581\"\/>\n\t\t\t\n\t\t\t<div class=\"elementor-form-fields-wrapper elementor-labels-\">\n\t\t\t\t\t\t\t\t<div class=\"elementor-field-type-text elementor-field-group elementor-column elementor-field-group-field_436f233 elementor-col-50 elementor-field-required\">\n\t\t\t\t\t\t\t\t\t\t\t\t<label for=\"form-field-field_436f233\" class=\"elementor-field-label elementor-screen-only\">\n\t\t\t\t\t\t\t\tNombre\t\t\t\t\t\t\t<\/label>\n\t\t\t\t\t\t\t\t\t\t\t\t\t\t<input size=\"1\" type=\"text\" name=\"form_fields[field_436f233]\" id=\"form-field-field_436f233\" class=\"elementor-field elementor-size-sm  elementor-field-textual\" placeholder=\"Nombre*\" required=\"required\">\n\t\t\t\t\t\t\t\t\t\t\t<\/div>\n\t\t\t\t\t\t\t\t<div class=\"elementor-field-type-text elementor-field-group elementor-column elementor-field-group-field_659095c elementor-col-50 elementor-field-required\">\n\t\t\t\t\t\t\t\t\t\t\t\t<label for=\"form-field-field_659095c\" class=\"elementor-field-label elementor-screen-only\">\n\t\t\t\t\t\t\t\tApellidos\t\t\t\t\t\t\t<\/label>\n\t\t\t\t\t\t\t\t\t\t\t\t\t\t<input size=\"1\" type=\"text\" name=\"form_fields[field_659095c]\" id=\"form-field-field_659095c\" class=\"elementor-field elementor-size-sm  elementor-field-textual\" placeholder=\"Apellidos*\" required=\"required\">\n\t\t\t\t\t\t\t\t\t\t\t<\/div>\n\t\t\t\t\t\t\t\t<div class=\"elementor-field-type-tel elementor-field-group elementor-column elementor-field-group-field_13f8176 elementor-col-50 elementor-field-required\">\n\t\t\t\t\t\t\t\t\t\t\t\t<label for=\"form-field-field_13f8176\" class=\"elementor-field-label elementor-screen-only\">\n\t\t\t\t\t\t\t\tN\u00famero de tel\u00e9fono\t\t\t\t\t\t\t<\/label>\n\t\t\t\t\t\t\t\t<input size=\"1\" type=\"tel\" name=\"form_fields[field_13f8176]\" id=\"form-field-field_13f8176\" class=\"elementor-field elementor-size-sm  elementor-field-textual\" placeholder=\"N\u00famero de tel\u00e8fon*\" required=\"required\" pattern=\"[0-9()#&amp;+*-=.]+\" title=\"Only numbers and phone characters (#, -, *, etc) are accepted.\">\n\n\t\t\t\t\t\t<\/div>\n\t\t\t\t\t\t\t\t<div class=\"elementor-field-type-email elementor-field-group elementor-column elementor-field-group-email elementor-col-50 elementor-field-required\">\n\t\t\t\t\t\t\t\t\t\t\t\t<label for=\"form-field-email\" class=\"elementor-field-label elementor-screen-only\">\n\t\t\t\t\t\t\t\tEmail\t\t\t\t\t\t\t<\/label>\n\t\t\t\t\t\t\t\t\t\t\t\t\t\t<input size=\"1\" type=\"email\" name=\"form_fields[email]\" id=\"form-field-email\" class=\"elementor-field elementor-size-sm  elementor-field-textual\" placeholder=\"Email*\" required=\"required\">\n\t\t\t\t\t\t\t\t\t\t\t<\/div>\n\t\t\t\t\t\t\t\t<div class=\"elementor-field-type-textarea elementor-field-group elementor-column elementor-field-group-field_8fc8fef elementor-col-100\">\n\t\t\t\t\t\t\t\t\t\t\t\t<label for=\"form-field-field_8fc8fef\" class=\"elementor-field-label elementor-screen-only\">\n\t\t\t\t\t\t\t\tMensaje\t\t\t\t\t\t\t<\/label>\n\t\t\t\t\t\t<textarea class=\"elementor-field-textual elementor-field  elementor-size-sm\" name=\"form_fields[field_8fc8fef]\" id=\"form-field-field_8fc8fef\" rows=\"4\" placeholder=\"Mensaje\"><\/textarea>\t\t\t\t<\/div>\n\t\t\t\t\t\t\t\t<div class=\"elementor-field-type-recaptcha_v3 elementor-field-group elementor-column elementor-field-group-field_d712e5d elementor-col-100 recaptcha_v3-bottomright\">\n\t\t\t\t\t<div class=\"elementor-field\" id=\"form-field-field_d712e5d\"><div class=\"elementor-g-recaptcha\" data-sitekey=\"6LfBZyMkAAAAAMndH_ApTczYE7BXCVSJ19gJdeNX\" data-type=\"v3\" data-action=\"Form\" data-badge=\"bottomright\" data-size=\"invisible\"><\/div><\/div>\t\t\t\t<\/div>\n\t\t\t\t\t\t\t\t<div class=\"elementor-field-group elementor-column elementor-field-type-submit elementor-col-100 e-form__buttons\">\n\t\t\t\t\t<button class=\"elementor-button elementor-size-sm elementor-animation-float\" type=\"submit\">\n\t\t\t\t\t\t<span class=\"elementor-button-content-wrapper\">\n\t\t\t\t\t\t\t\t\t\t\t\t\t\t\t<span class=\"elementor-button-icon\">\n\t\t\t\t\t\t\t\t\t<i aria-hidden=\"true\" class=\"fas fa-arrow-right\"><\/i>\t\t\t\t\t\t\t\t\t\t\t\t\t\t\t\t\t<\/span>\n\t\t\t\t\t\t\t\t\t\t\t\t\t\t\t\t\t\t\t\t\t\t<span class=\"elementor-button-text\">Enviar<\/span>\n\t\t\t\t\t\t\t\t\t\t\t\t\t<\/span>\n\t\t\t\t\t<\/button>\n\t\t\t\t<\/div>\n\t\t\t<\/div>\n\t\t<\/form>\n\t\t\t\t\t\t<\/div>\n\t\t\t\t<\/div>\n\t\t\t\t\t<\/div>\n\t\t<\/div>\n\t\t\t\t\t<\/div>\n\t\t<\/section>\n\t\t\t\t<\/div>\n\t\t","protected":false},"excerpt":{"rendered":"<p>La Generalitat ha abierto una nueva l\u00ednea de ayudas en los municipios para combatir la segregaci\u00f3n urbana, reducir las desigualdades sociales y paliar los efectos de la crisis clim\u00e1tica sobre la poblaci\u00f3n. Se destinar\u00e1n en los barrios, las villas y las \u00e1reas urbanas que, por sus caracter\u00edsticas sociales, econ\u00f3micas y ambientales, se identifican como \u00e1reas [&hellip;]<\/p>\n","protected":false},"author":5,"featured_media":24579,"comment_status":"closed","ping_status":"closed","sticky":false,"template":"","format":"standard","meta":{"footnotes":""},"categories":[39],"tags":[],"class_list":["post-24581","post","type-post","status-publish","format-standard","has-post-thumbnail","hentry","category-territorio-y-mejora-urbana"],"yoast_head":"<!-- This site is optimized with the Yoast SEO plugin v27.5 - https:\/\/yoast.com\/product\/yoast-seo-wordpress\/ -->\n<title>La Generalitat publica las bases y la convocatoria de las subvenciones de la Ley de Barrios - Portacabot<\/title>\n<meta name=\"robots\" content=\"index, follow, max-snippet:-1, max-image-preview:large, max-video-preview:-1\" \/>\n<link rel=\"canonical\" href=\"https:\/\/www.portacabot.com\/es\/la-generalitat-publica-las-bases-y-la-convocatoria-de-las-subvenciones-de-la-ley-de-barrios\/\" \/>\n<meta property=\"og:locale\" content=\"es_ES\" \/>\n<meta property=\"og:type\" content=\"article\" \/>\n<meta property=\"og:title\" content=\"La Generalitat publica las bases y la convocatoria de las subvenciones de la Ley de Barrios - Portacabot\" \/>\n<meta property=\"og:description\" content=\"La Generalitat ha abierto una nueva l\u00ednea de ayudas en los municipios para combatir la segregaci\u00f3n urbana, reducir las desigualdades sociales y paliar los efectos de la crisis clim\u00e1tica sobre la poblaci\u00f3n. Se destinar\u00e1n en los barrios, las villas y las \u00e1reas urbanas que, por sus caracter\u00edsticas sociales, econ\u00f3micas y ambientales, se identifican como \u00e1reas [&hellip;]\" \/>\n<meta property=\"og:url\" content=\"https:\/\/www.portacabot.com\/es\/la-generalitat-publica-las-bases-y-la-convocatoria-de-las-subvenciones-de-la-ley-de-barrios\/\" \/>\n<meta property=\"og:site_name\" content=\"Portacabot\" \/>\n<meta property=\"article:published_time\" content=\"2025-09-05T09:24:07+00:00\" \/>\n<meta property=\"article:modified_time\" content=\"2025-09-05T09:45:40+00:00\" \/>\n<meta property=\"og:image\" content=\"https:\/\/www.portacabot.com\/wp-content\/uploads\/2025\/09\/llei-barris-portacabot.jpg\" \/>\n\t<meta property=\"og:image:width\" content=\"1200\" \/>\n\t<meta property=\"og:image:height\" content=\"1472\" \/>\n\t<meta property=\"og:image:type\" content=\"image\/jpeg\" \/>\n<meta name=\"author\" content=\"Marketing\" \/>\n<meta name=\"twitter:card\" content=\"summary_large_image\" \/>\n<meta name=\"twitter:label1\" content=\"Written by\" \/>\n\t<meta name=\"twitter:data1\" content=\"Marketing\" \/>\n\t<meta name=\"twitter:label2\" content=\"Est. reading time\" \/>\n\t<meta name=\"twitter:data2\" content=\"2 minutes\" \/>\n<script type=\"application\/ld+json\" class=\"yoast-schema-graph\">{\"@context\":\"https:\\\/\\\/schema.org\",\"@graph\":[{\"@type\":\"Article\",\"@id\":\"https:\\\/\\\/www.portacabot.com\\\/es\\\/la-generalitat-publica-las-bases-y-la-convocatoria-de-las-subvenciones-de-la-ley-de-barrios\\\/#article\",\"isPartOf\":{\"@id\":\"https:\\\/\\\/www.portacabot.com\\\/es\\\/la-generalitat-publica-las-bases-y-la-convocatoria-de-las-subvenciones-de-la-ley-de-barrios\\\/\"},\"author\":{\"name\":\"Marketing\",\"@id\":\"https:\\\/\\\/www.portacabot.com\\\/es\\\/#\\\/schema\\\/person\\\/967b3393e1ee8a31727f67a78b0884e1\"},\"headline\":\"La Generalitat publica las bases y la convocatoria de las subvenciones de la Ley de Barrios\",\"datePublished\":\"2025-09-05T09:24:07+00:00\",\"dateModified\":\"2025-09-05T09:45:40+00:00\",\"mainEntityOfPage\":{\"@id\":\"https:\\\/\\\/www.portacabot.com\\\/es\\\/la-generalitat-publica-las-bases-y-la-convocatoria-de-las-subvenciones-de-la-ley-de-barrios\\\/\"},\"wordCount\":515,\"publisher\":{\"@id\":\"https:\\\/\\\/www.portacabot.com\\\/es\\\/#organization\"},\"image\":{\"@id\":\"https:\\\/\\\/www.portacabot.com\\\/es\\\/la-generalitat-publica-las-bases-y-la-convocatoria-de-las-subvenciones-de-la-ley-de-barrios\\\/#primaryimage\"},\"thumbnailUrl\":\"https:\\\/\\\/www.portacabot.com\\\/wp-content\\\/uploads\\\/2025\\\/09\\\/llei-barris-portacabot.jpg\",\"articleSection\":[\"Territorio y mejora urbana\"],\"inLanguage\":\"ES\"},{\"@type\":\"WebPage\",\"@id\":\"https:\\\/\\\/www.portacabot.com\\\/es\\\/la-generalitat-publica-las-bases-y-la-convocatoria-de-las-subvenciones-de-la-ley-de-barrios\\\/\",\"url\":\"https:\\\/\\\/www.portacabot.com\\\/es\\\/la-generalitat-publica-las-bases-y-la-convocatoria-de-las-subvenciones-de-la-ley-de-barrios\\\/\",\"name\":\"La Generalitat publica las bases y la convocatoria de las subvenciones de la Ley de Barrios - Portacabot\",\"isPartOf\":{\"@id\":\"https:\\\/\\\/www.portacabot.com\\\/es\\\/#website\"},\"primaryImageOfPage\":{\"@id\":\"https:\\\/\\\/www.portacabot.com\\\/es\\\/la-generalitat-publica-las-bases-y-la-convocatoria-de-las-subvenciones-de-la-ley-de-barrios\\\/#primaryimage\"},\"image\":{\"@id\":\"https:\\\/\\\/www.portacabot.com\\\/es\\\/la-generalitat-publica-las-bases-y-la-convocatoria-de-las-subvenciones-de-la-ley-de-barrios\\\/#primaryimage\"},\"thumbnailUrl\":\"https:\\\/\\\/www.portacabot.com\\\/wp-content\\\/uploads\\\/2025\\\/09\\\/llei-barris-portacabot.jpg\",\"datePublished\":\"2025-09-05T09:24:07+00:00\",\"dateModified\":\"2025-09-05T09:45:40+00:00\",\"breadcrumb\":{\"@id\":\"https:\\\/\\\/www.portacabot.com\\\/es\\\/la-generalitat-publica-las-bases-y-la-convocatoria-de-las-subvenciones-de-la-ley-de-barrios\\\/#breadcrumb\"},\"inLanguage\":\"ES\",\"potentialAction\":[{\"@type\":\"ReadAction\",\"target\":[\"https:\\\/\\\/www.portacabot.com\\\/es\\\/la-generalitat-publica-las-bases-y-la-convocatoria-de-las-subvenciones-de-la-ley-de-barrios\\\/\"]}]},{\"@type\":\"ImageObject\",\"inLanguage\":\"ES\",\"@id\":\"https:\\\/\\\/www.portacabot.com\\\/es\\\/la-generalitat-publica-las-bases-y-la-convocatoria-de-las-subvenciones-de-la-ley-de-barrios\\\/#primaryimage\",\"url\":\"https:\\\/\\\/www.portacabot.com\\\/wp-content\\\/uploads\\\/2025\\\/09\\\/llei-barris-portacabot.jpg\",\"contentUrl\":\"https:\\\/\\\/www.portacabot.com\\\/wp-content\\\/uploads\\\/2025\\\/09\\\/llei-barris-portacabot.jpg\",\"width\":1200,\"height\":1472,\"caption\":\"llei-barris-portacabot\"},{\"@type\":\"BreadcrumbList\",\"@id\":\"https:\\\/\\\/www.portacabot.com\\\/es\\\/la-generalitat-publica-las-bases-y-la-convocatoria-de-las-subvenciones-de-la-ley-de-barrios\\\/#breadcrumb\",\"itemListElement\":[{\"@type\":\"ListItem\",\"position\":1,\"name\":\"Inici\",\"item\":\"https:\\\/\\\/www.portacabot.com\\\/es\\\/\"},{\"@type\":\"ListItem\",\"position\":2,\"name\":\"La Generalitat publica las bases y la convocatoria de las subvenciones de la Ley de Barrios\"}]},{\"@type\":\"WebSite\",\"@id\":\"https:\\\/\\\/www.portacabot.com\\\/es\\\/#website\",\"url\":\"https:\\\/\\\/www.portacabot.com\\\/es\\\/\",\"name\":\"Portacabot\",\"description\":\"Solucions a les necessitats de les administracions i al conjunt de la societat\",\"publisher\":{\"@id\":\"https:\\\/\\\/www.portacabot.com\\\/es\\\/#organization\"},\"potentialAction\":[{\"@type\":\"SearchAction\",\"target\":{\"@type\":\"EntryPoint\",\"urlTemplate\":\"https:\\\/\\\/www.portacabot.com\\\/es\\\/?s={search_term_string}\"},\"query-input\":{\"@type\":\"PropertyValueSpecification\",\"valueRequired\":true,\"valueName\":\"search_term_string\"}}],\"inLanguage\":\"ES\"},{\"@type\":\"Organization\",\"@id\":\"https:\\\/\\\/www.portacabot.com\\\/es\\\/#organization\",\"name\":\"Portacabot\",\"url\":\"https:\\\/\\\/www.portacabot.com\\\/es\\\/\",\"logo\":{\"@type\":\"ImageObject\",\"inLanguage\":\"ES\",\"@id\":\"https:\\\/\\\/www.portacabot.com\\\/es\\\/#\\\/schema\\\/logo\\\/image\\\/\",\"url\":\"https:\\\/\\\/www.portacabot.com\\\/wp-content\\\/uploads\\\/2022\\\/03\\\/cropped-logo_portacabot.png\",\"contentUrl\":\"https:\\\/\\\/www.portacabot.com\\\/wp-content\\\/uploads\\\/2022\\\/03\\\/cropped-logo_portacabot.png\",\"width\":300,\"height\":85,\"caption\":\"Portacabot\"},\"image\":{\"@id\":\"https:\\\/\\\/www.portacabot.com\\\/es\\\/#\\\/schema\\\/logo\\\/image\\\/\"}},{\"@type\":\"Person\",\"@id\":\"https:\\\/\\\/www.portacabot.com\\\/es\\\/#\\\/schema\\\/person\\\/967b3393e1ee8a31727f67a78b0884e1\",\"name\":\"Marketing\",\"image\":{\"@type\":\"ImageObject\",\"inLanguage\":\"ES\",\"@id\":\"https:\\\/\\\/secure.gravatar.com\\\/avatar\\\/390f1a3521b96f02b13d0dfa32b4729c11ab8aa3f7f4a76b8faf4b1ccb9ad046?s=96&d=mm&r=g\",\"url\":\"https:\\\/\\\/secure.gravatar.com\\\/avatar\\\/390f1a3521b96f02b13d0dfa32b4729c11ab8aa3f7f4a76b8faf4b1ccb9ad046?s=96&d=mm&r=g\",\"contentUrl\":\"https:\\\/\\\/secure.gravatar.com\\\/avatar\\\/390f1a3521b96f02b13d0dfa32b4729c11ab8aa3f7f4a76b8faf4b1ccb9ad046?s=96&d=mm&r=g\",\"caption\":\"Marketing\"}}]}<\/script>\n<!-- \/ Yoast SEO plugin. -->","yoast_head_json":{"title":"La Generalitat publica las bases y la convocatoria de las subvenciones de la Ley de Barrios - Portacabot","robots":{"index":"index","follow":"follow","max-snippet":"max-snippet:-1","max-image-preview":"max-image-preview:large","max-video-preview":"max-video-preview:-1"},"canonical":"https:\/\/www.portacabot.com\/es\/la-generalitat-publica-las-bases-y-la-convocatoria-de-las-subvenciones-de-la-ley-de-barrios\/","og_locale":"es_ES","og_type":"article","og_title":"La Generalitat publica las bases y la convocatoria de las subvenciones de la Ley de Barrios - Portacabot","og_description":"La Generalitat ha abierto una nueva l\u00ednea de ayudas en los municipios para combatir la segregaci\u00f3n urbana, reducir las desigualdades sociales y paliar los efectos de la crisis clim\u00e1tica sobre la poblaci\u00f3n. Se destinar\u00e1n en los barrios, las villas y las \u00e1reas urbanas que, por sus caracter\u00edsticas sociales, econ\u00f3micas y ambientales, se identifican como \u00e1reas [&hellip;]","og_url":"https:\/\/www.portacabot.com\/es\/la-generalitat-publica-las-bases-y-la-convocatoria-de-las-subvenciones-de-la-ley-de-barrios\/","og_site_name":"Portacabot","article_published_time":"2025-09-05T09:24:07+00:00","article_modified_time":"2025-09-05T09:45:40+00:00","og_image":[{"width":1200,"height":1472,"url":"https:\/\/www.portacabot.com\/wp-content\/uploads\/2025\/09\/llei-barris-portacabot.jpg","type":"image\/jpeg"}],"author":"Marketing","twitter_card":"summary_large_image","twitter_misc":{"Written by":"Marketing","Est. reading time":"2 minutes"},"schema":{"@context":"https:\/\/schema.org","@graph":[{"@type":"Article","@id":"https:\/\/www.portacabot.com\/es\/la-generalitat-publica-las-bases-y-la-convocatoria-de-las-subvenciones-de-la-ley-de-barrios\/#article","isPartOf":{"@id":"https:\/\/www.portacabot.com\/es\/la-generalitat-publica-las-bases-y-la-convocatoria-de-las-subvenciones-de-la-ley-de-barrios\/"},"author":{"name":"Marketing","@id":"https:\/\/www.portacabot.com\/es\/#\/schema\/person\/967b3393e1ee8a31727f67a78b0884e1"},"headline":"La Generalitat publica las bases y la convocatoria de las subvenciones de la Ley de Barrios","datePublished":"2025-09-05T09:24:07+00:00","dateModified":"2025-09-05T09:45:40+00:00","mainEntityOfPage":{"@id":"https:\/\/www.portacabot.com\/es\/la-generalitat-publica-las-bases-y-la-convocatoria-de-las-subvenciones-de-la-ley-de-barrios\/"},"wordCount":515,"publisher":{"@id":"https:\/\/www.portacabot.com\/es\/#organization"},"image":{"@id":"https:\/\/www.portacabot.com\/es\/la-generalitat-publica-las-bases-y-la-convocatoria-de-las-subvenciones-de-la-ley-de-barrios\/#primaryimage"},"thumbnailUrl":"https:\/\/www.portacabot.com\/wp-content\/uploads\/2025\/09\/llei-barris-portacabot.jpg","articleSection":["Territorio y mejora urbana"],"inLanguage":"ES"},{"@type":"WebPage","@id":"https:\/\/www.portacabot.com\/es\/la-generalitat-publica-las-bases-y-la-convocatoria-de-las-subvenciones-de-la-ley-de-barrios\/","url":"https:\/\/www.portacabot.com\/es\/la-generalitat-publica-las-bases-y-la-convocatoria-de-las-subvenciones-de-la-ley-de-barrios\/","name":"La Generalitat publica las bases y la convocatoria de las subvenciones de la Ley de Barrios - Portacabot","isPartOf":{"@id":"https:\/\/www.portacabot.com\/es\/#website"},"primaryImageOfPage":{"@id":"https:\/\/www.portacabot.com\/es\/la-generalitat-publica-las-bases-y-la-convocatoria-de-las-subvenciones-de-la-ley-de-barrios\/#primaryimage"},"image":{"@id":"https:\/\/www.portacabot.com\/es\/la-generalitat-publica-las-bases-y-la-convocatoria-de-las-subvenciones-de-la-ley-de-barrios\/#primaryimage"},"thumbnailUrl":"https:\/\/www.portacabot.com\/wp-content\/uploads\/2025\/09\/llei-barris-portacabot.jpg","datePublished":"2025-09-05T09:24:07+00:00","dateModified":"2025-09-05T09:45:40+00:00","breadcrumb":{"@id":"https:\/\/www.portacabot.com\/es\/la-generalitat-publica-las-bases-y-la-convocatoria-de-las-subvenciones-de-la-ley-de-barrios\/#breadcrumb"},"inLanguage":"ES","potentialAction":[{"@type":"ReadAction","target":["https:\/\/www.portacabot.com\/es\/la-generalitat-publica-las-bases-y-la-convocatoria-de-las-subvenciones-de-la-ley-de-barrios\/"]}]},{"@type":"ImageObject","inLanguage":"ES","@id":"https:\/\/www.portacabot.com\/es\/la-generalitat-publica-las-bases-y-la-convocatoria-de-las-subvenciones-de-la-ley-de-barrios\/#primaryimage","url":"https:\/\/www.portacabot.com\/wp-content\/uploads\/2025\/09\/llei-barris-portacabot.jpg","contentUrl":"https:\/\/www.portacabot.com\/wp-content\/uploads\/2025\/09\/llei-barris-portacabot.jpg","width":1200,"height":1472,"caption":"llei-barris-portacabot"},{"@type":"BreadcrumbList","@id":"https:\/\/www.portacabot.com\/es\/la-generalitat-publica-las-bases-y-la-convocatoria-de-las-subvenciones-de-la-ley-de-barrios\/#breadcrumb","itemListElement":[{"@type":"ListItem","position":1,"name":"Inici","item":"https:\/\/www.portacabot.com\/es\/"},{"@type":"ListItem","position":2,"name":"La Generalitat publica las bases y la convocatoria de las subvenciones de la Ley de Barrios"}]},{"@type":"WebSite","@id":"https:\/\/www.portacabot.com\/es\/#website","url":"https:\/\/www.portacabot.com\/es\/","name":"Portacabot","description":"Solucions a les necessitats de les administracions i al conjunt de la societat","publisher":{"@id":"https:\/\/www.portacabot.com\/es\/#organization"},"potentialAction":[{"@type":"SearchAction","target":{"@type":"EntryPoint","urlTemplate":"https:\/\/www.portacabot.com\/es\/?s={search_term_string}"},"query-input":{"@type":"PropertyValueSpecification","valueRequired":true,"valueName":"search_term_string"}}],"inLanguage":"ES"},{"@type":"Organization","@id":"https:\/\/www.portacabot.com\/es\/#organization","name":"Portacabot","url":"https:\/\/www.portacabot.com\/es\/","logo":{"@type":"ImageObject","inLanguage":"ES","@id":"https:\/\/www.portacabot.com\/es\/#\/schema\/logo\/image\/","url":"https:\/\/www.portacabot.com\/wp-content\/uploads\/2022\/03\/cropped-logo_portacabot.png","contentUrl":"https:\/\/www.portacabot.com\/wp-content\/uploads\/2022\/03\/cropped-logo_portacabot.png","width":300,"height":85,"caption":"Portacabot"},"image":{"@id":"https:\/\/www.portacabot.com\/es\/#\/schema\/logo\/image\/"}},{"@type":"Person","@id":"https:\/\/www.portacabot.com\/es\/#\/schema\/person\/967b3393e1ee8a31727f67a78b0884e1","name":"Marketing","image":{"@type":"ImageObject","inLanguage":"ES","@id":"https:\/\/secure.gravatar.com\/avatar\/390f1a3521b96f02b13d0dfa32b4729c11ab8aa3f7f4a76b8faf4b1ccb9ad046?s=96&d=mm&r=g","url":"https:\/\/secure.gravatar.com\/avatar\/390f1a3521b96f02b13d0dfa32b4729c11ab8aa3f7f4a76b8faf4b1ccb9ad046?s=96&d=mm&r=g","contentUrl":"https:\/\/secure.gravatar.com\/avatar\/390f1a3521b96f02b13d0dfa32b4729c11ab8aa3f7f4a76b8faf4b1ccb9ad046?s=96&d=mm&r=g","caption":"Marketing"}}]}},"_links":{"self":[{"href":"https:\/\/www.portacabot.com\/es\/wp-json\/wp\/v2\/posts\/24581","targetHints":{"allow":["GET"]}}],"collection":[{"href":"https:\/\/www.portacabot.com\/es\/wp-json\/wp\/v2\/posts"}],"about":[{"href":"https:\/\/www.portacabot.com\/es\/wp-json\/wp\/v2\/types\/post"}],"author":[{"embeddable":true,"href":"https:\/\/www.portacabot.com\/es\/wp-json\/wp\/v2\/users\/5"}],"replies":[{"embeddable":true,"href":"https:\/\/www.portacabot.com\/es\/wp-json\/wp\/v2\/comments?post=24581"}],"version-history":[{"count":1,"href":"https:\/\/www.portacabot.com\/es\/wp-json\/wp\/v2\/posts\/24581\/revisions"}],"predecessor-version":[{"id":24582,"href":"https:\/\/www.portacabot.com\/es\/wp-json\/wp\/v2\/posts\/24581\/revisions\/24582"}],"wp:featuredmedia":[{"embeddable":true,"href":"https:\/\/www.portacabot.com\/es\/wp-json\/wp\/v2\/media\/24579"}],"wp:attachment":[{"href":"https:\/\/www.portacabot.com\/es\/wp-json\/wp\/v2\/media?parent=24581"}],"wp:term":[{"taxonomy":"category","embeddable":true,"href":"https:\/\/www.portacabot.com\/es\/wp-json\/wp\/v2\/categories?post=24581"},{"taxonomy":"post_tag","embeddable":true,"href":"https:\/\/www.portacabot.com\/es\/wp-json\/wp\/v2\/tags?post=24581"}],"curies":[{"name":"wp","href":"https:\/\/api.w.org\/{rel}","templated":true}]}}