{"id":23982,"date":"2025-01-23T12:18:25","date_gmt":"2025-01-23T12:18:25","guid":{"rendered":"https:\/\/www.portacabot.com\/?p=23982"},"modified":"2025-01-23T12:41:15","modified_gmt":"2025-01-23T12:41:15","slug":"portacabot-8o-encuentro-participacion-infantil-adolescente","status":"publish","type":"post","link":"https:\/\/www.portacabot.com\/es\/portacabot-8o-encuentro-participacion-infantil-adolescente\/","title":{"rendered":"Portacabot participa en Bilbao en el 8\u00ba Encuentro Estatal de Participaci\u00f3n Infantil y Adolescente organizado por UNICEF"},"content":{"rendered":"\t\t<div data-elementor-type=\"wp-post\" data-elementor-id=\"23982\" class=\"elementor elementor-23982 elementor-23963\" wpc-filter-elementor-widget=\"1\" data-elementor-post-type=\"post\">\n\t\t\t\t\t\t<section class=\"elementor-section elementor-top-section elementor-element elementor-element-1e152db elementor-section-boxed elementor-section-height-default elementor-section-height-default\" data-id=\"1e152db\" data-element_type=\"section\" data-e-type=\"section\">\n\t\t\t\t\t\t<div class=\"elementor-container elementor-column-gap-default\">\n\t\t\t\t\t<div class=\"elementor-column elementor-col-100 elementor-top-column elementor-element elementor-element-7218285\" data-id=\"7218285\" data-element_type=\"column\" data-e-type=\"column\">\n\t\t\t<div class=\"elementor-widget-wrap elementor-element-populated\">\n\t\t\t\t\t\t<div class=\"elementor-element elementor-element-29d7268 elementor-widget elementor-widget-text-editor\" data-id=\"29d7268\" data-element_type=\"widget\" data-e-type=\"widget\" data-widget_type=\"text-editor.default\">\n\t\t\t\t<div class=\"elementor-widget-container\">\n\t\t\t\t\t\t\t\t\t<p>El fin de semana del <strong>10 al 12 de enero<\/strong>, el equipo de Portacabot asisti\u00f3 a la <strong>8\u00aa Encuentro Estatal de Participaci\u00f3n Infantil y Adolescente<\/strong>, que se celebr\u00f3 en Bilbao en el marco de las Ciudades Amigas de la Infancia, acompa\u00f1ando a tres miembros participantes del <strong>Consejo de Ni\u00f1os y Adolescentes de Sabadell<\/strong>, espacio que dinamizamos desde el oto\u00f1o de 2020.<\/p>\n\t\t\t\t\t\t\t\t<\/div>\n\t\t\t\t<\/div>\n\t\t\t\t\t<\/div>\n\t\t<\/div>\n\t\t\t\t\t<\/div>\n\t\t<\/section>\n\t\t\t\t<section class=\"elementor-section elementor-top-section elementor-element elementor-element-9ef1cbe elementor-section-boxed elementor-section-height-default elementor-section-height-default\" data-id=\"9ef1cbe\" data-element_type=\"section\" data-e-type=\"section\">\n\t\t\t\t\t\t<div class=\"elementor-container elementor-column-gap-default\">\n\t\t\t\t\t<div class=\"elementor-column elementor-col-100 elementor-top-column elementor-element elementor-element-7331843\" data-id=\"7331843\" data-element_type=\"column\" data-e-type=\"column\">\n\t\t\t<div class=\"elementor-widget-wrap elementor-element-populated\">\n\t\t\t\t\t\t<div class=\"elementor-element elementor-element-9fb28cb elementor-widget elementor-widget-text-editor\" data-id=\"9fb28cb\" data-element_type=\"widget\" data-e-type=\"widget\" data-widget_type=\"text-editor.default\">\n\t\t\t\t<div class=\"elementor-widget-container\">\n\t\t\t\t\t\t\t\t\t<p>El encuentro estatal, que fue organizado por <strong>UNICEF Espa\u00f1a<\/strong>, se centr\u00f3 en el <strong>derecho a la protecci\u00f3n de los ni\u00f1os y ni\u00f1as<\/strong> y sobre los diferentes tipos de violencias y llevaba por t\u00edtulo <strong>\u201cLa mejor elecci\u00f3n es una buena protecci\u00f3n\u201d<\/strong>. \u00c9sta cont\u00f3 con hasta <strong>180 chicos y chicas de 10 a 17 a\u00f1os de hasta 60 consejos de participaci\u00f3n <\/strong>infantil de todo el estado que trabajaron v\u00eda diferentes din\u00e1micas, trabajos en grupo y actividades l\u00fadicas, y acabaron elaborando un manifiesto que se presentar\u00e1, tambi\u00e9n, en el <strong>Congreso de los Diputados<\/strong>. <\/p>\n\t\t\t\t\t\t\t\t<\/div>\n\t\t\t\t<\/div>\n\t\t\t\t\t<\/div>\n\t\t<\/div>\n\t\t\t\t\t<\/div>\n\t\t<\/section>\n\t\t\t\t<section class=\"elementor-section elementor-top-section elementor-element elementor-element-dc64536 elementor-section-boxed elementor-section-height-default elementor-section-height-default\" data-id=\"dc64536\" data-element_type=\"section\" data-e-type=\"section\">\n\t\t\t\t\t\t<div class=\"elementor-container elementor-column-gap-default\">\n\t\t\t\t\t<div class=\"elementor-column elementor-col-33 elementor-top-column elementor-element elementor-element-88c2f39\" data-id=\"88c2f39\" data-element_type=\"column\" data-e-type=\"column\">\n\t\t\t<div class=\"elementor-widget-wrap elementor-element-populated\">\n\t\t\t\t\t\t<div class=\"elementor-element elementor-element-659bb11 elementor-widget elementor-widget-image\" data-id=\"659bb11\" data-element_type=\"widget\" data-e-type=\"widget\" data-widget_type=\"image.default\">\n\t\t\t\t<div class=\"elementor-widget-container\">\n\t\t\t\t\t\t\t\t\t\t\t\t\t\t\t<img fetchpriority=\"high\" decoding=\"async\" width=\"800\" height=\"534\" src=\"https:\/\/www.portacabot.com\/wp-content\/uploads\/2025\/01\/P1520694-1024x683.jpg\" class=\"attachment-large size-large wp-image-23967\" alt=\"La trobada estatal, que va ser organitzada per UNICEF Espanya, va centrar-se en el dret a la protecci\u00f3 dels infants i sobre els diferents tipus de viol\u00e8ncies i portava per t\u00edtol \u201cLa millor elecci\u00f3 \u00e9s una bona protecci\u00f3\u201d. Aquesta va comptar amb fins a 180 nois i noies de 10 a 17 anys de fins a 60 consells de participaci\u00f3 infantil d&#039;arreu de l&#039;estat que van treballar via diferents din\u00e0miques, treballs en grup i activitats l\u00fadiques, i van acabar elaborant un manifest que es presentar\u00e0, tamb\u00e9, al Congr\u00e9s dels Diputats.\" srcset=\"https:\/\/www.portacabot.com\/wp-content\/uploads\/2025\/01\/P1520694-1024x683.jpg 1024w, https:\/\/www.portacabot.com\/wp-content\/uploads\/2025\/01\/P1520694-300x200.jpg 300w, https:\/\/www.portacabot.com\/wp-content\/uploads\/2025\/01\/P1520694-768x512.jpg 768w, https:\/\/www.portacabot.com\/wp-content\/uploads\/2025\/01\/P1520694-1536x1024.jpg 1536w, https:\/\/www.portacabot.com\/wp-content\/uploads\/2025\/01\/P1520694-2048x1365.jpg 2048w\" sizes=\"(max-width: 800px) 100vw, 800px\" \/>\t\t\t\t\t\t\t\t\t\t\t\t\t\t\t<\/div>\n\t\t\t\t<\/div>\n\t\t\t\t\t<\/div>\n\t\t<\/div>\n\t\t\t\t<div class=\"elementor-column elementor-col-33 elementor-top-column elementor-element elementor-element-72373a6\" data-id=\"72373a6\" data-element_type=\"column\" data-e-type=\"column\">\n\t\t\t<div class=\"elementor-widget-wrap elementor-element-populated\">\n\t\t\t\t\t\t<div class=\"elementor-element elementor-element-f3bf15d elementor-widget elementor-widget-image\" data-id=\"f3bf15d\" data-element_type=\"widget\" data-e-type=\"widget\" data-widget_type=\"image.default\">\n\t\t\t\t<div class=\"elementor-widget-container\">\n\t\t\t\t\t\t\t\t\t\t\t\t\t\t\t<img decoding=\"async\" width=\"800\" height=\"534\" src=\"https:\/\/www.portacabot.com\/wp-content\/uploads\/2025\/01\/P1520794-1024x683.jpg\" class=\"attachment-large size-large wp-image-23965\" alt=\"La trobada estatal, que va ser organitzada per UNICEF Espanya, va centrar-se en el dret a la protecci\u00f3 dels infants i sobre els diferents tipus de viol\u00e8ncies i portava per t\u00edtol \u201cLa millor elecci\u00f3 \u00e9s una bona protecci\u00f3\u201d. Aquesta va comptar amb fins a 180 nois i noies de 10 a 17 anys de fins a 60 consells de participaci\u00f3 infantil d&#039;arreu de l&#039;estat que van treballar via diferents din\u00e0miques, treballs en grup i activitats l\u00fadiques, i van acabar elaborant un manifest que es presentar\u00e0, tamb\u00e9, al Congr\u00e9s dels Diputats.\" srcset=\"https:\/\/www.portacabot.com\/wp-content\/uploads\/2025\/01\/P1520794-1024x683.jpg 1024w, https:\/\/www.portacabot.com\/wp-content\/uploads\/2025\/01\/P1520794-300x200.jpg 300w, https:\/\/www.portacabot.com\/wp-content\/uploads\/2025\/01\/P1520794-768x512.jpg 768w, https:\/\/www.portacabot.com\/wp-content\/uploads\/2025\/01\/P1520794-1536x1024.jpg 1536w, https:\/\/www.portacabot.com\/wp-content\/uploads\/2025\/01\/P1520794-2048x1365.jpg 2048w\" sizes=\"(max-width: 800px) 100vw, 800px\" \/>\t\t\t\t\t\t\t\t\t\t\t\t\t\t\t<\/div>\n\t\t\t\t<\/div>\n\t\t\t\t\t<\/div>\n\t\t<\/div>\n\t\t\t\t<div class=\"elementor-column elementor-col-33 elementor-top-column elementor-element elementor-element-941a8cb\" data-id=\"941a8cb\" data-element_type=\"column\" data-e-type=\"column\">\n\t\t\t<div class=\"elementor-widget-wrap elementor-element-populated\">\n\t\t\t\t\t\t<div class=\"elementor-element elementor-element-44864cc elementor-widget elementor-widget-image\" data-id=\"44864cc\" data-element_type=\"widget\" data-e-type=\"widget\" data-widget_type=\"image.default\">\n\t\t\t\t<div class=\"elementor-widget-container\">\n\t\t\t\t\t\t\t\t\t\t\t\t\t\t\t<img decoding=\"async\" width=\"800\" height=\"534\" src=\"https:\/\/www.portacabot.com\/wp-content\/uploads\/2025\/01\/P1520688-1024x683.jpg\" class=\"attachment-large size-large wp-image-23969\" alt=\"Portacabot participa a Bilbao de la 8ena Trobada Estatal de Participaci\u00f3 Infantil i Adolescent organitzada per UNICEF\" srcset=\"https:\/\/www.portacabot.com\/wp-content\/uploads\/2025\/01\/P1520688-1024x683.jpg 1024w, https:\/\/www.portacabot.com\/wp-content\/uploads\/2025\/01\/P1520688-300x200.jpg 300w, https:\/\/www.portacabot.com\/wp-content\/uploads\/2025\/01\/P1520688-768x512.jpg 768w, https:\/\/www.portacabot.com\/wp-content\/uploads\/2025\/01\/P1520688-1536x1024.jpg 1536w, https:\/\/www.portacabot.com\/wp-content\/uploads\/2025\/01\/P1520688-2048x1365.jpg 2048w\" sizes=\"(max-width: 800px) 100vw, 800px\" \/>\t\t\t\t\t\t\t\t\t\t\t\t\t\t\t<\/div>\n\t\t\t\t<\/div>\n\t\t\t\t\t<\/div>\n\t\t<\/div>\n\t\t\t\t\t<\/div>\n\t\t<\/section>\n\t\t\t\t<section class=\"elementor-section elementor-top-section elementor-element elementor-element-95b2ec8 elementor-section-boxed elementor-section-height-default elementor-section-height-default\" data-id=\"95b2ec8\" data-element_type=\"section\" data-e-type=\"section\">\n\t\t\t\t\t\t<div class=\"elementor-container elementor-column-gap-default\">\n\t\t\t\t\t<div class=\"elementor-column elementor-col-100 elementor-top-column elementor-element elementor-element-1282ab2\" data-id=\"1282ab2\" data-element_type=\"column\" data-e-type=\"column\">\n\t\t\t<div class=\"elementor-widget-wrap elementor-element-populated\">\n\t\t\t\t\t\t<div class=\"elementor-element elementor-element-44435b6 elementor-widget elementor-widget-text-editor\" data-id=\"44435b6\" data-element_type=\"widget\" data-e-type=\"widget\" data-widget_type=\"text-editor.default\">\n\t\t\t\t<div class=\"elementor-widget-container\">\n\t\t\t\t\t\t\t\t\t<p>Tambi\u00e9n hubo ratos de trabajo por las personas t\u00e9cnicas que acompa\u00f1aban a los chicos y chicas, y que permitieron debatir y elaborar unas conclusiones sobre temas como la <strong>inclusi\u00f3n y la tolerancia, el rendimiento de cuentas<\/strong>, o sobre la <strong>transparencia y la relevancia en la participaci\u00f3n con ni\u00f1os.<\/strong><\/p>\n<p>Desde <strong>Portacabot<\/strong>, que llevamos a cabo la coordinaci\u00f3n, dinamizaci\u00f3n y seguimiento de este \u00f3rgano de participaci\u00f3n del <strong>Ayuntamiento de Sabadell<\/strong>, queremos agradecer a los tres representantes del Consejo de la ciudad por su buen trabajo, ya toda la organizaci\u00f3n del Encuentro, en <strong>UNICEF <\/strong>y en el <strong>Ayuntamiento de Bilbao<\/strong>, por el excelente trato recibido y por la m\u00e1s que positiva experiencia vivida.<\/p>\n\t\t\t\t\t\t\t\t<\/div>\n\t\t\t\t<\/div>\n\t\t\t\t\t<\/div>\n\t\t<\/div>\n\t\t\t\t\t<\/div>\n\t\t<\/section>\n\t\t\t\t<section class=\"elementor-section elementor-top-section elementor-element elementor-element-bde57c7 elementor-section-boxed elementor-section-height-default elementor-section-height-default\" data-id=\"bde57c7\" data-element_type=\"section\" data-e-type=\"section\">\n\t\t\t\t\t\t<div class=\"elementor-container elementor-column-gap-default\">\n\t\t\t\t\t<div class=\"elementor-column elementor-col-100 elementor-top-column elementor-element elementor-element-2873baa\" data-id=\"2873baa\" data-element_type=\"column\" data-e-type=\"column\">\n\t\t\t<div class=\"elementor-widget-wrap elementor-element-populated\">\n\t\t\t\t\t\t<div class=\"elementor-element elementor-element-c76d450 elementor-widget-divider--view-line elementor-widget elementor-widget-divider\" data-id=\"c76d450\" data-element_type=\"widget\" data-e-type=\"widget\" data-widget_type=\"divider.default\">\n\t\t\t\t<div class=\"elementor-widget-container\">\n\t\t\t\t\t\t\t<div class=\"elementor-divider\">\n\t\t\t<span class=\"elementor-divider-separator\">\n\t\t\t\t\t\t<\/span>\n\t\t<\/div>\n\t\t\t\t\t\t<\/div>\n\t\t\t\t<\/div>\n\t\t\t\t\t<\/div>\n\t\t<\/div>\n\t\t\t\t\t<\/div>\n\t\t<\/section>\n\t\t\t\t<section class=\"elementor-section elementor-top-section elementor-element elementor-element-c05052f elementor-section-boxed elementor-section-height-default elementor-section-height-default\" data-id=\"c05052f\" data-element_type=\"section\" data-e-type=\"section\">\n\t\t\t\t\t\t<div class=\"elementor-container elementor-column-gap-default\">\n\t\t\t\t\t<div class=\"elementor-column elementor-col-100 elementor-top-column elementor-element elementor-element-d88fffb\" data-id=\"d88fffb\" data-element_type=\"column\" data-e-type=\"column\">\n\t\t\t<div class=\"elementor-widget-wrap elementor-element-populated\">\n\t\t\t\t\t\t<div class=\"elementor-element elementor-element-89ecd40 elementor-widget elementor-widget-text-editor\" data-id=\"89ecd40\" data-element_type=\"widget\" data-e-type=\"widget\" data-widget_type=\"text-editor.default\">\n\t\t\t\t<div class=\"elementor-widget-container\">\n\t\t\t\t\t\t\t\t\t<h5 style=\"text-align: center;\"><strong>\u00bfNecesitas m\u00e1s informaci\u00f3n sobre los servicios que ofrecemos en Portacabot?<\/strong><\/h5>\t\t\t\t\t\t\t\t<\/div>\n\t\t\t\t<\/div>\n\t\t\t\t\t<\/div>\n\t\t<\/div>\n\t\t\t\t\t<\/div>\n\t\t<\/section>\n\t\t\t\t<section class=\"elementor-section elementor-top-section elementor-element elementor-element-836c80a elementor-section-boxed elementor-section-height-default elementor-section-height-default\" data-id=\"836c80a\" data-element_type=\"section\" data-e-type=\"section\">\n\t\t\t\t\t\t<div class=\"elementor-container elementor-column-gap-default\">\n\t\t\t\t\t<div class=\"elementor-column elementor-col-100 elementor-top-column elementor-element elementor-element-dc9b97a\" data-id=\"dc9b97a\" data-element_type=\"column\" data-e-type=\"column\">\n\t\t\t<div class=\"elementor-widget-wrap elementor-element-populated\">\n\t\t\t\t\t\t<div class=\"elementor-element elementor-element-c1ff36d elementor-align-center elementor-widget elementor-widget-button\" data-id=\"c1ff36d\" data-element_type=\"widget\" data-e-type=\"widget\" data-widget_type=\"button.default\">\n\t\t\t\t<div class=\"elementor-widget-container\">\n\t\t\t\t\t\t\t\t\t<div class=\"elementor-button-wrapper\">\n\t\t\t\t\t<a class=\"elementor-button elementor-button-link elementor-size-sm\" href=\"https:\/\/www.portacabot.com\/es\/contacto\/\">\n\t\t\t\t\t\t<span class=\"elementor-button-content-wrapper\">\n\t\t\t\t\t\t<span class=\"elementor-button-icon\">\n\t\t\t\t<i aria-hidden=\"true\" class=\"fas fa-phone-alt\"><\/i>\t\t\t<\/span>\n\t\t\t\t\t\t\t\t\t<span class=\"elementor-button-text\">\u00a1Cont\u00e1ctanos!<\/span>\n\t\t\t\t\t<\/span>\n\t\t\t\t\t<\/a>\n\t\t\t\t<\/div>\n\t\t\t\t\t\t\t\t<\/div>\n\t\t\t\t<\/div>\n\t\t\t\t\t<\/div>\n\t\t<\/div>\n\t\t\t\t\t<\/div>\n\t\t<\/section>\n\t\t\t\t<\/div>\n\t\t","protected":false},"excerpt":{"rendered":"<p>El fin de semana del 10 al 12 de enero, el equipo de Portacabot asisti\u00f3 a la 8\u00aa Encuentro Estatal de Participaci\u00f3n Infantil y Adolescente, que se celebr\u00f3 en Bilbao en el marco de las Ciudades Amigas de la Infancia, acompa\u00f1ando a tres miembros participantes del Consejo de Ni\u00f1os y Adolescentes de Sabadell, espacio que [&hellip;]<\/p>\n","protected":false},"author":5,"featured_media":23965,"comment_status":"closed","ping_status":"closed","sticky":false,"template":"","format":"standard","meta":{"footnotes":""},"categories":[43,47,18],"tags":[],"class_list":["post-23982","post","type-post","status-publish","format-standard","has-post-thumbnail","hentry","category-cicle-de-vida-joventut","category-ciclo-de-vida-infancia","category-participacio"],"yoast_head":"<!-- This site is optimized with the Yoast SEO plugin v27.5 - https:\/\/yoast.com\/product\/yoast-seo-wordpress\/ -->\n<title>Encuentro Estatal de Participaci\u00f3n Infantil y Adolescente - PortaCabot<\/title>\n<meta name=\"description\" content=\"Portacabot participa en el 8\u00ba Encuentro Estatal Infantil de UNICEF en Bilbao por la protecci\u00f3n y los derechos de la infancia.\" \/>\n<meta name=\"robots\" content=\"index, follow, max-snippet:-1, max-image-preview:large, max-video-preview:-1\" \/>\n<link rel=\"canonical\" href=\"https:\/\/www.portacabot.com\/es\/portacabot-8o-encuentro-participacion-infantil-adolescente\/\" \/>\n<meta property=\"og:locale\" content=\"es_ES\" \/>\n<meta property=\"og:type\" content=\"article\" \/>\n<meta property=\"og:title\" content=\"Encuentro Estatal de Participaci\u00f3n Infantil y Adolescente - PortaCabot\" \/>\n<meta property=\"og:description\" content=\"Portacabot participa en el 8\u00ba Encuentro Estatal Infantil de UNICEF en Bilbao por la protecci\u00f3n y los derechos de la infancia.\" \/>\n<meta property=\"og:url\" content=\"https:\/\/www.portacabot.com\/es\/portacabot-8o-encuentro-participacion-infantil-adolescente\/\" \/>\n<meta property=\"og:site_name\" content=\"Portacabot\" \/>\n<meta property=\"article:published_time\" content=\"2025-01-23T12:18:25+00:00\" \/>\n<meta property=\"article:modified_time\" content=\"2025-01-23T12:41:15+00:00\" \/>\n<meta property=\"og:image\" content=\"https:\/\/www.portacabot.com\/wp-content\/uploads\/2025\/01\/P1520794-scaled.jpg\" \/>\n\t<meta property=\"og:image:width\" content=\"2560\" \/>\n\t<meta property=\"og:image:height\" content=\"1707\" \/>\n\t<meta property=\"og:image:type\" content=\"image\/jpeg\" \/>\n<meta name=\"author\" content=\"Marketing\" \/>\n<meta name=\"twitter:card\" content=\"summary_large_image\" \/>\n<meta name=\"twitter:label1\" content=\"Written by\" \/>\n\t<meta name=\"twitter:data1\" content=\"Marketing\" \/>\n\t<meta name=\"twitter:label2\" content=\"Est. reading time\" \/>\n\t<meta name=\"twitter:data2\" content=\"1 minute\" \/>\n<script type=\"application\/ld+json\" class=\"yoast-schema-graph\">{\"@context\":\"https:\\\/\\\/schema.org\",\"@graph\":[{\"@type\":\"Article\",\"@id\":\"https:\\\/\\\/www.portacabot.com\\\/es\\\/portacabot-8o-encuentro-participacion-infantil-adolescente\\\/#article\",\"isPartOf\":{\"@id\":\"https:\\\/\\\/www.portacabot.com\\\/es\\\/portacabot-8o-encuentro-participacion-infantil-adolescente\\\/\"},\"author\":{\"name\":\"Marketing\",\"@id\":\"https:\\\/\\\/www.portacabot.com\\\/es\\\/#\\\/schema\\\/person\\\/967b3393e1ee8a31727f67a78b0884e1\"},\"headline\":\"Portacabot participa en Bilbao en el 8\u00ba Encuentro Estatal de Participaci\u00f3n Infantil y Adolescente organizado por UNICEF\",\"datePublished\":\"2025-01-23T12:18:25+00:00\",\"dateModified\":\"2025-01-23T12:41:15+00:00\",\"mainEntityOfPage\":{\"@id\":\"https:\\\/\\\/www.portacabot.com\\\/es\\\/portacabot-8o-encuentro-participacion-infantil-adolescente\\\/\"},\"wordCount\":312,\"publisher\":{\"@id\":\"https:\\\/\\\/www.portacabot.com\\\/es\\\/#organization\"},\"image\":{\"@id\":\"https:\\\/\\\/www.portacabot.com\\\/es\\\/portacabot-8o-encuentro-participacion-infantil-adolescente\\\/#primaryimage\"},\"thumbnailUrl\":\"https:\\\/\\\/www.portacabot.com\\\/wp-content\\\/uploads\\\/2025\\\/01\\\/P1520794-scaled.jpg\",\"articleSection\":[\"Cicle de vida - Joventut\",\"Ciclo de vida - Infancia\",\"Participaci\u00f3\"],\"inLanguage\":\"ES\"},{\"@type\":\"WebPage\",\"@id\":\"https:\\\/\\\/www.portacabot.com\\\/es\\\/portacabot-8o-encuentro-participacion-infantil-adolescente\\\/\",\"url\":\"https:\\\/\\\/www.portacabot.com\\\/es\\\/portacabot-8o-encuentro-participacion-infantil-adolescente\\\/\",\"name\":\"Encuentro Estatal de Participaci\u00f3n Infantil y Adolescente - PortaCabot\",\"isPartOf\":{\"@id\":\"https:\\\/\\\/www.portacabot.com\\\/es\\\/#website\"},\"primaryImageOfPage\":{\"@id\":\"https:\\\/\\\/www.portacabot.com\\\/es\\\/portacabot-8o-encuentro-participacion-infantil-adolescente\\\/#primaryimage\"},\"image\":{\"@id\":\"https:\\\/\\\/www.portacabot.com\\\/es\\\/portacabot-8o-encuentro-participacion-infantil-adolescente\\\/#primaryimage\"},\"thumbnailUrl\":\"https:\\\/\\\/www.portacabot.com\\\/wp-content\\\/uploads\\\/2025\\\/01\\\/P1520794-scaled.jpg\",\"datePublished\":\"2025-01-23T12:18:25+00:00\",\"dateModified\":\"2025-01-23T12:41:15+00:00\",\"description\":\"Portacabot participa en el 8\u00ba Encuentro Estatal Infantil de UNICEF en Bilbao por la protecci\u00f3n y los derechos de la infancia.\",\"breadcrumb\":{\"@id\":\"https:\\\/\\\/www.portacabot.com\\\/es\\\/portacabot-8o-encuentro-participacion-infantil-adolescente\\\/#breadcrumb\"},\"inLanguage\":\"ES\",\"potentialAction\":[{\"@type\":\"ReadAction\",\"target\":[\"https:\\\/\\\/www.portacabot.com\\\/es\\\/portacabot-8o-encuentro-participacion-infantil-adolescente\\\/\"]}]},{\"@type\":\"ImageObject\",\"inLanguage\":\"ES\",\"@id\":\"https:\\\/\\\/www.portacabot.com\\\/es\\\/portacabot-8o-encuentro-participacion-infantil-adolescente\\\/#primaryimage\",\"url\":\"https:\\\/\\\/www.portacabot.com\\\/wp-content\\\/uploads\\\/2025\\\/01\\\/P1520794-scaled.jpg\",\"contentUrl\":\"https:\\\/\\\/www.portacabot.com\\\/wp-content\\\/uploads\\\/2025\\\/01\\\/P1520794-scaled.jpg\",\"width\":2560,\"height\":1707,\"caption\":\"La trobada estatal, que va ser organitzada per UNICEF Espanya, va centrar-se en el dret a la protecci\u00f3 dels infants i sobre els diferents tipus de viol\u00e8ncies i portava per t\u00edtol \u201cLa millor elecci\u00f3 \u00e9s una bona protecci\u00f3\u201d. Aquesta va comptar amb fins a 180 nois i noies de 10 a 17 anys de fins a 60 consells de participaci\u00f3 infantil d'arreu de l'estat que van treballar via diferents din\u00e0miques, treballs en grup i activitats l\u00fadiques, i van acabar elaborant un manifest que es presentar\u00e0, tamb\u00e9, al Congr\u00e9s dels Diputats.\"},{\"@type\":\"BreadcrumbList\",\"@id\":\"https:\\\/\\\/www.portacabot.com\\\/es\\\/portacabot-8o-encuentro-participacion-infantil-adolescente\\\/#breadcrumb\",\"itemListElement\":[{\"@type\":\"ListItem\",\"position\":1,\"name\":\"Inici\",\"item\":\"https:\\\/\\\/www.portacabot.com\\\/es\\\/\"},{\"@type\":\"ListItem\",\"position\":2,\"name\":\"Portacabot participa en Bilbao en el 8\u00ba Encuentro Estatal de Participaci\u00f3n Infantil y Adolescente organizado por UNICEF\"}]},{\"@type\":\"WebSite\",\"@id\":\"https:\\\/\\\/www.portacabot.com\\\/es\\\/#website\",\"url\":\"https:\\\/\\\/www.portacabot.com\\\/es\\\/\",\"name\":\"Portacabot\",\"description\":\"Solucions a les necessitats de les administracions i al conjunt de la societat\",\"publisher\":{\"@id\":\"https:\\\/\\\/www.portacabot.com\\\/es\\\/#organization\"},\"potentialAction\":[{\"@type\":\"SearchAction\",\"target\":{\"@type\":\"EntryPoint\",\"urlTemplate\":\"https:\\\/\\\/www.portacabot.com\\\/es\\\/?s={search_term_string}\"},\"query-input\":{\"@type\":\"PropertyValueSpecification\",\"valueRequired\":true,\"valueName\":\"search_term_string\"}}],\"inLanguage\":\"ES\"},{\"@type\":\"Organization\",\"@id\":\"https:\\\/\\\/www.portacabot.com\\\/es\\\/#organization\",\"name\":\"Portacabot\",\"url\":\"https:\\\/\\\/www.portacabot.com\\\/es\\\/\",\"logo\":{\"@type\":\"ImageObject\",\"inLanguage\":\"ES\",\"@id\":\"https:\\\/\\\/www.portacabot.com\\\/es\\\/#\\\/schema\\\/logo\\\/image\\\/\",\"url\":\"https:\\\/\\\/www.portacabot.com\\\/wp-content\\\/uploads\\\/2022\\\/03\\\/cropped-logo_portacabot.png\",\"contentUrl\":\"https:\\\/\\\/www.portacabot.com\\\/wp-content\\\/uploads\\\/2022\\\/03\\\/cropped-logo_portacabot.png\",\"width\":300,\"height\":85,\"caption\":\"Portacabot\"},\"image\":{\"@id\":\"https:\\\/\\\/www.portacabot.com\\\/es\\\/#\\\/schema\\\/logo\\\/image\\\/\"}},{\"@type\":\"Person\",\"@id\":\"https:\\\/\\\/www.portacabot.com\\\/es\\\/#\\\/schema\\\/person\\\/967b3393e1ee8a31727f67a78b0884e1\",\"name\":\"Marketing\",\"image\":{\"@type\":\"ImageObject\",\"inLanguage\":\"ES\",\"@id\":\"https:\\\/\\\/secure.gravatar.com\\\/avatar\\\/390f1a3521b96f02b13d0dfa32b4729c11ab8aa3f7f4a76b8faf4b1ccb9ad046?s=96&d=mm&r=g\",\"url\":\"https:\\\/\\\/secure.gravatar.com\\\/avatar\\\/390f1a3521b96f02b13d0dfa32b4729c11ab8aa3f7f4a76b8faf4b1ccb9ad046?s=96&d=mm&r=g\",\"contentUrl\":\"https:\\\/\\\/secure.gravatar.com\\\/avatar\\\/390f1a3521b96f02b13d0dfa32b4729c11ab8aa3f7f4a76b8faf4b1ccb9ad046?s=96&d=mm&r=g\",\"caption\":\"Marketing\"}}]}<\/script>\n<!-- \/ Yoast SEO plugin. -->","yoast_head_json":{"title":"Encuentro Estatal de Participaci\u00f3n Infantil y Adolescente - PortaCabot","description":"Portacabot participa en el 8\u00ba Encuentro Estatal Infantil de UNICEF en Bilbao por la protecci\u00f3n y los derechos de la infancia.","robots":{"index":"index","follow":"follow","max-snippet":"max-snippet:-1","max-image-preview":"max-image-preview:large","max-video-preview":"max-video-preview:-1"},"canonical":"https:\/\/www.portacabot.com\/es\/portacabot-8o-encuentro-participacion-infantil-adolescente\/","og_locale":"es_ES","og_type":"article","og_title":"Encuentro Estatal de Participaci\u00f3n Infantil y Adolescente - PortaCabot","og_description":"Portacabot participa en el 8\u00ba Encuentro Estatal Infantil de UNICEF en Bilbao por la protecci\u00f3n y los derechos de la infancia.","og_url":"https:\/\/www.portacabot.com\/es\/portacabot-8o-encuentro-participacion-infantil-adolescente\/","og_site_name":"Portacabot","article_published_time":"2025-01-23T12:18:25+00:00","article_modified_time":"2025-01-23T12:41:15+00:00","og_image":[{"width":2560,"height":1707,"url":"https:\/\/www.portacabot.com\/wp-content\/uploads\/2025\/01\/P1520794-scaled.jpg","type":"image\/jpeg"}],"author":"Marketing","twitter_card":"summary_large_image","twitter_misc":{"Written by":"Marketing","Est. reading time":"1 minute"},"schema":{"@context":"https:\/\/schema.org","@graph":[{"@type":"Article","@id":"https:\/\/www.portacabot.com\/es\/portacabot-8o-encuentro-participacion-infantil-adolescente\/#article","isPartOf":{"@id":"https:\/\/www.portacabot.com\/es\/portacabot-8o-encuentro-participacion-infantil-adolescente\/"},"author":{"name":"Marketing","@id":"https:\/\/www.portacabot.com\/es\/#\/schema\/person\/967b3393e1ee8a31727f67a78b0884e1"},"headline":"Portacabot participa en Bilbao en el 8\u00ba Encuentro Estatal de Participaci\u00f3n Infantil y Adolescente organizado por UNICEF","datePublished":"2025-01-23T12:18:25+00:00","dateModified":"2025-01-23T12:41:15+00:00","mainEntityOfPage":{"@id":"https:\/\/www.portacabot.com\/es\/portacabot-8o-encuentro-participacion-infantil-adolescente\/"},"wordCount":312,"publisher":{"@id":"https:\/\/www.portacabot.com\/es\/#organization"},"image":{"@id":"https:\/\/www.portacabot.com\/es\/portacabot-8o-encuentro-participacion-infantil-adolescente\/#primaryimage"},"thumbnailUrl":"https:\/\/www.portacabot.com\/wp-content\/uploads\/2025\/01\/P1520794-scaled.jpg","articleSection":["Cicle de vida - Joventut","Ciclo de vida - Infancia","Participaci\u00f3"],"inLanguage":"ES"},{"@type":"WebPage","@id":"https:\/\/www.portacabot.com\/es\/portacabot-8o-encuentro-participacion-infantil-adolescente\/","url":"https:\/\/www.portacabot.com\/es\/portacabot-8o-encuentro-participacion-infantil-adolescente\/","name":"Encuentro Estatal de Participaci\u00f3n Infantil y Adolescente - PortaCabot","isPartOf":{"@id":"https:\/\/www.portacabot.com\/es\/#website"},"primaryImageOfPage":{"@id":"https:\/\/www.portacabot.com\/es\/portacabot-8o-encuentro-participacion-infantil-adolescente\/#primaryimage"},"image":{"@id":"https:\/\/www.portacabot.com\/es\/portacabot-8o-encuentro-participacion-infantil-adolescente\/#primaryimage"},"thumbnailUrl":"https:\/\/www.portacabot.com\/wp-content\/uploads\/2025\/01\/P1520794-scaled.jpg","datePublished":"2025-01-23T12:18:25+00:00","dateModified":"2025-01-23T12:41:15+00:00","description":"Portacabot participa en el 8\u00ba Encuentro Estatal Infantil de UNICEF en Bilbao por la protecci\u00f3n y los derechos de la infancia.","breadcrumb":{"@id":"https:\/\/www.portacabot.com\/es\/portacabot-8o-encuentro-participacion-infantil-adolescente\/#breadcrumb"},"inLanguage":"ES","potentialAction":[{"@type":"ReadAction","target":["https:\/\/www.portacabot.com\/es\/portacabot-8o-encuentro-participacion-infantil-adolescente\/"]}]},{"@type":"ImageObject","inLanguage":"ES","@id":"https:\/\/www.portacabot.com\/es\/portacabot-8o-encuentro-participacion-infantil-adolescente\/#primaryimage","url":"https:\/\/www.portacabot.com\/wp-content\/uploads\/2025\/01\/P1520794-scaled.jpg","contentUrl":"https:\/\/www.portacabot.com\/wp-content\/uploads\/2025\/01\/P1520794-scaled.jpg","width":2560,"height":1707,"caption":"La trobada estatal, que va ser organitzada per UNICEF Espanya, va centrar-se en el dret a la protecci\u00f3 dels infants i sobre els diferents tipus de viol\u00e8ncies i portava per t\u00edtol \u201cLa millor elecci\u00f3 \u00e9s una bona protecci\u00f3\u201d. Aquesta va comptar amb fins a 180 nois i noies de 10 a 17 anys de fins a 60 consells de participaci\u00f3 infantil d'arreu de l'estat que van treballar via diferents din\u00e0miques, treballs en grup i activitats l\u00fadiques, i van acabar elaborant un manifest que es presentar\u00e0, tamb\u00e9, al Congr\u00e9s dels Diputats."},{"@type":"BreadcrumbList","@id":"https:\/\/www.portacabot.com\/es\/portacabot-8o-encuentro-participacion-infantil-adolescente\/#breadcrumb","itemListElement":[{"@type":"ListItem","position":1,"name":"Inici","item":"https:\/\/www.portacabot.com\/es\/"},{"@type":"ListItem","position":2,"name":"Portacabot participa en Bilbao en el 8\u00ba Encuentro Estatal de Participaci\u00f3n Infantil y Adolescente organizado por UNICEF"}]},{"@type":"WebSite","@id":"https:\/\/www.portacabot.com\/es\/#website","url":"https:\/\/www.portacabot.com\/es\/","name":"Portacabot","description":"Solucions a les necessitats de les administracions i al conjunt de la societat","publisher":{"@id":"https:\/\/www.portacabot.com\/es\/#organization"},"potentialAction":[{"@type":"SearchAction","target":{"@type":"EntryPoint","urlTemplate":"https:\/\/www.portacabot.com\/es\/?s={search_term_string}"},"query-input":{"@type":"PropertyValueSpecification","valueRequired":true,"valueName":"search_term_string"}}],"inLanguage":"ES"},{"@type":"Organization","@id":"https:\/\/www.portacabot.com\/es\/#organization","name":"Portacabot","url":"https:\/\/www.portacabot.com\/es\/","logo":{"@type":"ImageObject","inLanguage":"ES","@id":"https:\/\/www.portacabot.com\/es\/#\/schema\/logo\/image\/","url":"https:\/\/www.portacabot.com\/wp-content\/uploads\/2022\/03\/cropped-logo_portacabot.png","contentUrl":"https:\/\/www.portacabot.com\/wp-content\/uploads\/2022\/03\/cropped-logo_portacabot.png","width":300,"height":85,"caption":"Portacabot"},"image":{"@id":"https:\/\/www.portacabot.com\/es\/#\/schema\/logo\/image\/"}},{"@type":"Person","@id":"https:\/\/www.portacabot.com\/es\/#\/schema\/person\/967b3393e1ee8a31727f67a78b0884e1","name":"Marketing","image":{"@type":"ImageObject","inLanguage":"ES","@id":"https:\/\/secure.gravatar.com\/avatar\/390f1a3521b96f02b13d0dfa32b4729c11ab8aa3f7f4a76b8faf4b1ccb9ad046?s=96&d=mm&r=g","url":"https:\/\/secure.gravatar.com\/avatar\/390f1a3521b96f02b13d0dfa32b4729c11ab8aa3f7f4a76b8faf4b1ccb9ad046?s=96&d=mm&r=g","contentUrl":"https:\/\/secure.gravatar.com\/avatar\/390f1a3521b96f02b13d0dfa32b4729c11ab8aa3f7f4a76b8faf4b1ccb9ad046?s=96&d=mm&r=g","caption":"Marketing"}}]}},"_links":{"self":[{"href":"https:\/\/www.portacabot.com\/es\/wp-json\/wp\/v2\/posts\/23982","targetHints":{"allow":["GET"]}}],"collection":[{"href":"https:\/\/www.portacabot.com\/es\/wp-json\/wp\/v2\/posts"}],"about":[{"href":"https:\/\/www.portacabot.com\/es\/wp-json\/wp\/v2\/types\/post"}],"author":[{"embeddable":true,"href":"https:\/\/www.portacabot.com\/es\/wp-json\/wp\/v2\/users\/5"}],"replies":[{"embeddable":true,"href":"https:\/\/www.portacabot.com\/es\/wp-json\/wp\/v2\/comments?post=23982"}],"version-history":[{"count":6,"href":"https:\/\/www.portacabot.com\/es\/wp-json\/wp\/v2\/posts\/23982\/revisions"}],"predecessor-version":[{"id":23996,"href":"https:\/\/www.portacabot.com\/es\/wp-json\/wp\/v2\/posts\/23982\/revisions\/23996"}],"wp:featuredmedia":[{"embeddable":true,"href":"https:\/\/www.portacabot.com\/es\/wp-json\/wp\/v2\/media\/23965"}],"wp:attachment":[{"href":"https:\/\/www.portacabot.com\/es\/wp-json\/wp\/v2\/media?parent=23982"}],"wp:term":[{"taxonomy":"category","embeddable":true,"href":"https:\/\/www.portacabot.com\/es\/wp-json\/wp\/v2\/categories?post=23982"},{"taxonomy":"post_tag","embeddable":true,"href":"https:\/\/www.portacabot.com\/es\/wp-json\/wp\/v2\/tags?post=23982"}],"curies":[{"name":"wp","href":"https:\/\/api.w.org\/{rel}","templated":true}]}}