{"id":23951,"date":"2024-12-24T10:36:57","date_gmt":"2024-12-24T10:36:57","guid":{"rendered":"https:\/\/www.portacabot.com\/?p=23951"},"modified":"2024-12-24T10:49:03","modified_gmt":"2024-12-24T10:49:03","slug":"un-nuevo-impulso-para-la-participacion-ciudadana-en-horta-guinardo","status":"publish","type":"post","link":"https:\/\/www.portacabot.com\/es\/un-nuevo-impulso-para-la-participacion-ciudadana-en-horta-guinardo\/","title":{"rendered":"Un nuevo impulso para la participaci\u00f3n ciudadana en Horta-Guinard\u00f3"},"content":{"rendered":"\t\t<div data-elementor-type=\"wp-post\" data-elementor-id=\"23951\" class=\"elementor elementor-23951 elementor-23944\" wpc-filter-elementor-widget=\"1\" data-elementor-post-type=\"post\">\n\t\t\t\t\t\t<section class=\"elementor-section elementor-top-section elementor-element elementor-element-7716382 elementor-section-boxed elementor-section-height-default elementor-section-height-default\" data-id=\"7716382\" data-element_type=\"section\" data-e-type=\"section\">\n\t\t\t\t\t\t<div class=\"elementor-container elementor-column-gap-default\">\n\t\t\t\t\t<div class=\"elementor-column elementor-col-100 elementor-top-column elementor-element elementor-element-8b8515c\" data-id=\"8b8515c\" data-element_type=\"column\" data-e-type=\"column\">\n\t\t\t<div class=\"elementor-widget-wrap elementor-element-populated\">\n\t\t\t\t\t\t<div class=\"elementor-element elementor-element-e67e512 elementor-widget elementor-widget-text-editor\" data-id=\"e67e512\" data-element_type=\"widget\" data-e-type=\"widget\" data-widget_type=\"text-editor.default\">\n\t\t\t\t<div class=\"elementor-widget-container\">\n\t\t\t\t\t\t\t\t\t<p><span style=\"font-weight: 400;\">El Distrito de Horta-Guinard\u00f3 pondr\u00e1 en marcha, a partir de octubre de 2024, un proceso de presupuestos participativos destinado a fortalecer la implicaci\u00f3n ciudadana en las inversiones municipales. PortaCabot ser\u00e1 la encargada de dinamizar este proyecto, que se extender\u00e1 durante siete meses y contar\u00e1 con una planificaci\u00f3n estructurada para garantizar la participaci\u00f3n abierta y transparente de vecinos, entidades y colectivos diversos. <\/span><\/p>\n\t\t\t\t\t\t\t\t<\/div>\n\t\t\t\t<\/div>\n\t\t\t\t\t<\/div>\n\t\t<\/div>\n\t\t\t\t\t<\/div>\n\t\t<\/section>\n\t\t\t\t<section class=\"elementor-section elementor-top-section elementor-element elementor-element-f061bbe elementor-section-boxed elementor-section-height-default elementor-section-height-default\" data-id=\"f061bbe\" data-element_type=\"section\" data-e-type=\"section\">\n\t\t\t\t\t\t<div class=\"elementor-container elementor-column-gap-default\">\n\t\t\t\t\t<div class=\"elementor-column elementor-col-100 elementor-top-column elementor-element elementor-element-2e1c747\" data-id=\"2e1c747\" data-element_type=\"column\" data-e-type=\"column\">\n\t\t\t<div class=\"elementor-widget-wrap elementor-element-populated\">\n\t\t\t\t\t\t<div class=\"elementor-element elementor-element-5ae26f5 elementor-widget elementor-widget-heading\" data-id=\"5ae26f5\" data-element_type=\"widget\" data-e-type=\"widget\" data-widget_type=\"heading.default\">\n\t\t\t\t<div class=\"elementor-widget-container\">\n\t\t\t\t\t<h2 class=\"elementor-heading-title elementor-size-default\"> Un proceso con objetivos claros e inclusivos<\/h2>\t\t\t\t<\/div>\n\t\t\t\t<\/div>\n\t\t\t\t\t<\/div>\n\t\t<\/div>\n\t\t\t\t\t<\/div>\n\t\t<\/section>\n\t\t\t\t<section class=\"elementor-section elementor-top-section elementor-element elementor-element-72b8fe7 elementor-section-boxed elementor-section-height-default elementor-section-height-default\" data-id=\"72b8fe7\" data-element_type=\"section\" data-e-type=\"section\">\n\t\t\t\t\t\t<div class=\"elementor-container elementor-column-gap-default\">\n\t\t\t\t\t<div class=\"elementor-column elementor-col-100 elementor-top-column elementor-element elementor-element-52e4cae\" data-id=\"52e4cae\" data-element_type=\"column\" data-e-type=\"column\">\n\t\t\t<div class=\"elementor-widget-wrap elementor-element-populated\">\n\t\t\t\t\t\t<div class=\"elementor-element elementor-element-6cfa023 elementor-widget elementor-widget-text-editor\" data-id=\"6cfa023\" data-element_type=\"widget\" data-e-type=\"widget\" data-widget_type=\"text-editor.default\">\n\t\t\t\t<div class=\"elementor-widget-container\">\n\t\t\t\t\t\t\t\t\t<p><span style=\"font-weight: 400;\">Este proceso participativo busca fomentar mecanismos de democracia directa que complementen los modelos representativos, ofreciendo un espacio en el que la ciudadan\u00eda pueda proponer, debatir y decidir sobre proyectos que se ejecutar\u00e1n en el distrito. Se trata de un enfoque que prioriza: <\/span><\/p>\n\t\t\t\t\t\t\t\t<\/div>\n\t\t\t\t<\/div>\n\t\t\t\t\t<\/div>\n\t\t<\/div>\n\t\t\t\t\t<\/div>\n\t\t<\/section>\n\t\t\t\t<section class=\"elementor-section elementor-top-section elementor-element elementor-element-f879ad6 elementor-section-boxed elementor-section-height-default elementor-section-height-default\" data-id=\"f879ad6\" data-element_type=\"section\" data-e-type=\"section\">\n\t\t\t\t\t\t<div class=\"elementor-container elementor-column-gap-default\">\n\t\t\t\t\t<div class=\"elementor-column elementor-col-100 elementor-top-column elementor-element elementor-element-b53c344\" data-id=\"b53c344\" data-element_type=\"column\" data-e-type=\"column\">\n\t\t\t<div class=\"elementor-widget-wrap elementor-element-populated\">\n\t\t\t\t\t\t<div class=\"elementor-element elementor-element-a475f18 elementor-widget elementor-widget-text-editor\" data-id=\"a475f18\" data-element_type=\"widget\" data-e-type=\"widget\" data-widget_type=\"text-editor.default\">\n\t\t\t\t<div class=\"elementor-widget-container\">\n\t\t\t\t\t\t\t\t\t<ul>\n<li style=\"font-weight: 400;\" aria-level=\"1\"><span style=\"font-weight: 400;\">La inclusi\u00f3n de colectivos menos representados como personas de origen extranjero, j\u00f3venes, mujeres, personas con diversidad funcional y otros grupos con poca visibilidad.<\/span><\/li>\n<li style=\"font-weight: 400;\" aria-level=\"1\"><span style=\"font-weight: 400;\">La calidad del debate y la relevancia de las aportaciones, situando las cuestiones comunitarias y cotidianas en el centro de las discusiones.<\/span><\/li>\n<li style=\"font-weight: 400;\" aria-level=\"1\"><span style=\"font-weight: 400;\">La transversalidad de la perspectiva de g\u00e9nero, asegurando una participaci\u00f3n activa y diversa de las mujeres.<\/span><\/li>\n<\/ul>\n\t\t\t\t\t\t\t\t<\/div>\n\t\t\t\t<\/div>\n\t\t\t\t\t<\/div>\n\t\t<\/div>\n\t\t\t\t\t<\/div>\n\t\t<\/section>\n\t\t\t\t<section class=\"elementor-section elementor-top-section elementor-element elementor-element-7aa9575 elementor-section-boxed elementor-section-height-default elementor-section-height-default\" data-id=\"7aa9575\" data-element_type=\"section\" data-e-type=\"section\">\n\t\t\t\t\t\t<div class=\"elementor-container elementor-column-gap-default\">\n\t\t\t\t\t<div class=\"elementor-column elementor-col-100 elementor-top-column elementor-element elementor-element-9f58008\" data-id=\"9f58008\" data-element_type=\"column\" data-e-type=\"column\">\n\t\t\t<div class=\"elementor-widget-wrap elementor-element-populated\">\n\t\t\t\t\t\t<div class=\"elementor-element elementor-element-64d032f elementor-widget elementor-widget-heading\" data-id=\"64d032f\" data-element_type=\"widget\" data-e-type=\"widget\" data-widget_type=\"heading.default\">\n\t\t\t\t<div class=\"elementor-widget-container\">\n\t\t\t\t\t<h2 class=\"elementor-heading-title elementor-size-default\">Una metodolog\u00eda organizada por fases<\/h2>\t\t\t\t<\/div>\n\t\t\t\t<\/div>\n\t\t\t\t\t<\/div>\n\t\t<\/div>\n\t\t\t\t\t<\/div>\n\t\t<\/section>\n\t\t\t\t<section class=\"elementor-section elementor-top-section elementor-element elementor-element-89896dc elementor-section-boxed elementor-section-height-default elementor-section-height-default\" data-id=\"89896dc\" data-element_type=\"section\" data-e-type=\"section\">\n\t\t\t\t\t\t<div class=\"elementor-container elementor-column-gap-default\">\n\t\t\t\t\t<div class=\"elementor-column elementor-col-100 elementor-top-column elementor-element elementor-element-7cb7df2\" data-id=\"7cb7df2\" data-element_type=\"column\" data-e-type=\"column\">\n\t\t\t<div class=\"elementor-widget-wrap elementor-element-populated\">\n\t\t\t\t\t\t<div class=\"elementor-element elementor-element-55a6dde elementor-widget elementor-widget-text-editor\" data-id=\"55a6dde\" data-element_type=\"widget\" data-e-type=\"widget\" data-widget_type=\"text-editor.default\">\n\t\t\t\t<div class=\"elementor-widget-container\">\n\t\t\t\t\t\t\t\t\t<p><span style=\"font-weight: 400;\">El proyecto se desarrollar\u00e1 en diversas etapas que garantizan una evoluci\u00f3n ordenada y coherente:<\/span><\/p>\n\t\t\t\t\t\t\t\t<\/div>\n\t\t\t\t<\/div>\n\t\t\t\t\t<\/div>\n\t\t<\/div>\n\t\t\t\t\t<\/div>\n\t\t<\/section>\n\t\t\t\t<section class=\"elementor-section elementor-top-section elementor-element elementor-element-d2ad08b elementor-section-boxed elementor-section-height-default elementor-section-height-default\" data-id=\"d2ad08b\" data-element_type=\"section\" data-e-type=\"section\">\n\t\t\t\t\t\t<div class=\"elementor-container elementor-column-gap-default\">\n\t\t\t\t\t<div class=\"elementor-column elementor-col-100 elementor-top-column elementor-element elementor-element-571451a\" data-id=\"571451a\" data-element_type=\"column\" data-e-type=\"column\">\n\t\t\t<div class=\"elementor-widget-wrap elementor-element-populated\">\n\t\t\t\t\t\t<div class=\"elementor-element elementor-element-5e48cc5 elementor-widget elementor-widget-text-editor\" data-id=\"5e48cc5\" data-element_type=\"widget\" data-e-type=\"widget\" data-widget_type=\"text-editor.default\">\n\t\t\t\t<div class=\"elementor-widget-container\">\n\t\t\t\t\t\t\t\t\t<ol>\n<li style=\"font-weight: 400;\" aria-level=\"1\"><b>Dise\u00f1o inicial<\/b><span style=\"font-weight: 400;\"> (septiembre-octubre 2024): Dos reuniones con el distrito permitir\u00e1n establecer el calendario y adaptar la metodolog\u00eda a las necesidades locales.<\/span><\/li>\n<li style=\"font-weight: 400;\" aria-level=\"1\"><b>Fase de informaci\u00f3n y debate<\/b><span style=\"font-weight: 400;\"> (octubre-noviembre 2024): Se realizar\u00e1n sesiones de debate en los barrios, soportadas por puntos m\u00f3viles y la plataforma Decidim.barcelona para facilitar la recogida de propuestas.<\/span><\/li>\n<li style=\"font-weight: 400;\" aria-level=\"1\"><b>Valoraci\u00f3n t\u00e9cnica<\/b><span style=\"font-weight: 400;\"> (octubre 2024 &#8211; febrero 2025): Se revisar\u00e1n y ajustar\u00e1n las propuestas para asegurar su viabilidad.<\/span><\/li>\n<li style=\"font-weight: 400;\" aria-level=\"1\"><b>Concreci\u00f3n y priorizaci\u00f3n<\/b><span style=\"font-weight: 400;\"> (febrero-marzo 2025): Las propuestas seleccionadas se trabajar\u00e1n con impulsores y departamentos t\u00e9cnicos para detallar su implementaci\u00f3n.<\/span><\/li>\n<li style=\"font-weight: 400;\" aria-level=\"1\"><b>Votaci\u00f3n<\/b><span style=\"font-weight: 400;\"> (abril 2025): Se habilitar\u00e1n puntos m\u00f3viles para que la ciudadan\u00eda pueda elegir las iniciativas m\u00e1s relevantes.<\/span><\/li>\n<li style=\"font-weight: 400;\" aria-level=\"1\"><b>Seguimiento<\/b><span> (a partir de abril 2025): Se realizar\u00e1n sesiones para verificar el desarrollo de los proyectos seleccionados.<\/span><\/li>\n<\/ol>\n\t\t\t\t\t\t\t\t<\/div>\n\t\t\t\t<\/div>\n\t\t\t\t\t<\/div>\n\t\t<\/div>\n\t\t\t\t\t<\/div>\n\t\t<\/section>\n\t\t\t\t<section class=\"elementor-section elementor-top-section elementor-element elementor-element-00dd36b elementor-section-boxed elementor-section-height-default elementor-section-height-default\" data-id=\"00dd36b\" data-element_type=\"section\" data-e-type=\"section\">\n\t\t\t\t\t\t<div class=\"elementor-container elementor-column-gap-default\">\n\t\t\t\t\t<div class=\"elementor-column elementor-col-100 elementor-top-column elementor-element elementor-element-9bb0f78\" data-id=\"9bb0f78\" data-element_type=\"column\" data-e-type=\"column\">\n\t\t\t<div class=\"elementor-widget-wrap elementor-element-populated\">\n\t\t\t\t\t\t<div class=\"elementor-element elementor-element-2d2d950 elementor-widget elementor-widget-heading\" data-id=\"2d2d950\" data-element_type=\"widget\" data-e-type=\"widget\" data-widget_type=\"heading.default\">\n\t\t\t\t<div class=\"elementor-widget-container\">\n\t\t\t\t\t<h2 class=\"elementor-heading-title elementor-size-default\"> Recursos al servicio del proceso<\/h2>\t\t\t\t<\/div>\n\t\t\t\t<\/div>\n\t\t\t\t\t<\/div>\n\t\t<\/div>\n\t\t\t\t\t<\/div>\n\t\t<\/section>\n\t\t\t\t<section class=\"elementor-section elementor-top-section elementor-element elementor-element-d23893c elementor-section-boxed elementor-section-height-default elementor-section-height-default\" data-id=\"d23893c\" data-element_type=\"section\" data-e-type=\"section\">\n\t\t\t\t\t\t<div class=\"elementor-container elementor-column-gap-default\">\n\t\t\t\t\t<div class=\"elementor-column elementor-col-100 elementor-top-column elementor-element elementor-element-b617029\" data-id=\"b617029\" data-element_type=\"column\" data-e-type=\"column\">\n\t\t\t<div class=\"elementor-widget-wrap elementor-element-populated\">\n\t\t\t\t\t\t<div class=\"elementor-element elementor-element-bb79b1b elementor-widget elementor-widget-text-editor\" data-id=\"bb79b1b\" data-element_type=\"widget\" data-e-type=\"widget\" data-widget_type=\"text-editor.default\">\n\t\t\t\t<div class=\"elementor-widget-container\">\n\t\t\t\t\t\t\t\t\t<p><span style=\"font-weight: 400;\">Un equipo de cinco profesionales -una persona coordinadora y cuatro dinamizadoras- se encargar\u00e1 de garantizar el buen desarrollo del proyecto. Tambi\u00e9n se utilizar\u00e1n herramientas digitales, como tabletas, para facilitar el acceso a la participaci\u00f3n. El presupuesto total del proyecto es de 66.751,65\u20ac (IVA incluido), asegurando los recursos necesarios para cada fase.  <\/span><\/p>\n\t\t\t\t\t\t\t\t<\/div>\n\t\t\t\t<\/div>\n\t\t\t\t\t<\/div>\n\t\t<\/div>\n\t\t\t\t\t<\/div>\n\t\t<\/section>\n\t\t\t\t<section class=\"elementor-section elementor-top-section elementor-element elementor-element-2a4dca5 elementor-section-boxed elementor-section-height-default elementor-section-height-default\" data-id=\"2a4dca5\" data-element_type=\"section\" data-e-type=\"section\">\n\t\t\t\t\t\t<div class=\"elementor-container elementor-column-gap-default\">\n\t\t\t\t\t<div class=\"elementor-column elementor-col-100 elementor-top-column elementor-element elementor-element-4706c1a\" data-id=\"4706c1a\" data-element_type=\"column\" data-e-type=\"column\">\n\t\t\t<div class=\"elementor-widget-wrap elementor-element-populated\">\n\t\t\t\t\t\t<div class=\"elementor-element elementor-element-4fb5737 elementor-widget elementor-widget-heading\" data-id=\"4fb5737\" data-element_type=\"widget\" data-e-type=\"widget\" data-widget_type=\"heading.default\">\n\t\t\t\t<div class=\"elementor-widget-container\">\n\t\t\t\t\t<h2 class=\"elementor-heading-title elementor-size-default\"> Diversidad y democracia en acci\u00f3n<\/h2>\t\t\t\t<\/div>\n\t\t\t\t<\/div>\n\t\t\t\t\t<\/div>\n\t\t<\/div>\n\t\t\t\t\t<\/div>\n\t\t<\/section>\n\t\t\t\t<section class=\"elementor-section elementor-top-section elementor-element elementor-element-976c666 elementor-section-boxed elementor-section-height-default elementor-section-height-default\" data-id=\"976c666\" data-element_type=\"section\" data-e-type=\"section\">\n\t\t\t\t\t\t<div class=\"elementor-container elementor-column-gap-default\">\n\t\t\t\t\t<div class=\"elementor-column elementor-col-100 elementor-top-column elementor-element elementor-element-596f4d0\" data-id=\"596f4d0\" data-element_type=\"column\" data-e-type=\"column\">\n\t\t\t<div class=\"elementor-widget-wrap elementor-element-populated\">\n\t\t\t\t\t\t<div class=\"elementor-element elementor-element-9a3df0c elementor-widget elementor-widget-text-editor\" data-id=\"9a3df0c\" data-element_type=\"widget\" data-e-type=\"widget\" data-widget_type=\"text-editor.default\">\n\t\t\t\t<div class=\"elementor-widget-container\">\n\t\t\t\t\t\t\t\t\t<p><span style=\"font-weight: 400;\">Con una poblaci\u00f3n en la que el 18,7% son personas de origen extranjero, Horta-Guinard\u00f3 afronta este proceso con el objetivo de construir un modelo participativo que refleje la pluralidad del distrito. Esta iniciativa refuerza el v\u00ednculo entre las instituciones municipales y la ciudadan\u00eda, promoviendo una gesti\u00f3n p\u00fablica m\u00e1s inclusiva y deliberativa. <\/span><\/p>\n\t\t\t\t\t\t\t\t<\/div>\n\t\t\t\t<\/div>\n\t\t\t\t\t<\/div>\n\t\t<\/div>\n\t\t\t\t\t<\/div>\n\t\t<\/section>\n\t\t\t\t<section class=\"elementor-section elementor-top-section elementor-element elementor-element-9dc9e11 elementor-section-boxed elementor-section-height-default elementor-section-height-default\" data-id=\"9dc9e11\" data-element_type=\"section\" data-e-type=\"section\">\n\t\t\t\t\t\t<div class=\"elementor-container elementor-column-gap-default\">\n\t\t\t\t\t<div class=\"elementor-column elementor-col-100 elementor-top-column elementor-element elementor-element-708f7ee\" data-id=\"708f7ee\" data-element_type=\"column\" data-e-type=\"column\">\n\t\t\t<div class=\"elementor-widget-wrap elementor-element-populated\">\n\t\t\t\t\t\t<div class=\"elementor-element elementor-element-1078363 elementor-widget-divider--view-line elementor-widget elementor-widget-divider\" data-id=\"1078363\" data-element_type=\"widget\" data-e-type=\"widget\" data-widget_type=\"divider.default\">\n\t\t\t\t<div class=\"elementor-widget-container\">\n\t\t\t\t\t\t\t<div class=\"elementor-divider\">\n\t\t\t<span class=\"elementor-divider-separator\">\n\t\t\t\t\t\t<\/span>\n\t\t<\/div>\n\t\t\t\t\t\t<\/div>\n\t\t\t\t<\/div>\n\t\t\t\t\t<\/div>\n\t\t<\/div>\n\t\t\t\t\t<\/div>\n\t\t<\/section>\n\t\t\t\t<section class=\"elementor-section elementor-top-section elementor-element elementor-element-a08750e elementor-section-boxed elementor-section-height-default elementor-section-height-default\" data-id=\"a08750e\" data-element_type=\"section\" data-e-type=\"section\">\n\t\t\t\t\t\t<div class=\"elementor-container elementor-column-gap-default\">\n\t\t\t\t\t<div class=\"elementor-column elementor-col-100 elementor-top-column elementor-element elementor-element-7d54b19\" data-id=\"7d54b19\" data-element_type=\"column\" data-e-type=\"column\">\n\t\t\t<div class=\"elementor-widget-wrap elementor-element-populated\">\n\t\t\t\t\t\t<div class=\"elementor-element elementor-element-729dfcd elementor-widget elementor-widget-text-editor\" data-id=\"729dfcd\" data-element_type=\"widget\" data-e-type=\"widget\" data-widget_type=\"text-editor.default\">\n\t\t\t\t<div class=\"elementor-widget-container\">\n\t\t\t\t\t\t\t\t\t<h5 style=\"text-align: center;\"><strong>\u00bfNecesitas m\u00e1s informaci\u00f3n sobre los procesos participativos de PortaCabot?<\/strong><\/h5>\n\t\t\t\t\t\t\t\t<\/div>\n\t\t\t\t<\/div>\n\t\t\t\t\t<\/div>\n\t\t<\/div>\n\t\t\t\t\t<\/div>\n\t\t<\/section>\n\t\t\t\t<section class=\"elementor-section elementor-top-section elementor-element elementor-element-9c363c5 elementor-section-boxed elementor-section-height-default elementor-section-height-default\" data-id=\"9c363c5\" data-element_type=\"section\" data-e-type=\"section\">\n\t\t\t\t\t\t<div class=\"elementor-container elementor-column-gap-default\">\n\t\t\t\t\t<div class=\"elementor-column elementor-col-100 elementor-top-column elementor-element elementor-element-bef528a\" data-id=\"bef528a\" data-element_type=\"column\" data-e-type=\"column\">\n\t\t\t<div class=\"elementor-widget-wrap elementor-element-populated\">\n\t\t\t\t\t\t<div class=\"elementor-element elementor-element-8a3c673 elementor-align-center elementor-widget elementor-widget-button\" data-id=\"8a3c673\" data-element_type=\"widget\" data-e-type=\"widget\" data-widget_type=\"button.default\">\n\t\t\t\t<div class=\"elementor-widget-container\">\n\t\t\t\t\t\t\t\t\t<div class=\"elementor-button-wrapper\">\n\t\t\t\t\t<a class=\"elementor-button elementor-button-link elementor-size-sm\" href=\"https:\/\/www.portacabot.com\/es\/contacto\/\">\n\t\t\t\t\t\t<span class=\"elementor-button-content-wrapper\">\n\t\t\t\t\t\t<span class=\"elementor-button-icon\">\n\t\t\t\t<i aria-hidden=\"true\" class=\"fas fa-phone-alt\"><\/i>\t\t\t<\/span>\n\t\t\t\t\t\t\t\t\t<span class=\"elementor-button-text\">\u00a1Cont\u00e1ctanos!<\/span>\n\t\t\t\t\t<\/span>\n\t\t\t\t\t<\/a>\n\t\t\t\t<\/div>\n\t\t\t\t\t\t\t\t<\/div>\n\t\t\t\t<\/div>\n\t\t\t\t\t<\/div>\n\t\t<\/div>\n\t\t\t\t\t<\/div>\n\t\t<\/section>\n\t\t\t\t<\/div>\n\t\t","protected":false},"excerpt":{"rendered":"<p>El Distrito de Horta-Guinard\u00f3 pondr\u00e1 en marcha, a partir de octubre de 2024, un proceso de presupuestos participativos destinado a fortalecer la implicaci\u00f3n ciudadana en las inversiones municipales. PortaCabot ser\u00e1 la encargada de dinamizar este proyecto, que se extender\u00e1 durante siete meses y contar\u00e1 con una planificaci\u00f3n estructurada para garantizar la participaci\u00f3n abierta y transparente [&hellip;]<\/p>\n","protected":false},"author":5,"featured_media":23954,"comment_status":"closed","ping_status":"closed","sticky":false,"template":"","format":"standard","meta":{"footnotes":""},"categories":[37],"tags":[],"class_list":["post-23951","post","type-post","status-publish","format-standard","has-post-thumbnail","hentry","category-participacion"],"yoast_head":"<!-- This site is optimized with the Yoast SEO plugin v27.5 - https:\/\/yoast.com\/product\/yoast-seo-wordpress\/ -->\n<title>Un nuevo impulso para la participaci\u00f3n ciudadana en Horta-Guinard\u00f3 - Portacabot<\/title>\n<meta name=\"description\" content=\"Horta-Guinard\u00f3 impulsa la participaci\u00f3n ciudadana con un proceso de presupuestos inclusivo y transparente liderado por PortaCabot.\" \/>\n<meta name=\"robots\" content=\"index, follow, max-snippet:-1, max-image-preview:large, max-video-preview:-1\" \/>\n<link rel=\"canonical\" href=\"https:\/\/www.portacabot.com\/es\/un-nuevo-impulso-para-la-participacion-ciudadana-en-horta-guinardo\/\" \/>\n<meta property=\"og:locale\" content=\"es_ES\" \/>\n<meta property=\"og:type\" content=\"article\" \/>\n<meta property=\"og:title\" content=\"Un nuevo impulso para la participaci\u00f3n ciudadana en Horta-Guinard\u00f3 - Portacabot\" \/>\n<meta property=\"og:description\" content=\"Horta-Guinard\u00f3 impulsa la participaci\u00f3n ciudadana con un proceso de presupuestos inclusivo y transparente liderado por PortaCabot.\" \/>\n<meta property=\"og:url\" content=\"https:\/\/www.portacabot.com\/es\/un-nuevo-impulso-para-la-participacion-ciudadana-en-horta-guinardo\/\" \/>\n<meta property=\"og:site_name\" content=\"Portacabot\" \/>\n<meta property=\"article:published_time\" content=\"2024-12-24T10:36:57+00:00\" \/>\n<meta property=\"article:modified_time\" content=\"2024-12-24T10:49:03+00:00\" \/>\n<meta property=\"og:image\" content=\"https:\/\/www.portacabot.com\/wp-content\/uploads\/2024\/12\/licensed-image.jpg\" \/>\n\t<meta property=\"og:image:width\" content=\"608\" \/>\n\t<meta property=\"og:image:height\" content=\"351\" \/>\n\t<meta property=\"og:image:type\" content=\"image\/jpeg\" \/>\n<meta name=\"author\" content=\"Marketing\" \/>\n<meta name=\"twitter:card\" content=\"summary_large_image\" \/>\n<meta name=\"twitter:label1\" content=\"Written by\" \/>\n\t<meta name=\"twitter:data1\" content=\"Marketing\" \/>\n\t<meta name=\"twitter:label2\" content=\"Est. reading time\" \/>\n\t<meta name=\"twitter:data2\" content=\"2 minutes\" \/>\n<script type=\"application\/ld+json\" class=\"yoast-schema-graph\">{\"@context\":\"https:\\\/\\\/schema.org\",\"@graph\":[{\"@type\":\"Article\",\"@id\":\"https:\\\/\\\/www.portacabot.com\\\/es\\\/un-nuevo-impulso-para-la-participacion-ciudadana-en-horta-guinardo\\\/#article\",\"isPartOf\":{\"@id\":\"https:\\\/\\\/www.portacabot.com\\\/es\\\/un-nuevo-impulso-para-la-participacion-ciudadana-en-horta-guinardo\\\/\"},\"author\":{\"name\":\"Marketing\",\"@id\":\"https:\\\/\\\/www.portacabot.com\\\/es\\\/#\\\/schema\\\/person\\\/967b3393e1ee8a31727f67a78b0884e1\"},\"headline\":\"Un nuevo impulso para la participaci\u00f3n ciudadana en Horta-Guinard\u00f3\",\"datePublished\":\"2024-12-24T10:36:57+00:00\",\"dateModified\":\"2024-12-24T10:49:03+00:00\",\"mainEntityOfPage\":{\"@id\":\"https:\\\/\\\/www.portacabot.com\\\/es\\\/un-nuevo-impulso-para-la-participacion-ciudadana-en-horta-guinardo\\\/\"},\"wordCount\":478,\"publisher\":{\"@id\":\"https:\\\/\\\/www.portacabot.com\\\/es\\\/#organization\"},\"image\":{\"@id\":\"https:\\\/\\\/www.portacabot.com\\\/es\\\/un-nuevo-impulso-para-la-participacion-ciudadana-en-horta-guinardo\\\/#primaryimage\"},\"thumbnailUrl\":\"https:\\\/\\\/www.portacabot.com\\\/wp-content\\\/uploads\\\/2024\\\/12\\\/licensed-image.jpg\",\"articleSection\":[\"Participaci\u00f3n\"],\"inLanguage\":\"ES\"},{\"@type\":\"WebPage\",\"@id\":\"https:\\\/\\\/www.portacabot.com\\\/es\\\/un-nuevo-impulso-para-la-participacion-ciudadana-en-horta-guinardo\\\/\",\"url\":\"https:\\\/\\\/www.portacabot.com\\\/es\\\/un-nuevo-impulso-para-la-participacion-ciudadana-en-horta-guinardo\\\/\",\"name\":\"Un nuevo impulso para la participaci\u00f3n ciudadana en Horta-Guinard\u00f3 - Portacabot\",\"isPartOf\":{\"@id\":\"https:\\\/\\\/www.portacabot.com\\\/es\\\/#website\"},\"primaryImageOfPage\":{\"@id\":\"https:\\\/\\\/www.portacabot.com\\\/es\\\/un-nuevo-impulso-para-la-participacion-ciudadana-en-horta-guinardo\\\/#primaryimage\"},\"image\":{\"@id\":\"https:\\\/\\\/www.portacabot.com\\\/es\\\/un-nuevo-impulso-para-la-participacion-ciudadana-en-horta-guinardo\\\/#primaryimage\"},\"thumbnailUrl\":\"https:\\\/\\\/www.portacabot.com\\\/wp-content\\\/uploads\\\/2024\\\/12\\\/licensed-image.jpg\",\"datePublished\":\"2024-12-24T10:36:57+00:00\",\"dateModified\":\"2024-12-24T10:49:03+00:00\",\"description\":\"Horta-Guinard\u00f3 impulsa la participaci\u00f3n ciudadana con un proceso de presupuestos inclusivo y transparente liderado por PortaCabot.\",\"breadcrumb\":{\"@id\":\"https:\\\/\\\/www.portacabot.com\\\/es\\\/un-nuevo-impulso-para-la-participacion-ciudadana-en-horta-guinardo\\\/#breadcrumb\"},\"inLanguage\":\"ES\",\"potentialAction\":[{\"@type\":\"ReadAction\",\"target\":[\"https:\\\/\\\/www.portacabot.com\\\/es\\\/un-nuevo-impulso-para-la-participacion-ciudadana-en-horta-guinardo\\\/\"]}]},{\"@type\":\"ImageObject\",\"inLanguage\":\"ES\",\"@id\":\"https:\\\/\\\/www.portacabot.com\\\/es\\\/un-nuevo-impulso-para-la-participacion-ciudadana-en-horta-guinardo\\\/#primaryimage\",\"url\":\"https:\\\/\\\/www.portacabot.com\\\/wp-content\\\/uploads\\\/2024\\\/12\\\/licensed-image.jpg\",\"contentUrl\":\"https:\\\/\\\/www.portacabot.com\\\/wp-content\\\/uploads\\\/2024\\\/12\\\/licensed-image.jpg\",\"width\":608,\"height\":351,\"caption\":\"participaci\u00f3 ciutadana horta-guinard\u00f3\"},{\"@type\":\"BreadcrumbList\",\"@id\":\"https:\\\/\\\/www.portacabot.com\\\/es\\\/un-nuevo-impulso-para-la-participacion-ciudadana-en-horta-guinardo\\\/#breadcrumb\",\"itemListElement\":[{\"@type\":\"ListItem\",\"position\":1,\"name\":\"Inici\",\"item\":\"https:\\\/\\\/www.portacabot.com\\\/es\\\/\"},{\"@type\":\"ListItem\",\"position\":2,\"name\":\"Un nuevo impulso para la participaci\u00f3n ciudadana en Horta-Guinard\u00f3\"}]},{\"@type\":\"WebSite\",\"@id\":\"https:\\\/\\\/www.portacabot.com\\\/es\\\/#website\",\"url\":\"https:\\\/\\\/www.portacabot.com\\\/es\\\/\",\"name\":\"Portacabot\",\"description\":\"Solucions a les necessitats de les administracions i al conjunt de la societat\",\"publisher\":{\"@id\":\"https:\\\/\\\/www.portacabot.com\\\/es\\\/#organization\"},\"potentialAction\":[{\"@type\":\"SearchAction\",\"target\":{\"@type\":\"EntryPoint\",\"urlTemplate\":\"https:\\\/\\\/www.portacabot.com\\\/es\\\/?s={search_term_string}\"},\"query-input\":{\"@type\":\"PropertyValueSpecification\",\"valueRequired\":true,\"valueName\":\"search_term_string\"}}],\"inLanguage\":\"ES\"},{\"@type\":\"Organization\",\"@id\":\"https:\\\/\\\/www.portacabot.com\\\/es\\\/#organization\",\"name\":\"Portacabot\",\"url\":\"https:\\\/\\\/www.portacabot.com\\\/es\\\/\",\"logo\":{\"@type\":\"ImageObject\",\"inLanguage\":\"ES\",\"@id\":\"https:\\\/\\\/www.portacabot.com\\\/es\\\/#\\\/schema\\\/logo\\\/image\\\/\",\"url\":\"https:\\\/\\\/www.portacabot.com\\\/wp-content\\\/uploads\\\/2022\\\/03\\\/cropped-logo_portacabot.png\",\"contentUrl\":\"https:\\\/\\\/www.portacabot.com\\\/wp-content\\\/uploads\\\/2022\\\/03\\\/cropped-logo_portacabot.png\",\"width\":300,\"height\":85,\"caption\":\"Portacabot\"},\"image\":{\"@id\":\"https:\\\/\\\/www.portacabot.com\\\/es\\\/#\\\/schema\\\/logo\\\/image\\\/\"}},{\"@type\":\"Person\",\"@id\":\"https:\\\/\\\/www.portacabot.com\\\/es\\\/#\\\/schema\\\/person\\\/967b3393e1ee8a31727f67a78b0884e1\",\"name\":\"Marketing\",\"image\":{\"@type\":\"ImageObject\",\"inLanguage\":\"ES\",\"@id\":\"https:\\\/\\\/secure.gravatar.com\\\/avatar\\\/390f1a3521b96f02b13d0dfa32b4729c11ab8aa3f7f4a76b8faf4b1ccb9ad046?s=96&d=mm&r=g\",\"url\":\"https:\\\/\\\/secure.gravatar.com\\\/avatar\\\/390f1a3521b96f02b13d0dfa32b4729c11ab8aa3f7f4a76b8faf4b1ccb9ad046?s=96&d=mm&r=g\",\"contentUrl\":\"https:\\\/\\\/secure.gravatar.com\\\/avatar\\\/390f1a3521b96f02b13d0dfa32b4729c11ab8aa3f7f4a76b8faf4b1ccb9ad046?s=96&d=mm&r=g\",\"caption\":\"Marketing\"}}]}<\/script>\n<!-- \/ Yoast SEO plugin. -->","yoast_head_json":{"title":"Un nuevo impulso para la participaci\u00f3n ciudadana en Horta-Guinard\u00f3 - Portacabot","description":"Horta-Guinard\u00f3 impulsa la participaci\u00f3n ciudadana con un proceso de presupuestos inclusivo y transparente liderado por PortaCabot.","robots":{"index":"index","follow":"follow","max-snippet":"max-snippet:-1","max-image-preview":"max-image-preview:large","max-video-preview":"max-video-preview:-1"},"canonical":"https:\/\/www.portacabot.com\/es\/un-nuevo-impulso-para-la-participacion-ciudadana-en-horta-guinardo\/","og_locale":"es_ES","og_type":"article","og_title":"Un nuevo impulso para la participaci\u00f3n ciudadana en Horta-Guinard\u00f3 - Portacabot","og_description":"Horta-Guinard\u00f3 impulsa la participaci\u00f3n ciudadana con un proceso de presupuestos inclusivo y transparente liderado por PortaCabot.","og_url":"https:\/\/www.portacabot.com\/es\/un-nuevo-impulso-para-la-participacion-ciudadana-en-horta-guinardo\/","og_site_name":"Portacabot","article_published_time":"2024-12-24T10:36:57+00:00","article_modified_time":"2024-12-24T10:49:03+00:00","og_image":[{"width":608,"height":351,"url":"https:\/\/www.portacabot.com\/wp-content\/uploads\/2024\/12\/licensed-image.jpg","type":"image\/jpeg"}],"author":"Marketing","twitter_card":"summary_large_image","twitter_misc":{"Written by":"Marketing","Est. reading time":"2 minutes"},"schema":{"@context":"https:\/\/schema.org","@graph":[{"@type":"Article","@id":"https:\/\/www.portacabot.com\/es\/un-nuevo-impulso-para-la-participacion-ciudadana-en-horta-guinardo\/#article","isPartOf":{"@id":"https:\/\/www.portacabot.com\/es\/un-nuevo-impulso-para-la-participacion-ciudadana-en-horta-guinardo\/"},"author":{"name":"Marketing","@id":"https:\/\/www.portacabot.com\/es\/#\/schema\/person\/967b3393e1ee8a31727f67a78b0884e1"},"headline":"Un nuevo impulso para la participaci\u00f3n ciudadana en Horta-Guinard\u00f3","datePublished":"2024-12-24T10:36:57+00:00","dateModified":"2024-12-24T10:49:03+00:00","mainEntityOfPage":{"@id":"https:\/\/www.portacabot.com\/es\/un-nuevo-impulso-para-la-participacion-ciudadana-en-horta-guinardo\/"},"wordCount":478,"publisher":{"@id":"https:\/\/www.portacabot.com\/es\/#organization"},"image":{"@id":"https:\/\/www.portacabot.com\/es\/un-nuevo-impulso-para-la-participacion-ciudadana-en-horta-guinardo\/#primaryimage"},"thumbnailUrl":"https:\/\/www.portacabot.com\/wp-content\/uploads\/2024\/12\/licensed-image.jpg","articleSection":["Participaci\u00f3n"],"inLanguage":"ES"},{"@type":"WebPage","@id":"https:\/\/www.portacabot.com\/es\/un-nuevo-impulso-para-la-participacion-ciudadana-en-horta-guinardo\/","url":"https:\/\/www.portacabot.com\/es\/un-nuevo-impulso-para-la-participacion-ciudadana-en-horta-guinardo\/","name":"Un nuevo impulso para la participaci\u00f3n ciudadana en Horta-Guinard\u00f3 - Portacabot","isPartOf":{"@id":"https:\/\/www.portacabot.com\/es\/#website"},"primaryImageOfPage":{"@id":"https:\/\/www.portacabot.com\/es\/un-nuevo-impulso-para-la-participacion-ciudadana-en-horta-guinardo\/#primaryimage"},"image":{"@id":"https:\/\/www.portacabot.com\/es\/un-nuevo-impulso-para-la-participacion-ciudadana-en-horta-guinardo\/#primaryimage"},"thumbnailUrl":"https:\/\/www.portacabot.com\/wp-content\/uploads\/2024\/12\/licensed-image.jpg","datePublished":"2024-12-24T10:36:57+00:00","dateModified":"2024-12-24T10:49:03+00:00","description":"Horta-Guinard\u00f3 impulsa la participaci\u00f3n ciudadana con un proceso de presupuestos inclusivo y transparente liderado por PortaCabot.","breadcrumb":{"@id":"https:\/\/www.portacabot.com\/es\/un-nuevo-impulso-para-la-participacion-ciudadana-en-horta-guinardo\/#breadcrumb"},"inLanguage":"ES","potentialAction":[{"@type":"ReadAction","target":["https:\/\/www.portacabot.com\/es\/un-nuevo-impulso-para-la-participacion-ciudadana-en-horta-guinardo\/"]}]},{"@type":"ImageObject","inLanguage":"ES","@id":"https:\/\/www.portacabot.com\/es\/un-nuevo-impulso-para-la-participacion-ciudadana-en-horta-guinardo\/#primaryimage","url":"https:\/\/www.portacabot.com\/wp-content\/uploads\/2024\/12\/licensed-image.jpg","contentUrl":"https:\/\/www.portacabot.com\/wp-content\/uploads\/2024\/12\/licensed-image.jpg","width":608,"height":351,"caption":"participaci\u00f3 ciutadana horta-guinard\u00f3"},{"@type":"BreadcrumbList","@id":"https:\/\/www.portacabot.com\/es\/un-nuevo-impulso-para-la-participacion-ciudadana-en-horta-guinardo\/#breadcrumb","itemListElement":[{"@type":"ListItem","position":1,"name":"Inici","item":"https:\/\/www.portacabot.com\/es\/"},{"@type":"ListItem","position":2,"name":"Un nuevo impulso para la participaci\u00f3n ciudadana en Horta-Guinard\u00f3"}]},{"@type":"WebSite","@id":"https:\/\/www.portacabot.com\/es\/#website","url":"https:\/\/www.portacabot.com\/es\/","name":"Portacabot","description":"Solucions a les necessitats de les administracions i al conjunt de la societat","publisher":{"@id":"https:\/\/www.portacabot.com\/es\/#organization"},"potentialAction":[{"@type":"SearchAction","target":{"@type":"EntryPoint","urlTemplate":"https:\/\/www.portacabot.com\/es\/?s={search_term_string}"},"query-input":{"@type":"PropertyValueSpecification","valueRequired":true,"valueName":"search_term_string"}}],"inLanguage":"ES"},{"@type":"Organization","@id":"https:\/\/www.portacabot.com\/es\/#organization","name":"Portacabot","url":"https:\/\/www.portacabot.com\/es\/","logo":{"@type":"ImageObject","inLanguage":"ES","@id":"https:\/\/www.portacabot.com\/es\/#\/schema\/logo\/image\/","url":"https:\/\/www.portacabot.com\/wp-content\/uploads\/2022\/03\/cropped-logo_portacabot.png","contentUrl":"https:\/\/www.portacabot.com\/wp-content\/uploads\/2022\/03\/cropped-logo_portacabot.png","width":300,"height":85,"caption":"Portacabot"},"image":{"@id":"https:\/\/www.portacabot.com\/es\/#\/schema\/logo\/image\/"}},{"@type":"Person","@id":"https:\/\/www.portacabot.com\/es\/#\/schema\/person\/967b3393e1ee8a31727f67a78b0884e1","name":"Marketing","image":{"@type":"ImageObject","inLanguage":"ES","@id":"https:\/\/secure.gravatar.com\/avatar\/390f1a3521b96f02b13d0dfa32b4729c11ab8aa3f7f4a76b8faf4b1ccb9ad046?s=96&d=mm&r=g","url":"https:\/\/secure.gravatar.com\/avatar\/390f1a3521b96f02b13d0dfa32b4729c11ab8aa3f7f4a76b8faf4b1ccb9ad046?s=96&d=mm&r=g","contentUrl":"https:\/\/secure.gravatar.com\/avatar\/390f1a3521b96f02b13d0dfa32b4729c11ab8aa3f7f4a76b8faf4b1ccb9ad046?s=96&d=mm&r=g","caption":"Marketing"}}]}},"_links":{"self":[{"href":"https:\/\/www.portacabot.com\/es\/wp-json\/wp\/v2\/posts\/23951","targetHints":{"allow":["GET"]}}],"collection":[{"href":"https:\/\/www.portacabot.com\/es\/wp-json\/wp\/v2\/posts"}],"about":[{"href":"https:\/\/www.portacabot.com\/es\/wp-json\/wp\/v2\/types\/post"}],"author":[{"embeddable":true,"href":"https:\/\/www.portacabot.com\/es\/wp-json\/wp\/v2\/users\/5"}],"replies":[{"embeddable":true,"href":"https:\/\/www.portacabot.com\/es\/wp-json\/wp\/v2\/comments?post=23951"}],"version-history":[{"count":1,"href":"https:\/\/www.portacabot.com\/es\/wp-json\/wp\/v2\/posts\/23951\/revisions"}],"predecessor-version":[{"id":23952,"href":"https:\/\/www.portacabot.com\/es\/wp-json\/wp\/v2\/posts\/23951\/revisions\/23952"}],"wp:featuredmedia":[{"embeddable":true,"href":"https:\/\/www.portacabot.com\/es\/wp-json\/wp\/v2\/media\/23954"}],"wp:attachment":[{"href":"https:\/\/www.portacabot.com\/es\/wp-json\/wp\/v2\/media?parent=23951"}],"wp:term":[{"taxonomy":"category","embeddable":true,"href":"https:\/\/www.portacabot.com\/es\/wp-json\/wp\/v2\/categories?post=23951"},{"taxonomy":"post_tag","embeddable":true,"href":"https:\/\/www.portacabot.com\/es\/wp-json\/wp\/v2\/tags?post=23951"}],"curies":[{"name":"wp","href":"https:\/\/api.w.org\/{rel}","templated":true}]}}