{"id":23584,"date":"2024-04-26T08:23:59","date_gmt":"2024-04-26T08:23:59","guid":{"rendered":"https:\/\/www.portacabot.com\/dialogos-de-diversidad-con-los-grupos-de-dialogo-interreligioso-y-interconviccional\/"},"modified":"2024-04-26T08:37:09","modified_gmt":"2024-04-26T08:37:09","slug":"dialogos-de-diversidad-con-los-grupos-de-dialogo-interreligioso-y-interconviccional","status":"publish","type":"post","link":"https:\/\/www.portacabot.com\/es\/dialogos-de-diversidad-con-los-grupos-de-dialogo-interreligioso-y-interconviccional\/","title":{"rendered":"Di\u00e1logos de diversidad con los Grupos de Di\u00e1logo Interreligioso y Interconviccional"},"content":{"rendered":"\t\t<div data-elementor-type=\"wp-post\" data-elementor-id=\"23584\" class=\"elementor elementor-23584 elementor-23574\" wpc-filter-elementor-widget=\"1\" data-elementor-post-type=\"post\">\n\t\t\t\t\t\t<section class=\"elementor-section elementor-top-section elementor-element elementor-element-7c0911d elementor-section-boxed elementor-section-height-default elementor-section-height-default\" data-id=\"7c0911d\" data-element_type=\"section\" data-e-type=\"section\">\n\t\t\t\t\t\t<div class=\"elementor-container elementor-column-gap-default\">\n\t\t\t\t\t<div class=\"elementor-column elementor-col-100 elementor-top-column elementor-element elementor-element-e94f891\" data-id=\"e94f891\" data-element_type=\"column\" data-e-type=\"column\">\n\t\t\t<div class=\"elementor-widget-wrap elementor-element-populated\">\n\t\t\t\t\t\t<div class=\"elementor-element elementor-element-3cae99b elementor-widget elementor-widget-text-editor\" data-id=\"3cae99b\" data-element_type=\"widget\" data-e-type=\"widget\" data-widget_type=\"text-editor.default\">\n\t\t\t\t<div class=\"elementor-widget-container\">\n\t\t\t\t\t\t\t\t\t<p><span style=\"font-weight: 400;\">Portacabot gestiona desde marzo de 2023 los<\/span> <b>Grupos de Di\u00e1logo Interreligioso y Interconviccional (GDI)<\/b> <span style=\"font-weight: 400;\">del Ayuntamiento de Barcelona. Los GDI son <\/span><b> espacios de conversaci\u00f3n, reflexi\u00f3n y de propuesta de iniciativas comunes <\/b> <span style=\"font-weight: 400;\">desde la diferencia religiosa, espiritual o de conciencia. <\/span> <\/p>\n<p><span style=\"font-weight: 400;\">Con los GDI se quiere dar<\/span> <b>visibilidad a la pluralidad religiosa, de convicciones y pensamiento<\/b> <span style=\"font-weight: 400;\">que hay en la ciudad. Son espacios de confianza, de reconocimiento mutuo, donde el respeto es la ra\u00edz de todas las actividades. Se trabaja para<\/span> <b> romper prejuicios<\/b> <span style=\"font-weight: 400;\">hacia las tradiciones religiosas y mejorar la cohesi\u00f3n social en los barrios. <\/span><\/p>\n\t\t\t\t\t\t\t\t<\/div>\n\t\t\t\t<\/div>\n\t\t\t\t\t<\/div>\n\t\t<\/div>\n\t\t\t\t\t<\/div>\n\t\t<\/section>\n\t\t\t\t<section class=\"elementor-section elementor-top-section elementor-element elementor-element-779c7ca elementor-section-boxed elementor-section-height-default elementor-section-height-default\" data-id=\"779c7ca\" data-element_type=\"section\" data-e-type=\"section\">\n\t\t\t\t\t\t<div class=\"elementor-container elementor-column-gap-default\">\n\t\t\t\t\t<div class=\"elementor-column elementor-col-100 elementor-top-column elementor-element elementor-element-c44a7f7\" data-id=\"c44a7f7\" data-element_type=\"column\" data-e-type=\"column\">\n\t\t\t<div class=\"elementor-widget-wrap elementor-element-populated\">\n\t\t\t\t\t\t<div class=\"elementor-element elementor-element-4c07370 elementor-widget elementor-widget-heading\" data-id=\"4c07370\" data-element_type=\"widget\" data-e-type=\"widget\" data-widget_type=\"heading.default\">\n\t\t\t\t<div class=\"elementor-widget-container\">\n\t\t\t\t\t<h2 class=\"elementor-heading-title elementor-size-default\">Expansi\u00f3n, de cuatro a siete grupos\n<\/h2>\t\t\t\t<\/div>\n\t\t\t\t<\/div>\n\t\t\t\t<div class=\"elementor-element elementor-element-d78cdb2 elementor-widget elementor-widget-text-editor\" data-id=\"d78cdb2\" data-element_type=\"widget\" data-e-type=\"widget\" data-widget_type=\"text-editor.default\">\n\t\t\t\t<div class=\"elementor-widget-container\">\n\t\t\t\t\t\t\t\t\t<p><span style=\"font-weight: 400;\">Cuando se asumi\u00f3 este proyecto hab\u00eda cuatro GDI activos:<\/span> <b>Bes\u00f3s-Maresme<\/b><span style=\"font-weight: 400;\">,<\/span> <b> Nueve Barrios Centro<\/b><span style=\"font-weight: 400;\">,<\/span> <b>Nueve Barrios Zona Norte<\/b> <span style=\"font-weight: 400;\">y<\/span> <b>Sants <\/b><span style=\"font-weight: 400;\">. A ra\u00edz de nuestra gesti\u00f3n se han incrementado hasta siete, con la incorporaci\u00f3n de<\/span> <b>San Andreu<\/b><span style=\"font-weight: 400;\">, <\/span> <b> Eixample Izquierda<\/b> <span style=\"font-weight: 400;\">y <\/span> <b>Eixample Derecha. <\/b> <\/p>\n<p><span style=\"font-weight: 400;\">Adem\u00e1s de estos grupos, el pasado 25 de enero se inici\u00f3 lo<\/span> <b>GDI de Mujeres,<\/b> <span style=\"font-weight: 400;\">un espacio transversal en que mujeres de diferentes tradiciones religiosas y espirituales puedan encontrarse, tanto para tratar temas que sean de inter\u00e9s com\u00fan como para promover iniciativas conjuntas. <\/span> <\/p>\n\t\t\t\t\t\t\t\t<\/div>\n\t\t\t\t<\/div>\n\t\t\t\t\t<\/div>\n\t\t<\/div>\n\t\t\t\t\t<\/div>\n\t\t<\/section>\n\t\t\t\t<section class=\"elementor-section elementor-top-section elementor-element elementor-element-07b56f3 elementor-section-boxed elementor-section-height-default elementor-section-height-default\" data-id=\"07b56f3\" data-element_type=\"section\" data-e-type=\"section\">\n\t\t\t\t\t\t<div class=\"elementor-container elementor-column-gap-default\">\n\t\t\t\t\t<div class=\"elementor-column elementor-col-100 elementor-top-column elementor-element elementor-element-b81536d\" data-id=\"b81536d\" data-element_type=\"column\" data-e-type=\"column\">\n\t\t\t<div class=\"elementor-widget-wrap elementor-element-populated\">\n\t\t\t\t\t\t<div class=\"elementor-element elementor-element-2c81fdc elementor-widget elementor-widget-heading\" data-id=\"2c81fdc\" data-element_type=\"widget\" data-e-type=\"widget\" data-widget_type=\"heading.default\">\n\t\t\t\t<div class=\"elementor-widget-container\">\n\t\t\t\t\t<h2 class=\"elementor-heading-title elementor-size-default\">Pluralidad, acuerdo mutuo y cohesi\u00f3n social\n\n<\/h2>\t\t\t\t<\/div>\n\t\t\t\t<\/div>\n\t\t\t\t<div class=\"elementor-element elementor-element-cad40c2 elementor-widget elementor-widget-text-editor\" data-id=\"cad40c2\" data-element_type=\"widget\" data-e-type=\"widget\" data-widget_type=\"text-editor.default\">\n\t\t\t\t<div class=\"elementor-widget-container\">\n\t\t\t\t\t\t\t\t\t<p><span style=\"font-weight: 400;\">La gesti\u00f3n de Portacabot de GDI del Ayuntamiento de Barcelona ha sido un paso innovador hacia la inclusi\u00f3n y el reconocimiento de la diversidad religiosa y de convicciones de la ciudad. La expansi\u00f3n de cuatro a siete grupos, junto con la creaci\u00f3n del GDI de Mujeres, demuestra un<\/span> <span style=\"font-weight: 400;\"> progreso tangible en la promoci\u00f3n del<\/span> <b>acuerdo mutuo y la cohesi\u00f3n social. <\/b> <span style=\"font-weight: 400;\">Estos espacios de di\u00e1logo han acontecido <\/span> <b>ejes vitales para la visibilidad de la pluralidad, la construcci\u00f3n de la confianza comunitaria, y la desmitificaci\u00f3n de prejuicios<\/b><span style=\"font-weight: 400;\">, asentando las bases de una sociedad m\u00e1s respetuosa y unida. <\/span><\/p>\n\t\t\t\t\t\t\t\t<\/div>\n\t\t\t\t<\/div>\n\t\t\t\t\t<\/div>\n\t\t<\/div>\n\t\t\t\t\t<\/div>\n\t\t<\/section>\n\t\t\t\t<section class=\"elementor-section elementor-top-section elementor-element elementor-element-def1ab1 elementor-section-boxed elementor-section-height-default elementor-section-height-default\" data-id=\"def1ab1\" data-element_type=\"section\" data-e-type=\"section\">\n\t\t\t\t\t\t<div class=\"elementor-container elementor-column-gap-default\">\n\t\t\t\t\t<div class=\"elementor-column elementor-col-100 elementor-top-column elementor-element elementor-element-a96dbc3\" data-id=\"a96dbc3\" data-element_type=\"column\" data-e-type=\"column\">\n\t\t\t<div class=\"elementor-widget-wrap elementor-element-populated\">\n\t\t\t\t\t\t<div class=\"elementor-element elementor-element-6ffefc3 elementor-widget-divider--view-line elementor-widget elementor-widget-divider\" data-id=\"6ffefc3\" data-element_type=\"widget\" data-e-type=\"widget\" data-widget_type=\"divider.default\">\n\t\t\t\t<div class=\"elementor-widget-container\">\n\t\t\t\t\t\t\t<div class=\"elementor-divider\">\n\t\t\t<span class=\"elementor-divider-separator\">\n\t\t\t\t\t\t<\/span>\n\t\t<\/div>\n\t\t\t\t\t\t<\/div>\n\t\t\t\t<\/div>\n\t\t\t\t<div class=\"elementor-element elementor-element-0a219b9 elementor-widget elementor-widget-text-editor\" data-id=\"0a219b9\" data-element_type=\"widget\" data-e-type=\"widget\" data-widget_type=\"text-editor.default\">\n\t\t\t\t<div class=\"elementor-widget-container\">\n\t\t\t\t\t\t\t\t\t<h5 style=\"text-align: center;\"><strong>\u00bfNecesitas m\u00e1s informaci\u00f3n sobre este proyecto?<\/strong><\/h5>\n\t\t\t\t\t\t\t\t<\/div>\n\t\t\t\t<\/div>\n\t\t\t\t<div class=\"elementor-element elementor-element-f79fdf2 elementor-align-center elementor-widget elementor-widget-button\" data-id=\"f79fdf2\" data-element_type=\"widget\" data-e-type=\"widget\" data-widget_type=\"button.default\">\n\t\t\t\t<div class=\"elementor-widget-container\">\n\t\t\t\t\t\t\t\t\t<div class=\"elementor-button-wrapper\">\n\t\t\t\t\t<a class=\"elementor-button elementor-button-link elementor-size-sm\" href=\"https:\/\/www.portacabot.com\/es\/contacto\/\">\n\t\t\t\t\t\t<span class=\"elementor-button-content-wrapper\">\n\t\t\t\t\t\t<span class=\"elementor-button-icon\">\n\t\t\t\t<i aria-hidden=\"true\" class=\"fas fa-phone-alt\"><\/i>\t\t\t<\/span>\n\t\t\t\t\t\t\t\t\t<span class=\"elementor-button-text\">\u00a1Cont\u00e1ctanos!<\/span>\n\t\t\t\t\t<\/span>\n\t\t\t\t\t<\/a>\n\t\t\t\t<\/div>\n\t\t\t\t\t\t\t\t<\/div>\n\t\t\t\t<\/div>\n\t\t\t\t\t<\/div>\n\t\t<\/div>\n\t\t\t\t\t<\/div>\n\t\t<\/section>\n\t\t\t\t<\/div>\n\t\t","protected":false},"excerpt":{"rendered":"<p>Portacabot gestiona desde marzo de 2023 los Grupos de Di\u00e1logo Interreligioso y Interconviccional (GDI) del Ayuntamiento de Barcelona. Los GDI son espacios de conversaci\u00f3n, reflexi\u00f3n y de propuesta de iniciativas comunes desde la diferencia religiosa, espiritual o de conciencia. Con los GDI se quiere dar visibilidad a la pluralidad religiosa, de convicciones y pensamiento que [&hellip;]<\/p>\n","protected":false},"author":5,"featured_media":23583,"comment_status":"closed","ping_status":"closed","sticky":false,"template":"","format":"standard","meta":{"footnotes":""},"categories":[37],"tags":[],"class_list":["post-23584","post","type-post","status-publish","format-standard","has-post-thumbnail","hentry","category-participacion"],"yoast_head":"<!-- This site is optimized with the Yoast SEO plugin v27.5 - https:\/\/yoast.com\/product\/yoast-seo-wordpress\/ -->\n<title>Grupos de Di\u00e1logo Interreligioso y Interconviccional | Portacabot<\/title>\n<meta name=\"description\" content=\"Portacabot impulsa la cohesi\u00f3n en Barcelona con GDIs que fomentan el respeto y la uni\u00f3n en la diversidad religiosa y de convicciones.\" \/>\n<meta name=\"robots\" content=\"index, follow, max-snippet:-1, max-image-preview:large, max-video-preview:-1\" \/>\n<link rel=\"canonical\" href=\"https:\/\/www.portacabot.com\/es\/dialogos-de-diversidad-con-los-grupos-de-dialogo-interreligioso-y-interconviccional\/\" \/>\n<meta property=\"og:locale\" content=\"es_ES\" \/>\n<meta property=\"og:type\" content=\"article\" \/>\n<meta property=\"og:title\" content=\"Grupos de Di\u00e1logo Interreligioso y Interconviccional | Portacabot\" \/>\n<meta property=\"og:description\" content=\"Portacabot impulsa la cohesi\u00f3n en Barcelona con GDIs que fomentan el respeto y la uni\u00f3n en la diversidad religiosa y de convicciones.\" \/>\n<meta property=\"og:url\" content=\"https:\/\/www.portacabot.com\/es\/dialogos-de-diversidad-con-los-grupos-de-dialogo-interreligioso-y-interconviccional\/\" \/>\n<meta property=\"og:site_name\" content=\"Portacabot\" \/>\n<meta property=\"article:published_time\" content=\"2024-04-26T08:23:59+00:00\" \/>\n<meta property=\"article:modified_time\" content=\"2024-04-26T08:37:09+00:00\" \/>\n<meta property=\"og:image\" content=\"https:\/\/www.portacabot.com\/wp-content\/uploads\/2024\/04\/unnamed-1.png\" \/>\n\t<meta property=\"og:image:width\" content=\"512\" \/>\n\t<meta property=\"og:image:height\" content=\"472\" \/>\n\t<meta property=\"og:image:type\" content=\"image\/png\" \/>\n<meta name=\"author\" content=\"Marketing\" \/>\n<meta name=\"twitter:card\" content=\"summary_large_image\" \/>\n<meta name=\"twitter:label1\" content=\"Written by\" \/>\n\t<meta name=\"twitter:data1\" content=\"Marketing\" \/>\n\t<meta name=\"twitter:label2\" content=\"Est. reading time\" \/>\n\t<meta name=\"twitter:data2\" content=\"2 minutes\" \/>\n<script type=\"application\/ld+json\" class=\"yoast-schema-graph\">{\"@context\":\"https:\\\/\\\/schema.org\",\"@graph\":[{\"@type\":\"Article\",\"@id\":\"https:\\\/\\\/www.portacabot.com\\\/es\\\/dialogos-de-diversidad-con-los-grupos-de-dialogo-interreligioso-y-interconviccional\\\/#article\",\"isPartOf\":{\"@id\":\"https:\\\/\\\/www.portacabot.com\\\/es\\\/dialogos-de-diversidad-con-los-grupos-de-dialogo-interreligioso-y-interconviccional\\\/\"},\"author\":{\"name\":\"Marketing\",\"@id\":\"https:\\\/\\\/www.portacabot.com\\\/es\\\/#\\\/schema\\\/person\\\/967b3393e1ee8a31727f67a78b0884e1\"},\"headline\":\"Di\u00e1logos de diversidad con los Grupos de Di\u00e1logo Interreligioso y Interconviccional\",\"datePublished\":\"2024-04-26T08:23:59+00:00\",\"dateModified\":\"2024-04-26T08:37:09+00:00\",\"mainEntityOfPage\":{\"@id\":\"https:\\\/\\\/www.portacabot.com\\\/es\\\/dialogos-de-diversidad-con-los-grupos-de-dialogo-interreligioso-y-interconviccional\\\/\"},\"wordCount\":329,\"publisher\":{\"@id\":\"https:\\\/\\\/www.portacabot.com\\\/es\\\/#organization\"},\"image\":{\"@id\":\"https:\\\/\\\/www.portacabot.com\\\/es\\\/dialogos-de-diversidad-con-los-grupos-de-dialogo-interreligioso-y-interconviccional\\\/#primaryimage\"},\"thumbnailUrl\":\"https:\\\/\\\/www.portacabot.com\\\/wp-content\\\/uploads\\\/2024\\\/04\\\/unnamed-1.png\",\"articleSection\":[\"Participaci\u00f3n\"],\"inLanguage\":\"ES\"},{\"@type\":\"WebPage\",\"@id\":\"https:\\\/\\\/www.portacabot.com\\\/es\\\/dialogos-de-diversidad-con-los-grupos-de-dialogo-interreligioso-y-interconviccional\\\/\",\"url\":\"https:\\\/\\\/www.portacabot.com\\\/es\\\/dialogos-de-diversidad-con-los-grupos-de-dialogo-interreligioso-y-interconviccional\\\/\",\"name\":\"Grupos de Di\u00e1logo Interreligioso y Interconviccional | Portacabot\",\"isPartOf\":{\"@id\":\"https:\\\/\\\/www.portacabot.com\\\/es\\\/#website\"},\"primaryImageOfPage\":{\"@id\":\"https:\\\/\\\/www.portacabot.com\\\/es\\\/dialogos-de-diversidad-con-los-grupos-de-dialogo-interreligioso-y-interconviccional\\\/#primaryimage\"},\"image\":{\"@id\":\"https:\\\/\\\/www.portacabot.com\\\/es\\\/dialogos-de-diversidad-con-los-grupos-de-dialogo-interreligioso-y-interconviccional\\\/#primaryimage\"},\"thumbnailUrl\":\"https:\\\/\\\/www.portacabot.com\\\/wp-content\\\/uploads\\\/2024\\\/04\\\/unnamed-1.png\",\"datePublished\":\"2024-04-26T08:23:59+00:00\",\"dateModified\":\"2024-04-26T08:37:09+00:00\",\"description\":\"Portacabot impulsa la cohesi\u00f3n en Barcelona con GDIs que fomentan el respeto y la uni\u00f3n en la diversidad religiosa y de convicciones.\",\"breadcrumb\":{\"@id\":\"https:\\\/\\\/www.portacabot.com\\\/es\\\/dialogos-de-diversidad-con-los-grupos-de-dialogo-interreligioso-y-interconviccional\\\/#breadcrumb\"},\"inLanguage\":\"ES\",\"potentialAction\":[{\"@type\":\"ReadAction\",\"target\":[\"https:\\\/\\\/www.portacabot.com\\\/es\\\/dialogos-de-diversidad-con-los-grupos-de-dialogo-interreligioso-y-interconviccional\\\/\"]}]},{\"@type\":\"ImageObject\",\"inLanguage\":\"ES\",\"@id\":\"https:\\\/\\\/www.portacabot.com\\\/es\\\/dialogos-de-diversidad-con-los-grupos-de-dialogo-interreligioso-y-interconviccional\\\/#primaryimage\",\"url\":\"https:\\\/\\\/www.portacabot.com\\\/wp-content\\\/uploads\\\/2024\\\/04\\\/unnamed-1.png\",\"contentUrl\":\"https:\\\/\\\/www.portacabot.com\\\/wp-content\\\/uploads\\\/2024\\\/04\\\/unnamed-1.png\",\"width\":512,\"height\":472,\"caption\":\"GDI\"},{\"@type\":\"BreadcrumbList\",\"@id\":\"https:\\\/\\\/www.portacabot.com\\\/es\\\/dialogos-de-diversidad-con-los-grupos-de-dialogo-interreligioso-y-interconviccional\\\/#breadcrumb\",\"itemListElement\":[{\"@type\":\"ListItem\",\"position\":1,\"name\":\"Inici\",\"item\":\"https:\\\/\\\/www.portacabot.com\\\/es\\\/\"},{\"@type\":\"ListItem\",\"position\":2,\"name\":\"Di\u00e1logos de diversidad con los Grupos de Di\u00e1logo Interreligioso y Interconviccional\"}]},{\"@type\":\"WebSite\",\"@id\":\"https:\\\/\\\/www.portacabot.com\\\/es\\\/#website\",\"url\":\"https:\\\/\\\/www.portacabot.com\\\/es\\\/\",\"name\":\"Portacabot\",\"description\":\"Solucions a les necessitats de les administracions i al conjunt de la societat\",\"publisher\":{\"@id\":\"https:\\\/\\\/www.portacabot.com\\\/es\\\/#organization\"},\"potentialAction\":[{\"@type\":\"SearchAction\",\"target\":{\"@type\":\"EntryPoint\",\"urlTemplate\":\"https:\\\/\\\/www.portacabot.com\\\/es\\\/?s={search_term_string}\"},\"query-input\":{\"@type\":\"PropertyValueSpecification\",\"valueRequired\":true,\"valueName\":\"search_term_string\"}}],\"inLanguage\":\"ES\"},{\"@type\":\"Organization\",\"@id\":\"https:\\\/\\\/www.portacabot.com\\\/es\\\/#organization\",\"name\":\"Portacabot\",\"url\":\"https:\\\/\\\/www.portacabot.com\\\/es\\\/\",\"logo\":{\"@type\":\"ImageObject\",\"inLanguage\":\"ES\",\"@id\":\"https:\\\/\\\/www.portacabot.com\\\/es\\\/#\\\/schema\\\/logo\\\/image\\\/\",\"url\":\"https:\\\/\\\/www.portacabot.com\\\/wp-content\\\/uploads\\\/2022\\\/03\\\/cropped-logo_portacabot.png\",\"contentUrl\":\"https:\\\/\\\/www.portacabot.com\\\/wp-content\\\/uploads\\\/2022\\\/03\\\/cropped-logo_portacabot.png\",\"width\":300,\"height\":85,\"caption\":\"Portacabot\"},\"image\":{\"@id\":\"https:\\\/\\\/www.portacabot.com\\\/es\\\/#\\\/schema\\\/logo\\\/image\\\/\"}},{\"@type\":\"Person\",\"@id\":\"https:\\\/\\\/www.portacabot.com\\\/es\\\/#\\\/schema\\\/person\\\/967b3393e1ee8a31727f67a78b0884e1\",\"name\":\"Marketing\",\"image\":{\"@type\":\"ImageObject\",\"inLanguage\":\"ES\",\"@id\":\"https:\\\/\\\/secure.gravatar.com\\\/avatar\\\/390f1a3521b96f02b13d0dfa32b4729c11ab8aa3f7f4a76b8faf4b1ccb9ad046?s=96&d=mm&r=g\",\"url\":\"https:\\\/\\\/secure.gravatar.com\\\/avatar\\\/390f1a3521b96f02b13d0dfa32b4729c11ab8aa3f7f4a76b8faf4b1ccb9ad046?s=96&d=mm&r=g\",\"contentUrl\":\"https:\\\/\\\/secure.gravatar.com\\\/avatar\\\/390f1a3521b96f02b13d0dfa32b4729c11ab8aa3f7f4a76b8faf4b1ccb9ad046?s=96&d=mm&r=g\",\"caption\":\"Marketing\"}}]}<\/script>\n<!-- \/ Yoast SEO plugin. -->","yoast_head_json":{"title":"Grupos de Di\u00e1logo Interreligioso y Interconviccional | Portacabot","description":"Portacabot impulsa la cohesi\u00f3n en Barcelona con GDIs que fomentan el respeto y la uni\u00f3n en la diversidad religiosa y de convicciones.","robots":{"index":"index","follow":"follow","max-snippet":"max-snippet:-1","max-image-preview":"max-image-preview:large","max-video-preview":"max-video-preview:-1"},"canonical":"https:\/\/www.portacabot.com\/es\/dialogos-de-diversidad-con-los-grupos-de-dialogo-interreligioso-y-interconviccional\/","og_locale":"es_ES","og_type":"article","og_title":"Grupos de Di\u00e1logo Interreligioso y Interconviccional | Portacabot","og_description":"Portacabot impulsa la cohesi\u00f3n en Barcelona con GDIs que fomentan el respeto y la uni\u00f3n en la diversidad religiosa y de convicciones.","og_url":"https:\/\/www.portacabot.com\/es\/dialogos-de-diversidad-con-los-grupos-de-dialogo-interreligioso-y-interconviccional\/","og_site_name":"Portacabot","article_published_time":"2024-04-26T08:23:59+00:00","article_modified_time":"2024-04-26T08:37:09+00:00","og_image":[{"width":512,"height":472,"url":"https:\/\/www.portacabot.com\/wp-content\/uploads\/2024\/04\/unnamed-1.png","type":"image\/png"}],"author":"Marketing","twitter_card":"summary_large_image","twitter_misc":{"Written by":"Marketing","Est. reading time":"2 minutes"},"schema":{"@context":"https:\/\/schema.org","@graph":[{"@type":"Article","@id":"https:\/\/www.portacabot.com\/es\/dialogos-de-diversidad-con-los-grupos-de-dialogo-interreligioso-y-interconviccional\/#article","isPartOf":{"@id":"https:\/\/www.portacabot.com\/es\/dialogos-de-diversidad-con-los-grupos-de-dialogo-interreligioso-y-interconviccional\/"},"author":{"name":"Marketing","@id":"https:\/\/www.portacabot.com\/es\/#\/schema\/person\/967b3393e1ee8a31727f67a78b0884e1"},"headline":"Di\u00e1logos de diversidad con los Grupos de Di\u00e1logo Interreligioso y Interconviccional","datePublished":"2024-04-26T08:23:59+00:00","dateModified":"2024-04-26T08:37:09+00:00","mainEntityOfPage":{"@id":"https:\/\/www.portacabot.com\/es\/dialogos-de-diversidad-con-los-grupos-de-dialogo-interreligioso-y-interconviccional\/"},"wordCount":329,"publisher":{"@id":"https:\/\/www.portacabot.com\/es\/#organization"},"image":{"@id":"https:\/\/www.portacabot.com\/es\/dialogos-de-diversidad-con-los-grupos-de-dialogo-interreligioso-y-interconviccional\/#primaryimage"},"thumbnailUrl":"https:\/\/www.portacabot.com\/wp-content\/uploads\/2024\/04\/unnamed-1.png","articleSection":["Participaci\u00f3n"],"inLanguage":"ES"},{"@type":"WebPage","@id":"https:\/\/www.portacabot.com\/es\/dialogos-de-diversidad-con-los-grupos-de-dialogo-interreligioso-y-interconviccional\/","url":"https:\/\/www.portacabot.com\/es\/dialogos-de-diversidad-con-los-grupos-de-dialogo-interreligioso-y-interconviccional\/","name":"Grupos de Di\u00e1logo Interreligioso y Interconviccional | Portacabot","isPartOf":{"@id":"https:\/\/www.portacabot.com\/es\/#website"},"primaryImageOfPage":{"@id":"https:\/\/www.portacabot.com\/es\/dialogos-de-diversidad-con-los-grupos-de-dialogo-interreligioso-y-interconviccional\/#primaryimage"},"image":{"@id":"https:\/\/www.portacabot.com\/es\/dialogos-de-diversidad-con-los-grupos-de-dialogo-interreligioso-y-interconviccional\/#primaryimage"},"thumbnailUrl":"https:\/\/www.portacabot.com\/wp-content\/uploads\/2024\/04\/unnamed-1.png","datePublished":"2024-04-26T08:23:59+00:00","dateModified":"2024-04-26T08:37:09+00:00","description":"Portacabot impulsa la cohesi\u00f3n en Barcelona con GDIs que fomentan el respeto y la uni\u00f3n en la diversidad religiosa y de convicciones.","breadcrumb":{"@id":"https:\/\/www.portacabot.com\/es\/dialogos-de-diversidad-con-los-grupos-de-dialogo-interreligioso-y-interconviccional\/#breadcrumb"},"inLanguage":"ES","potentialAction":[{"@type":"ReadAction","target":["https:\/\/www.portacabot.com\/es\/dialogos-de-diversidad-con-los-grupos-de-dialogo-interreligioso-y-interconviccional\/"]}]},{"@type":"ImageObject","inLanguage":"ES","@id":"https:\/\/www.portacabot.com\/es\/dialogos-de-diversidad-con-los-grupos-de-dialogo-interreligioso-y-interconviccional\/#primaryimage","url":"https:\/\/www.portacabot.com\/wp-content\/uploads\/2024\/04\/unnamed-1.png","contentUrl":"https:\/\/www.portacabot.com\/wp-content\/uploads\/2024\/04\/unnamed-1.png","width":512,"height":472,"caption":"GDI"},{"@type":"BreadcrumbList","@id":"https:\/\/www.portacabot.com\/es\/dialogos-de-diversidad-con-los-grupos-de-dialogo-interreligioso-y-interconviccional\/#breadcrumb","itemListElement":[{"@type":"ListItem","position":1,"name":"Inici","item":"https:\/\/www.portacabot.com\/es\/"},{"@type":"ListItem","position":2,"name":"Di\u00e1logos de diversidad con los Grupos de Di\u00e1logo Interreligioso y Interconviccional"}]},{"@type":"WebSite","@id":"https:\/\/www.portacabot.com\/es\/#website","url":"https:\/\/www.portacabot.com\/es\/","name":"Portacabot","description":"Solucions a les necessitats de les administracions i al conjunt de la societat","publisher":{"@id":"https:\/\/www.portacabot.com\/es\/#organization"},"potentialAction":[{"@type":"SearchAction","target":{"@type":"EntryPoint","urlTemplate":"https:\/\/www.portacabot.com\/es\/?s={search_term_string}"},"query-input":{"@type":"PropertyValueSpecification","valueRequired":true,"valueName":"search_term_string"}}],"inLanguage":"ES"},{"@type":"Organization","@id":"https:\/\/www.portacabot.com\/es\/#organization","name":"Portacabot","url":"https:\/\/www.portacabot.com\/es\/","logo":{"@type":"ImageObject","inLanguage":"ES","@id":"https:\/\/www.portacabot.com\/es\/#\/schema\/logo\/image\/","url":"https:\/\/www.portacabot.com\/wp-content\/uploads\/2022\/03\/cropped-logo_portacabot.png","contentUrl":"https:\/\/www.portacabot.com\/wp-content\/uploads\/2022\/03\/cropped-logo_portacabot.png","width":300,"height":85,"caption":"Portacabot"},"image":{"@id":"https:\/\/www.portacabot.com\/es\/#\/schema\/logo\/image\/"}},{"@type":"Person","@id":"https:\/\/www.portacabot.com\/es\/#\/schema\/person\/967b3393e1ee8a31727f67a78b0884e1","name":"Marketing","image":{"@type":"ImageObject","inLanguage":"ES","@id":"https:\/\/secure.gravatar.com\/avatar\/390f1a3521b96f02b13d0dfa32b4729c11ab8aa3f7f4a76b8faf4b1ccb9ad046?s=96&d=mm&r=g","url":"https:\/\/secure.gravatar.com\/avatar\/390f1a3521b96f02b13d0dfa32b4729c11ab8aa3f7f4a76b8faf4b1ccb9ad046?s=96&d=mm&r=g","contentUrl":"https:\/\/secure.gravatar.com\/avatar\/390f1a3521b96f02b13d0dfa32b4729c11ab8aa3f7f4a76b8faf4b1ccb9ad046?s=96&d=mm&r=g","caption":"Marketing"}}]}},"_links":{"self":[{"href":"https:\/\/www.portacabot.com\/es\/wp-json\/wp\/v2\/posts\/23584","targetHints":{"allow":["GET"]}}],"collection":[{"href":"https:\/\/www.portacabot.com\/es\/wp-json\/wp\/v2\/posts"}],"about":[{"href":"https:\/\/www.portacabot.com\/es\/wp-json\/wp\/v2\/types\/post"}],"author":[{"embeddable":true,"href":"https:\/\/www.portacabot.com\/es\/wp-json\/wp\/v2\/users\/5"}],"replies":[{"embeddable":true,"href":"https:\/\/www.portacabot.com\/es\/wp-json\/wp\/v2\/comments?post=23584"}],"version-history":[{"count":1,"href":"https:\/\/www.portacabot.com\/es\/wp-json\/wp\/v2\/posts\/23584\/revisions"}],"predecessor-version":[{"id":23585,"href":"https:\/\/www.portacabot.com\/es\/wp-json\/wp\/v2\/posts\/23584\/revisions\/23585"}],"wp:featuredmedia":[{"embeddable":true,"href":"https:\/\/www.portacabot.com\/es\/wp-json\/wp\/v2\/media\/23583"}],"wp:attachment":[{"href":"https:\/\/www.portacabot.com\/es\/wp-json\/wp\/v2\/media?parent=23584"}],"wp:term":[{"taxonomy":"category","embeddable":true,"href":"https:\/\/www.portacabot.com\/es\/wp-json\/wp\/v2\/categories?post=23584"},{"taxonomy":"post_tag","embeddable":true,"href":"https:\/\/www.portacabot.com\/es\/wp-json\/wp\/v2\/tags?post=23584"}],"curies":[{"name":"wp","href":"https:\/\/api.w.org\/{rel}","templated":true}]}}