{"id":23557,"date":"2024-03-18T10:34:07","date_gmt":"2024-03-18T10:34:07","guid":{"rendered":"https:\/\/www.portacabot.com\/abrimos-via-en-puigcerda-una-buena-planificacion-es-clave-por-unos-presupuestos-participativos-juveniles-exitosos\/"},"modified":"2024-04-12T10:34:20","modified_gmt":"2024-04-12T10:34:20","slug":"abrimos-via-en-puigcerda-una-buena-planificacion-es-clave-por-unos-presupuestos-participativos-juveniles-exitosos","status":"publish","type":"post","link":"https:\/\/www.portacabot.com\/es\/abrimos-via-en-puigcerda-una-buena-planificacion-es-clave-por-unos-presupuestos-participativos-juveniles-exitosos\/","title":{"rendered":"Abrimos V\u00eda en Puigcerd\u00e1: una buena planificaci\u00f3n es clave por unos presupuestos participativos juveniles exitosos"},"content":{"rendered":"\t\t<div data-elementor-type=\"wp-post\" data-elementor-id=\"23557\" class=\"elementor elementor-23557 elementor-23470\" wpc-filter-elementor-widget=\"1\" data-elementor-post-type=\"post\">\n\t\t\t\t\t\t<section class=\"elementor-section elementor-top-section elementor-element elementor-element-794f96f elementor-section-boxed elementor-section-height-default elementor-section-height-default\" data-id=\"794f96f\" data-element_type=\"section\" data-e-type=\"section\">\n\t\t\t\t\t\t<div class=\"elementor-container elementor-column-gap-default\">\n\t\t\t\t\t<div class=\"elementor-column elementor-col-100 elementor-top-column elementor-element elementor-element-404c58f\" data-id=\"404c58f\" data-element_type=\"column\" data-e-type=\"column\">\n\t\t\t<div class=\"elementor-widget-wrap elementor-element-populated\">\n\t\t\t\t\t\t<div class=\"elementor-element elementor-element-0bda8ff elementor-widget elementor-widget-text-editor\" data-id=\"0bda8ff\" data-element_type=\"widget\" data-e-type=\"widget\" data-widget_type=\"text-editor.default\">\n\t\t\t\t<div class=\"elementor-widget-container\">\n\t\t\t\t\t\t\t\t\t<p><span style=\"font-weight: 400;\">En el marco del programa Abrimos V\u00eda, impulsado por la Agencia Catalana de Juventud, el equipo de consultoras de PortaCabot est\u00e1 realizando un <strong>acompa\u00f1amiento al equipo de juventud de la Oficina Joven de la Cerda\u00f1a.<\/strong> <\/span><\/p>\n\t\t\t\t\t\t\t\t<\/div>\n\t\t\t\t<\/div>\n\t\t\t\t<div class=\"elementor-element elementor-element-0d0bfe8 elementor-widget elementor-widget-heading\" data-id=\"0d0bfe8\" data-element_type=\"widget\" data-e-type=\"widget\" data-widget_type=\"heading.default\">\n\t\t\t\t<div class=\"elementor-widget-container\">\n\t\t\t\t\t<h2 class=\"elementor-heading-title elementor-size-default\">Abrimos v\u00eda, el proyecto que cuenta con el acompa\u00f1amiento de Portacabot<\/h2>\t\t\t\t<\/div>\n\t\t\t\t<\/div>\n\t\t\t\t<div class=\"elementor-element elementor-element-1f1b7ea elementor-widget elementor-widget-text-editor\" data-id=\"1f1b7ea\" data-element_type=\"widget\" data-e-type=\"widget\" data-widget_type=\"text-editor.default\">\n\t\t\t\t<div class=\"elementor-widget-container\">\n\t\t\t\t\t\t\t\t\t<p><span style=\"font-weight: 400;\">El programa <strong>Abrimos V\u00eda se concibe como una estrategia integral que busca empoderar los profesionales de la juventud a nivel municipal<\/strong> y proporcionarlos las herramientas y los recursos necesarios para poder crear y desarrollar estrategias efectivas en la dinamizaci\u00f3n y participaci\u00f3n juvenil. <\/span><\/p>\n<p><span style=\"font-weight: 400;\">En Puigcerd\u00e1 el programa toma una dimensi\u00f3n pr\u00e1ctica con el acompa\u00f1amiento al equipo de juventud en la definici\u00f3n y planificaci\u00f3n de los presupuestos participativos juveniles. <strong>Se ha realizado una primera fase orientada a reflexionar sobre las necesidades y realidades de las personas j\u00f3venes del territorio<\/strong>, a identificar qu\u00e9 agentes en el \u00e1mbito de la juventud hay al entorno y que se quiere que formen parte del proyecto, y a analizar porque las ediciones anteriores de los presupuestos participativos no lograron los resultados esperados detectando as\u00ed \u00e1reas de oportunidad y mejora. <\/span><\/p>\n\t\t\t\t\t\t\t\t<\/div>\n\t\t\t\t<\/div>\n\t\t\t\t<div class=\"elementor-element elementor-element-5a15eae elementor-widget elementor-widget-heading\" data-id=\"5a15eae\" data-element_type=\"widget\" data-e-type=\"widget\" data-widget_type=\"heading.default\">\n\t\t\t\t<div class=\"elementor-widget-container\">\n\t\t\t\t\t<h2 class=\"elementor-heading-title elementor-size-default\">Empoderamiento juvenil en La Cerda\u00f1a <\/h2>\t\t\t\t<\/div>\n\t\t\t\t<\/div>\n\t\t\t\t<div class=\"elementor-element elementor-element-fa5df61 elementor-widget elementor-widget-text-editor\" data-id=\"fa5df61\" data-element_type=\"widget\" data-e-type=\"widget\" data-widget_type=\"text-editor.default\">\n\t\t\t\t<div class=\"elementor-widget-container\">\n\t\t\t\t\t\t\t\t\t<p><span style=\"font-weight: 400;\"><strong>Actualmente, el proyecto se encuentra en una fase de prototipaje<\/strong>, donde las ideas y reflexiones preliminares se convierten en acciones tangibles y ejecutables. Mediante una planificaci\u00f3n exhaustiva del proyecto con el equipo de juventud se est\u00e1 elaborando una <strong>planificaci\u00f3n detallada que responde tanto a las particularidades del territorio como las expectativas de las personas j\u00f3venes,<\/strong> proporcionando una hoja de ruta clara para el desarrollo exitoso de los presupuestos participativos. <\/span><\/p>\n<p><span style=\"font-weight: 400;\"><strong>Los presupuestos participativos j\u00f3venes son una buena herramienta para promover y fomentar la cultura de la participaci\u00f3n<\/strong> entre las personas j\u00f3venes incentivando su implicaci\u00f3n en los procesos de gobernanza local. <\/span><\/p>\n\t\t\t\t\t\t\t\t<\/div>\n\t\t\t\t<\/div>\n\t\t\t\t\t<\/div>\n\t\t<\/div>\n\t\t\t\t\t<\/div>\n\t\t<\/section>\n\t\t\t\t<section class=\"elementor-section elementor-top-section elementor-element elementor-element-eabcbe3 elementor-section-boxed elementor-section-height-default elementor-section-height-default\" data-id=\"eabcbe3\" data-element_type=\"section\" data-e-type=\"section\">\n\t\t\t\t\t\t<div class=\"elementor-container elementor-column-gap-default\">\n\t\t\t\t\t<div class=\"elementor-column elementor-col-100 elementor-top-column elementor-element elementor-element-908ccc3\" data-id=\"908ccc3\" data-element_type=\"column\" data-e-type=\"column\">\n\t\t\t<div class=\"elementor-widget-wrap elementor-element-populated\">\n\t\t\t\t\t\t<div class=\"elementor-element elementor-element-a10201b elementor-widget-divider--view-line elementor-widget elementor-widget-divider\" data-id=\"a10201b\" data-element_type=\"widget\" data-e-type=\"widget\" data-widget_type=\"divider.default\">\n\t\t\t\t<div class=\"elementor-widget-container\">\n\t\t\t\t\t\t\t<div class=\"elementor-divider\">\n\t\t\t<span class=\"elementor-divider-separator\">\n\t\t\t\t\t\t<\/span>\n\t\t<\/div>\n\t\t\t\t\t\t<\/div>\n\t\t\t\t<\/div>\n\t\t\t\t<div class=\"elementor-element elementor-element-f34a8d8 elementor-widget elementor-widget-text-editor\" data-id=\"f34a8d8\" data-element_type=\"widget\" data-e-type=\"widget\" data-widget_type=\"text-editor.default\">\n\t\t\t\t<div class=\"elementor-widget-container\">\n\t\t\t\t\t\t\t\t\t<h5 style=\"text-align: center;\"><strong>\u00bfNecesitas m\u00e1s informaci\u00f3n sobre el proyecto Abrimos V\u00eda en La Cerda\u00f1a?<\/strong><\/h5>\n\t\t\t\t\t\t\t\t<\/div>\n\t\t\t\t<\/div>\n\t\t\t\t<div class=\"elementor-element elementor-element-462be82 elementor-align-center elementor-widget elementor-widget-button\" data-id=\"462be82\" data-element_type=\"widget\" data-e-type=\"widget\" data-widget_type=\"button.default\">\n\t\t\t\t<div class=\"elementor-widget-container\">\n\t\t\t\t\t\t\t\t\t<div class=\"elementor-button-wrapper\">\n\t\t\t\t\t<a class=\"elementor-button elementor-button-link elementor-size-sm\" href=\"https:\/\/www.portacabot.com\/es\/contacto\/\">\n\t\t\t\t\t\t<span class=\"elementor-button-content-wrapper\">\n\t\t\t\t\t\t<span class=\"elementor-button-icon\">\n\t\t\t\t<i aria-hidden=\"true\" class=\"fas fa-phone-alt\"><\/i>\t\t\t<\/span>\n\t\t\t\t\t\t\t\t\t<span class=\"elementor-button-text\">\u00a1Cont\u00e1ctanos!<\/span>\n\t\t\t\t\t<\/span>\n\t\t\t\t\t<\/a>\n\t\t\t\t<\/div>\n\t\t\t\t\t\t\t\t<\/div>\n\t\t\t\t<\/div>\n\t\t\t\t\t<\/div>\n\t\t<\/div>\n\t\t\t\t\t<\/div>\n\t\t<\/section>\n\t\t\t\t<\/div>\n\t\t","protected":false},"excerpt":{"rendered":"<p>En el marco del programa Abrimos V\u00eda, impulsado por la Agencia Catalana de Juventud, el equipo de consultoras de PortaCabot est\u00e1 realizando un acompa\u00f1amiento al equipo de juventud de la Oficina Joven de la Cerda\u00f1a. Abrimos v\u00eda, el proyecto que cuenta con el acompa\u00f1amiento de Portacabot El programa Abrimos V\u00eda se concibe como una estrategia [&hellip;]<\/p>\n","protected":false},"author":5,"featured_media":23478,"comment_status":"closed","ping_status":"closed","sticky":false,"template":"","format":"standard","meta":{"footnotes":""},"categories":[45],"tags":[],"class_list":["post-23557","post","type-post","status-publish","format-standard","has-post-thumbnail","hentry","category-ciclo-de-vida-juventud"],"yoast_head":"<!-- This site is optimized with the Yoast SEO plugin v27.5 - https:\/\/yoast.com\/product\/yoast-seo-wordpress\/ -->\n<title>Abrimos V\u00eda en Puigcerd\u00e1 - PortaCabot<\/title>\n<meta name=\"description\" content=\"Portacabot est\u00e1 llevando a cabo el acompa\u00f1amiento al equipo de juventud de la Oficina Joven de la Cerda\u00f1a. \u00a1Conoce el proyecto!\" \/>\n<meta name=\"robots\" content=\"index, follow, max-snippet:-1, max-image-preview:large, max-video-preview:-1\" \/>\n<link rel=\"canonical\" href=\"https:\/\/www.portacabot.com\/es\/abrimos-via-en-puigcerda-una-buena-planificacion-es-clave-por-unos-presupuestos-participativos-juveniles-exitosos\/\" \/>\n<meta property=\"og:locale\" content=\"es_ES\" \/>\n<meta property=\"og:type\" content=\"article\" \/>\n<meta property=\"og:title\" content=\"Abrimos V\u00eda en Puigcerd\u00e1 - PortaCabot\" \/>\n<meta property=\"og:description\" content=\"Portacabot est\u00e1 llevando a cabo el acompa\u00f1amiento al equipo de juventud de la Oficina Joven de la Cerda\u00f1a. \u00a1Conoce el proyecto!\" \/>\n<meta property=\"og:url\" content=\"https:\/\/www.portacabot.com\/es\/abrimos-via-en-puigcerda-una-buena-planificacion-es-clave-por-unos-presupuestos-participativos-juveniles-exitosos\/\" \/>\n<meta property=\"og:site_name\" content=\"Portacabot\" \/>\n<meta property=\"article:published_time\" content=\"2024-03-18T10:34:07+00:00\" \/>\n<meta property=\"article:modified_time\" content=\"2024-04-12T10:34:20+00:00\" \/>\n<meta property=\"og:image\" content=\"https:\/\/www.portacabot.com\/wp-content\/uploads\/2024\/03\/people-with-joined-hands-as-team.jpg\" \/>\n\t<meta property=\"og:image:width\" content=\"700\" \/>\n\t<meta property=\"og:image:height\" content=\"402\" \/>\n\t<meta property=\"og:image:type\" content=\"image\/jpeg\" \/>\n<meta name=\"author\" content=\"Marketing\" \/>\n<meta name=\"twitter:card\" content=\"summary_large_image\" \/>\n<meta name=\"twitter:label1\" content=\"Written by\" \/>\n\t<meta name=\"twitter:data1\" content=\"Marketing\" \/>\n\t<meta name=\"twitter:label2\" content=\"Est. reading time\" \/>\n\t<meta name=\"twitter:data2\" content=\"2 minutes\" \/>\n<script type=\"application\/ld+json\" class=\"yoast-schema-graph\">{\"@context\":\"https:\\\/\\\/schema.org\",\"@graph\":[{\"@type\":\"Article\",\"@id\":\"https:\\\/\\\/www.portacabot.com\\\/es\\\/abrimos-via-en-puigcerda-una-buena-planificacion-es-clave-por-unos-presupuestos-participativos-juveniles-exitosos\\\/#article\",\"isPartOf\":{\"@id\":\"https:\\\/\\\/www.portacabot.com\\\/es\\\/abrimos-via-en-puigcerda-una-buena-planificacion-es-clave-por-unos-presupuestos-participativos-juveniles-exitosos\\\/\"},\"author\":{\"name\":\"Marketing\",\"@id\":\"https:\\\/\\\/www.portacabot.com\\\/es\\\/#\\\/schema\\\/person\\\/967b3393e1ee8a31727f67a78b0884e1\"},\"headline\":\"Abrimos V\u00eda en Puigcerd\u00e1: una buena planificaci\u00f3n es clave por unos presupuestos participativos juveniles exitosos\",\"datePublished\":\"2024-03-18T10:34:07+00:00\",\"dateModified\":\"2024-04-12T10:34:20+00:00\",\"mainEntityOfPage\":{\"@id\":\"https:\\\/\\\/www.portacabot.com\\\/es\\\/abrimos-via-en-puigcerda-una-buena-planificacion-es-clave-por-unos-presupuestos-participativos-juveniles-exitosos\\\/\"},\"wordCount\":338,\"publisher\":{\"@id\":\"https:\\\/\\\/www.portacabot.com\\\/es\\\/#organization\"},\"image\":{\"@id\":\"https:\\\/\\\/www.portacabot.com\\\/es\\\/abrimos-via-en-puigcerda-una-buena-planificacion-es-clave-por-unos-presupuestos-participativos-juveniles-exitosos\\\/#primaryimage\"},\"thumbnailUrl\":\"https:\\\/\\\/www.portacabot.com\\\/wp-content\\\/uploads\\\/2024\\\/03\\\/people-with-joined-hands-as-team.jpg\",\"articleSection\":[\"Ciclo de vida - Juventud\"],\"inLanguage\":\"ES\"},{\"@type\":\"WebPage\",\"@id\":\"https:\\\/\\\/www.portacabot.com\\\/es\\\/abrimos-via-en-puigcerda-una-buena-planificacion-es-clave-por-unos-presupuestos-participativos-juveniles-exitosos\\\/\",\"url\":\"https:\\\/\\\/www.portacabot.com\\\/es\\\/abrimos-via-en-puigcerda-una-buena-planificacion-es-clave-por-unos-presupuestos-participativos-juveniles-exitosos\\\/\",\"name\":\"Abrimos V\u00eda en Puigcerd\u00e1 - PortaCabot\",\"isPartOf\":{\"@id\":\"https:\\\/\\\/www.portacabot.com\\\/es\\\/#website\"},\"primaryImageOfPage\":{\"@id\":\"https:\\\/\\\/www.portacabot.com\\\/es\\\/abrimos-via-en-puigcerda-una-buena-planificacion-es-clave-por-unos-presupuestos-participativos-juveniles-exitosos\\\/#primaryimage\"},\"image\":{\"@id\":\"https:\\\/\\\/www.portacabot.com\\\/es\\\/abrimos-via-en-puigcerda-una-buena-planificacion-es-clave-por-unos-presupuestos-participativos-juveniles-exitosos\\\/#primaryimage\"},\"thumbnailUrl\":\"https:\\\/\\\/www.portacabot.com\\\/wp-content\\\/uploads\\\/2024\\\/03\\\/people-with-joined-hands-as-team.jpg\",\"datePublished\":\"2024-03-18T10:34:07+00:00\",\"dateModified\":\"2024-04-12T10:34:20+00:00\",\"description\":\"Portacabot est\u00e1 llevando a cabo el acompa\u00f1amiento al equipo de juventud de la Oficina Joven de la Cerda\u00f1a. \u00a1Conoce el proyecto!\",\"breadcrumb\":{\"@id\":\"https:\\\/\\\/www.portacabot.com\\\/es\\\/abrimos-via-en-puigcerda-una-buena-planificacion-es-clave-por-unos-presupuestos-participativos-juveniles-exitosos\\\/#breadcrumb\"},\"inLanguage\":\"ES\",\"potentialAction\":[{\"@type\":\"ReadAction\",\"target\":[\"https:\\\/\\\/www.portacabot.com\\\/es\\\/abrimos-via-en-puigcerda-una-buena-planificacion-es-clave-por-unos-presupuestos-participativos-juveniles-exitosos\\\/\"]}]},{\"@type\":\"ImageObject\",\"inLanguage\":\"ES\",\"@id\":\"https:\\\/\\\/www.portacabot.com\\\/es\\\/abrimos-via-en-puigcerda-una-buena-planificacion-es-clave-por-unos-presupuestos-participativos-juveniles-exitosos\\\/#primaryimage\",\"url\":\"https:\\\/\\\/www.portacabot.com\\\/wp-content\\\/uploads\\\/2024\\\/03\\\/people-with-joined-hands-as-team.jpg\",\"contentUrl\":\"https:\\\/\\\/www.portacabot.com\\\/wp-content\\\/uploads\\\/2024\\\/03\\\/people-with-joined-hands-as-team.jpg\",\"width\":700,\"height\":402,\"caption\":\"pressupostos-participatius-puigcerda\"},{\"@type\":\"BreadcrumbList\",\"@id\":\"https:\\\/\\\/www.portacabot.com\\\/es\\\/abrimos-via-en-puigcerda-una-buena-planificacion-es-clave-por-unos-presupuestos-participativos-juveniles-exitosos\\\/#breadcrumb\",\"itemListElement\":[{\"@type\":\"ListItem\",\"position\":1,\"name\":\"Inici\",\"item\":\"https:\\\/\\\/www.portacabot.com\\\/es\\\/\"},{\"@type\":\"ListItem\",\"position\":2,\"name\":\"Abrimos V\u00eda en Puigcerd\u00e1: una buena planificaci\u00f3n es clave por unos presupuestos participativos juveniles exitosos\"}]},{\"@type\":\"WebSite\",\"@id\":\"https:\\\/\\\/www.portacabot.com\\\/es\\\/#website\",\"url\":\"https:\\\/\\\/www.portacabot.com\\\/es\\\/\",\"name\":\"Portacabot\",\"description\":\"Solucions a les necessitats de les administracions i al conjunt de la societat\",\"publisher\":{\"@id\":\"https:\\\/\\\/www.portacabot.com\\\/es\\\/#organization\"},\"potentialAction\":[{\"@type\":\"SearchAction\",\"target\":{\"@type\":\"EntryPoint\",\"urlTemplate\":\"https:\\\/\\\/www.portacabot.com\\\/es\\\/?s={search_term_string}\"},\"query-input\":{\"@type\":\"PropertyValueSpecification\",\"valueRequired\":true,\"valueName\":\"search_term_string\"}}],\"inLanguage\":\"ES\"},{\"@type\":\"Organization\",\"@id\":\"https:\\\/\\\/www.portacabot.com\\\/es\\\/#organization\",\"name\":\"Portacabot\",\"url\":\"https:\\\/\\\/www.portacabot.com\\\/es\\\/\",\"logo\":{\"@type\":\"ImageObject\",\"inLanguage\":\"ES\",\"@id\":\"https:\\\/\\\/www.portacabot.com\\\/es\\\/#\\\/schema\\\/logo\\\/image\\\/\",\"url\":\"https:\\\/\\\/www.portacabot.com\\\/wp-content\\\/uploads\\\/2022\\\/03\\\/cropped-logo_portacabot.png\",\"contentUrl\":\"https:\\\/\\\/www.portacabot.com\\\/wp-content\\\/uploads\\\/2022\\\/03\\\/cropped-logo_portacabot.png\",\"width\":300,\"height\":85,\"caption\":\"Portacabot\"},\"image\":{\"@id\":\"https:\\\/\\\/www.portacabot.com\\\/es\\\/#\\\/schema\\\/logo\\\/image\\\/\"}},{\"@type\":\"Person\",\"@id\":\"https:\\\/\\\/www.portacabot.com\\\/es\\\/#\\\/schema\\\/person\\\/967b3393e1ee8a31727f67a78b0884e1\",\"name\":\"Marketing\",\"image\":{\"@type\":\"ImageObject\",\"inLanguage\":\"ES\",\"@id\":\"https:\\\/\\\/secure.gravatar.com\\\/avatar\\\/390f1a3521b96f02b13d0dfa32b4729c11ab8aa3f7f4a76b8faf4b1ccb9ad046?s=96&d=mm&r=g\",\"url\":\"https:\\\/\\\/secure.gravatar.com\\\/avatar\\\/390f1a3521b96f02b13d0dfa32b4729c11ab8aa3f7f4a76b8faf4b1ccb9ad046?s=96&d=mm&r=g\",\"contentUrl\":\"https:\\\/\\\/secure.gravatar.com\\\/avatar\\\/390f1a3521b96f02b13d0dfa32b4729c11ab8aa3f7f4a76b8faf4b1ccb9ad046?s=96&d=mm&r=g\",\"caption\":\"Marketing\"}}]}<\/script>\n<!-- \/ Yoast SEO plugin. -->","yoast_head_json":{"title":"Abrimos V\u00eda en Puigcerd\u00e1 - PortaCabot","description":"Portacabot est\u00e1 llevando a cabo el acompa\u00f1amiento al equipo de juventud de la Oficina Joven de la Cerda\u00f1a. \u00a1Conoce el proyecto!","robots":{"index":"index","follow":"follow","max-snippet":"max-snippet:-1","max-image-preview":"max-image-preview:large","max-video-preview":"max-video-preview:-1"},"canonical":"https:\/\/www.portacabot.com\/es\/abrimos-via-en-puigcerda-una-buena-planificacion-es-clave-por-unos-presupuestos-participativos-juveniles-exitosos\/","og_locale":"es_ES","og_type":"article","og_title":"Abrimos V\u00eda en Puigcerd\u00e1 - PortaCabot","og_description":"Portacabot est\u00e1 llevando a cabo el acompa\u00f1amiento al equipo de juventud de la Oficina Joven de la Cerda\u00f1a. \u00a1Conoce el proyecto!","og_url":"https:\/\/www.portacabot.com\/es\/abrimos-via-en-puigcerda-una-buena-planificacion-es-clave-por-unos-presupuestos-participativos-juveniles-exitosos\/","og_site_name":"Portacabot","article_published_time":"2024-03-18T10:34:07+00:00","article_modified_time":"2024-04-12T10:34:20+00:00","og_image":[{"width":700,"height":402,"url":"https:\/\/www.portacabot.com\/wp-content\/uploads\/2024\/03\/people-with-joined-hands-as-team.jpg","type":"image\/jpeg"}],"author":"Marketing","twitter_card":"summary_large_image","twitter_misc":{"Written by":"Marketing","Est. reading time":"2 minutes"},"schema":{"@context":"https:\/\/schema.org","@graph":[{"@type":"Article","@id":"https:\/\/www.portacabot.com\/es\/abrimos-via-en-puigcerda-una-buena-planificacion-es-clave-por-unos-presupuestos-participativos-juveniles-exitosos\/#article","isPartOf":{"@id":"https:\/\/www.portacabot.com\/es\/abrimos-via-en-puigcerda-una-buena-planificacion-es-clave-por-unos-presupuestos-participativos-juveniles-exitosos\/"},"author":{"name":"Marketing","@id":"https:\/\/www.portacabot.com\/es\/#\/schema\/person\/967b3393e1ee8a31727f67a78b0884e1"},"headline":"Abrimos V\u00eda en Puigcerd\u00e1: una buena planificaci\u00f3n es clave por unos presupuestos participativos juveniles exitosos","datePublished":"2024-03-18T10:34:07+00:00","dateModified":"2024-04-12T10:34:20+00:00","mainEntityOfPage":{"@id":"https:\/\/www.portacabot.com\/es\/abrimos-via-en-puigcerda-una-buena-planificacion-es-clave-por-unos-presupuestos-participativos-juveniles-exitosos\/"},"wordCount":338,"publisher":{"@id":"https:\/\/www.portacabot.com\/es\/#organization"},"image":{"@id":"https:\/\/www.portacabot.com\/es\/abrimos-via-en-puigcerda-una-buena-planificacion-es-clave-por-unos-presupuestos-participativos-juveniles-exitosos\/#primaryimage"},"thumbnailUrl":"https:\/\/www.portacabot.com\/wp-content\/uploads\/2024\/03\/people-with-joined-hands-as-team.jpg","articleSection":["Ciclo de vida - Juventud"],"inLanguage":"ES"},{"@type":"WebPage","@id":"https:\/\/www.portacabot.com\/es\/abrimos-via-en-puigcerda-una-buena-planificacion-es-clave-por-unos-presupuestos-participativos-juveniles-exitosos\/","url":"https:\/\/www.portacabot.com\/es\/abrimos-via-en-puigcerda-una-buena-planificacion-es-clave-por-unos-presupuestos-participativos-juveniles-exitosos\/","name":"Abrimos V\u00eda en Puigcerd\u00e1 - PortaCabot","isPartOf":{"@id":"https:\/\/www.portacabot.com\/es\/#website"},"primaryImageOfPage":{"@id":"https:\/\/www.portacabot.com\/es\/abrimos-via-en-puigcerda-una-buena-planificacion-es-clave-por-unos-presupuestos-participativos-juveniles-exitosos\/#primaryimage"},"image":{"@id":"https:\/\/www.portacabot.com\/es\/abrimos-via-en-puigcerda-una-buena-planificacion-es-clave-por-unos-presupuestos-participativos-juveniles-exitosos\/#primaryimage"},"thumbnailUrl":"https:\/\/www.portacabot.com\/wp-content\/uploads\/2024\/03\/people-with-joined-hands-as-team.jpg","datePublished":"2024-03-18T10:34:07+00:00","dateModified":"2024-04-12T10:34:20+00:00","description":"Portacabot est\u00e1 llevando a cabo el acompa\u00f1amiento al equipo de juventud de la Oficina Joven de la Cerda\u00f1a. \u00a1Conoce el proyecto!","breadcrumb":{"@id":"https:\/\/www.portacabot.com\/es\/abrimos-via-en-puigcerda-una-buena-planificacion-es-clave-por-unos-presupuestos-participativos-juveniles-exitosos\/#breadcrumb"},"inLanguage":"ES","potentialAction":[{"@type":"ReadAction","target":["https:\/\/www.portacabot.com\/es\/abrimos-via-en-puigcerda-una-buena-planificacion-es-clave-por-unos-presupuestos-participativos-juveniles-exitosos\/"]}]},{"@type":"ImageObject","inLanguage":"ES","@id":"https:\/\/www.portacabot.com\/es\/abrimos-via-en-puigcerda-una-buena-planificacion-es-clave-por-unos-presupuestos-participativos-juveniles-exitosos\/#primaryimage","url":"https:\/\/www.portacabot.com\/wp-content\/uploads\/2024\/03\/people-with-joined-hands-as-team.jpg","contentUrl":"https:\/\/www.portacabot.com\/wp-content\/uploads\/2024\/03\/people-with-joined-hands-as-team.jpg","width":700,"height":402,"caption":"pressupostos-participatius-puigcerda"},{"@type":"BreadcrumbList","@id":"https:\/\/www.portacabot.com\/es\/abrimos-via-en-puigcerda-una-buena-planificacion-es-clave-por-unos-presupuestos-participativos-juveniles-exitosos\/#breadcrumb","itemListElement":[{"@type":"ListItem","position":1,"name":"Inici","item":"https:\/\/www.portacabot.com\/es\/"},{"@type":"ListItem","position":2,"name":"Abrimos V\u00eda en Puigcerd\u00e1: una buena planificaci\u00f3n es clave por unos presupuestos participativos juveniles exitosos"}]},{"@type":"WebSite","@id":"https:\/\/www.portacabot.com\/es\/#website","url":"https:\/\/www.portacabot.com\/es\/","name":"Portacabot","description":"Solucions a les necessitats de les administracions i al conjunt de la societat","publisher":{"@id":"https:\/\/www.portacabot.com\/es\/#organization"},"potentialAction":[{"@type":"SearchAction","target":{"@type":"EntryPoint","urlTemplate":"https:\/\/www.portacabot.com\/es\/?s={search_term_string}"},"query-input":{"@type":"PropertyValueSpecification","valueRequired":true,"valueName":"search_term_string"}}],"inLanguage":"ES"},{"@type":"Organization","@id":"https:\/\/www.portacabot.com\/es\/#organization","name":"Portacabot","url":"https:\/\/www.portacabot.com\/es\/","logo":{"@type":"ImageObject","inLanguage":"ES","@id":"https:\/\/www.portacabot.com\/es\/#\/schema\/logo\/image\/","url":"https:\/\/www.portacabot.com\/wp-content\/uploads\/2022\/03\/cropped-logo_portacabot.png","contentUrl":"https:\/\/www.portacabot.com\/wp-content\/uploads\/2022\/03\/cropped-logo_portacabot.png","width":300,"height":85,"caption":"Portacabot"},"image":{"@id":"https:\/\/www.portacabot.com\/es\/#\/schema\/logo\/image\/"}},{"@type":"Person","@id":"https:\/\/www.portacabot.com\/es\/#\/schema\/person\/967b3393e1ee8a31727f67a78b0884e1","name":"Marketing","image":{"@type":"ImageObject","inLanguage":"ES","@id":"https:\/\/secure.gravatar.com\/avatar\/390f1a3521b96f02b13d0dfa32b4729c11ab8aa3f7f4a76b8faf4b1ccb9ad046?s=96&d=mm&r=g","url":"https:\/\/secure.gravatar.com\/avatar\/390f1a3521b96f02b13d0dfa32b4729c11ab8aa3f7f4a76b8faf4b1ccb9ad046?s=96&d=mm&r=g","contentUrl":"https:\/\/secure.gravatar.com\/avatar\/390f1a3521b96f02b13d0dfa32b4729c11ab8aa3f7f4a76b8faf4b1ccb9ad046?s=96&d=mm&r=g","caption":"Marketing"}}]}},"_links":{"self":[{"href":"https:\/\/www.portacabot.com\/es\/wp-json\/wp\/v2\/posts\/23557","targetHints":{"allow":["GET"]}}],"collection":[{"href":"https:\/\/www.portacabot.com\/es\/wp-json\/wp\/v2\/posts"}],"about":[{"href":"https:\/\/www.portacabot.com\/es\/wp-json\/wp\/v2\/types\/post"}],"author":[{"embeddable":true,"href":"https:\/\/www.portacabot.com\/es\/wp-json\/wp\/v2\/users\/5"}],"replies":[{"embeddable":true,"href":"https:\/\/www.portacabot.com\/es\/wp-json\/wp\/v2\/comments?post=23557"}],"version-history":[{"count":3,"href":"https:\/\/www.portacabot.com\/es\/wp-json\/wp\/v2\/posts\/23557\/revisions"}],"predecessor-version":[{"id":23560,"href":"https:\/\/www.portacabot.com\/es\/wp-json\/wp\/v2\/posts\/23557\/revisions\/23560"}],"wp:featuredmedia":[{"embeddable":true,"href":"https:\/\/www.portacabot.com\/es\/wp-json\/wp\/v2\/media\/23478"}],"wp:attachment":[{"href":"https:\/\/www.portacabot.com\/es\/wp-json\/wp\/v2\/media?parent=23557"}],"wp:term":[{"taxonomy":"category","embeddable":true,"href":"https:\/\/www.portacabot.com\/es\/wp-json\/wp\/v2\/categories?post=23557"},{"taxonomy":"post_tag","embeddable":true,"href":"https:\/\/www.portacabot.com\/es\/wp-json\/wp\/v2\/tags?post=23557"}],"curies":[{"name":"wp","href":"https:\/\/api.w.org\/{rel}","templated":true}]}}