{"id":23553,"date":"2024-03-22T10:14:01","date_gmt":"2024-03-22T10:14:01","guid":{"rendered":"https:\/\/www.portacabot.com\/nuevo-proyecto-local-social-raimon-casellas\/"},"modified":"2024-04-12T10:26:27","modified_gmt":"2024-04-12T10:26:27","slug":"nuevo-proyecto-local-social-raimon-casellas","status":"publish","type":"post","link":"https:\/\/www.portacabot.com\/es\/nuevo-proyecto-local-social-raimon-casellas\/","title":{"rendered":"Nuevo proyecto: Local Social Raimon Casellas"},"content":{"rendered":"\t\t<div data-elementor-type=\"wp-post\" data-elementor-id=\"23553\" class=\"elementor elementor-23553 elementor-23480\" wpc-filter-elementor-widget=\"1\" data-elementor-post-type=\"post\">\n\t\t\t\t\t\t<section class=\"elementor-section elementor-top-section elementor-element elementor-element-c918596 elementor-section-boxed elementor-section-height-default elementor-section-height-default\" data-id=\"c918596\" data-element_type=\"section\" data-e-type=\"section\">\n\t\t\t\t\t\t<div class=\"elementor-container elementor-column-gap-default\">\n\t\t\t\t\t<div class=\"elementor-column elementor-col-100 elementor-top-column elementor-element elementor-element-ad1c3f6\" data-id=\"ad1c3f6\" data-element_type=\"column\" data-e-type=\"column\">\n\t\t\t<div class=\"elementor-widget-wrap elementor-element-populated\">\n\t\t\t\t\t\t<div class=\"elementor-element elementor-element-c966c48 elementor-widget elementor-widget-text-editor\" data-id=\"c966c48\" data-element_type=\"widget\" data-e-type=\"widget\" data-widget_type=\"text-editor.default\">\n\t\t\t\t<div class=\"elementor-widget-container\">\n\t\t\t\t\t\t\t\t\t<p><span style=\"font-weight: 400;\">PortaCabot ha sido escogida como empresa adjudicataria para liderar el proyecto de dinamizaci\u00f3n de la actividad comunitaria del <strong>L<\/strong><\/span><b>ocal Social Raimon Casellas<\/b><span style=\"font-weight: 400;\">, situado en el coraz\u00f3n del <\/span><b>barrio de Can Bar\u00f3.<\/b> <span style=\"font-weight: 400;\">Este proyecto se enmarca dentro de el <\/span><b>Plan de Barrios 2021-2024,<\/b><span style=\"font-weight: 400;\">con el objetivo de revitalizar y potenciar las din\u00e1micas comunitarias de esta zona de Barcelona.<\/span><\/p>\n\t\t\t\t\t\t\t\t<\/div>\n\t\t\t\t<\/div>\n\t\t\t\t\t<\/div>\n\t\t<\/div>\n\t\t\t\t\t<\/div>\n\t\t<\/section>\n\t\t\t\t<section class=\"elementor-section elementor-top-section elementor-element elementor-element-12d5bd5 elementor-section-boxed elementor-section-height-default elementor-section-height-default\" data-id=\"12d5bd5\" data-element_type=\"section\" data-e-type=\"section\">\n\t\t\t\t\t\t<div class=\"elementor-container elementor-column-gap-default\">\n\t\t\t\t\t<div class=\"elementor-column elementor-col-100 elementor-top-column elementor-element elementor-element-e23cf0e\" data-id=\"e23cf0e\" data-element_type=\"column\" data-e-type=\"column\">\n\t\t\t<div class=\"elementor-widget-wrap elementor-element-populated\">\n\t\t\t\t\t\t<div class=\"elementor-element elementor-element-d5559ae elementor-widget elementor-widget-heading\" data-id=\"d5559ae\" data-element_type=\"widget\" data-e-type=\"widget\" data-widget_type=\"heading.default\">\n\t\t\t\t<div class=\"elementor-widget-container\">\n\t\t\t\t\t<h2 class=\"elementor-heading-title elementor-size-default\">El local<\/h2>\t\t\t\t<\/div>\n\t\t\t\t<\/div>\n\t\t\t\t\t<\/div>\n\t\t<\/div>\n\t\t\t\t\t<\/div>\n\t\t<\/section>\n\t\t\t\t<section class=\"elementor-section elementor-top-section elementor-element elementor-element-25c3346 elementor-section-boxed elementor-section-height-default elementor-section-height-default\" data-id=\"25c3346\" data-element_type=\"section\" data-e-type=\"section\">\n\t\t\t\t\t\t<div class=\"elementor-container elementor-column-gap-default\">\n\t\t\t\t\t<div class=\"elementor-column elementor-col-100 elementor-top-column elementor-element elementor-element-b53e570\" data-id=\"b53e570\" data-element_type=\"column\" data-e-type=\"column\">\n\t\t\t<div class=\"elementor-widget-wrap elementor-element-populated\">\n\t\t\t\t\t\t<div class=\"elementor-element elementor-element-815e0e5 elementor-widget elementor-widget-text-editor\" data-id=\"815e0e5\" data-element_type=\"widget\" data-e-type=\"widget\" data-widget_type=\"text-editor.default\">\n\t\t\t\t<div class=\"elementor-widget-container\">\n\t\t\t\t\t\t\t\t\t<p><span style=\"font-weight: 400;\">El proyecto busca<\/span> <b>transformar y renovar el proyecto comunitario<\/b> <span style=\"font-weight: 400;\">del Local Social Raimon Casellas, ampliando su oferta de actividades y acciones comunitarias dirigidas principalmente a ni\u00f1os, adolescentes, y das adultas, sin olvidar su hist\u00f3rica funci\u00f3n como punto de encuentro y relaci\u00f3n para los vecinos y vecinas del barrio. El Local Social, con una larga trayectoria desde su fundaci\u00f3n en 1985, ha sido un claro ejemplo de autogesti\u00f3n vecinal y de compromiso con las necesidades e intereses del barrio.<\/span><\/p>\n\t\t\t\t\t\t\t\t<\/div>\n\t\t\t\t<\/div>\n\t\t\t\t\t<\/div>\n\t\t<\/div>\n\t\t\t\t\t<\/div>\n\t\t<\/section>\n\t\t\t\t<section class=\"elementor-section elementor-top-section elementor-element elementor-element-9aa194a elementor-section-boxed elementor-section-height-default elementor-section-height-default\" data-id=\"9aa194a\" data-element_type=\"section\" data-e-type=\"section\">\n\t\t\t\t\t\t<div class=\"elementor-container elementor-column-gap-default\">\n\t\t\t\t\t<div class=\"elementor-column elementor-col-100 elementor-top-column elementor-element elementor-element-7a1978c\" data-id=\"7a1978c\" data-element_type=\"column\" data-e-type=\"column\">\n\t\t\t<div class=\"elementor-widget-wrap elementor-element-populated\">\n\t\t\t\t\t\t<div class=\"elementor-element elementor-element-8e39692 elementor-widget elementor-widget-heading\" data-id=\"8e39692\" data-element_type=\"widget\" data-e-type=\"widget\" data-widget_type=\"heading.default\">\n\t\t\t\t<div class=\"elementor-widget-container\">\n\t\t\t\t\t<h2 class=\"elementor-heading-title elementor-size-default\">Dinamizaci\u00f3n de espacios <\/h2>\t\t\t\t<\/div>\n\t\t\t\t<\/div>\n\t\t\t\t\t<\/div>\n\t\t<\/div>\n\t\t\t\t\t<\/div>\n\t\t<\/section>\n\t\t\t\t<section class=\"elementor-section elementor-top-section elementor-element elementor-element-1c1f9e3 elementor-section-boxed elementor-section-height-default elementor-section-height-default\" data-id=\"1c1f9e3\" data-element_type=\"section\" data-e-type=\"section\">\n\t\t\t\t\t\t<div class=\"elementor-container elementor-column-gap-default\">\n\t\t\t\t\t<div class=\"elementor-column elementor-col-100 elementor-top-column elementor-element elementor-element-435a548\" data-id=\"435a548\" data-element_type=\"column\" data-e-type=\"column\">\n\t\t\t<div class=\"elementor-widget-wrap elementor-element-populated\">\n\t\t\t\t\t\t<div class=\"elementor-element elementor-element-d3f081d elementor-widget elementor-widget-text-editor\" data-id=\"d3f081d\" data-element_type=\"widget\" data-e-type=\"widget\" data-widget_type=\"text-editor.default\">\n\t\t\t\t<div class=\"elementor-widget-container\">\n\t\t\t\t\t\t\t\t\t<p><span style=\"font-weight: 400;\">PortaCabot se encargar\u00e1 de la<\/span> <b>dinamizaci\u00f3n de dos espacios<\/b> <span style=\"font-weight: 400;\">principales: un<\/span> <b>espacio de relaci\u00f3n y encuentro del vecindario<\/b><span style=\"font-weight: 400;\">, que funcionar\u00e1 como punto de encuentro informal entre los residentes, y un<\/span> <b>espacio de actividades programadas y dirigidas<\/b><span style=\"font-weight: 400;\">, destinado a acoger iniciativas comunitarias espec\u00edficas.<\/span> <\/p>\n<p><span style=\"font-weight: 400;\">El proyecto tambi\u00e9n incluye<\/span> <b>servicios como informaci\u00f3n y acogida, regulaci\u00f3n y cesi\u00f3n de los espacios, formaci\u00f3n, y promoci\u00f3n y difusi\u00f3n cultural,<\/b> <span style=\"font-weight: 400;\">con el objetivo de abrir el Local Social a la participaci\u00f3n de los vecinos y vecinas de Can Bar\u00f3 y optimizar la actividad comunitaria del barrio.<\/span><\/p>\n\t\t\t\t\t\t\t\t<\/div>\n\t\t\t\t<\/div>\n\t\t\t\t\t<\/div>\n\t\t<\/div>\n\t\t\t\t\t<\/div>\n\t\t<\/section>\n\t\t\t\t<section class=\"elementor-section elementor-top-section elementor-element elementor-element-cdb7443 elementor-section-boxed elementor-section-height-default elementor-section-height-default\" data-id=\"cdb7443\" data-element_type=\"section\" data-e-type=\"section\">\n\t\t\t\t\t\t<div class=\"elementor-container elementor-column-gap-default\">\n\t\t\t\t\t<div class=\"elementor-column elementor-col-100 elementor-top-column elementor-element elementor-element-0065e53\" data-id=\"0065e53\" data-element_type=\"column\" data-e-type=\"column\">\n\t\t\t<div class=\"elementor-widget-wrap elementor-element-populated\">\n\t\t\t\t\t\t<div class=\"elementor-element elementor-element-956bd8b elementor-widget-divider--view-line elementor-widget elementor-widget-divider\" data-id=\"956bd8b\" data-element_type=\"widget\" data-e-type=\"widget\" data-widget_type=\"divider.default\">\n\t\t\t\t<div class=\"elementor-widget-container\">\n\t\t\t\t\t\t\t<div class=\"elementor-divider\">\n\t\t\t<span class=\"elementor-divider-separator\">\n\t\t\t\t\t\t<\/span>\n\t\t<\/div>\n\t\t\t\t\t\t<\/div>\n\t\t\t\t<\/div>\n\t\t\t\t<div class=\"elementor-element elementor-element-a516226 elementor-widget elementor-widget-text-editor\" data-id=\"a516226\" data-element_type=\"widget\" data-e-type=\"widget\" data-widget_type=\"text-editor.default\">\n\t\t\t\t<div class=\"elementor-widget-container\">\n\t\t\t\t\t\t\t\t\t<h5 style=\"text-align: center;\"><strong>\u00bfNecesitas m\u00e1s informaci\u00f3n sobre el proyecto del Local Social Raimon Casellas?<\/strong><\/h5>\n\t\t\t\t\t\t\t\t<\/div>\n\t\t\t\t<\/div>\n\t\t\t\t<div class=\"elementor-element elementor-element-a3fadd2 elementor-align-center elementor-widget elementor-widget-button\" data-id=\"a3fadd2\" data-element_type=\"widget\" data-e-type=\"widget\" data-widget_type=\"button.default\">\n\t\t\t\t<div class=\"elementor-widget-container\">\n\t\t\t\t\t\t\t\t\t<div class=\"elementor-button-wrapper\">\n\t\t\t\t\t<a class=\"elementor-button elementor-button-link elementor-size-sm\" href=\"https:\/\/www.portacabot.com\/es\/contacto\/\">\n\t\t\t\t\t\t<span class=\"elementor-button-content-wrapper\">\n\t\t\t\t\t\t<span class=\"elementor-button-icon\">\n\t\t\t\t<i aria-hidden=\"true\" class=\"fas fa-phone-alt\"><\/i>\t\t\t<\/span>\n\t\t\t\t\t\t\t\t\t<span class=\"elementor-button-text\">\u00a1Cont\u00e1ctanos!<\/span>\n\t\t\t\t\t<\/span>\n\t\t\t\t\t<\/a>\n\t\t\t\t<\/div>\n\t\t\t\t\t\t\t\t<\/div>\n\t\t\t\t<\/div>\n\t\t\t\t\t<\/div>\n\t\t<\/div>\n\t\t\t\t\t<\/div>\n\t\t<\/section>\n\t\t\t\t<\/div>\n\t\t","protected":false},"excerpt":{"rendered":"<p>PortaCabot ha sido escogida como empresa adjudicataria para liderar el proyecto de dinamizaci\u00f3n de la actividad comunitaria del Local Social Raimon Casellas, situado en el coraz\u00f3n del barrio de Can Bar\u00f3. Este proyecto se enmarca dentro de el Plan de Barrios 2021-2024,con el objetivo de revitalizar y potenciar las din\u00e1micas comunitarias de esta zona de [&hellip;]<\/p>\n","protected":false},"author":5,"featured_media":23486,"comment_status":"closed","ping_status":"closed","sticky":false,"template":"","format":"standard","meta":{"footnotes":""},"categories":[37],"tags":[],"class_list":["post-23553","post","type-post","status-publish","format-standard","has-post-thumbnail","hentry","category-participacion"],"yoast_head":"<!-- This site is optimized with the Yoast SEO plugin v27.5 - https:\/\/yoast.com\/product\/yoast-seo-wordpress\/ -->\n<title>Nuevo proyecto: Local Social Raimon Casellas - Portacabot<\/title>\n<meta name=\"description\" content=\"PortaCabot encargada del nuevo proyecto de dinamizaci\u00f3n de la actividad comunitaria del Local Social Raimon Casellas, al barrio de Can Bar\u00f3.\" \/>\n<meta name=\"robots\" content=\"index, follow, max-snippet:-1, max-image-preview:large, max-video-preview:-1\" \/>\n<link rel=\"canonical\" href=\"https:\/\/www.portacabot.com\/es\/nuevo-proyecto-local-social-raimon-casellas\/\" \/>\n<meta property=\"og:locale\" content=\"es_ES\" \/>\n<meta property=\"og:type\" content=\"article\" \/>\n<meta property=\"og:title\" content=\"Nuevo proyecto: Local Social Raimon Casellas - Portacabot\" \/>\n<meta property=\"og:description\" content=\"PortaCabot encargada del nuevo proyecto de dinamizaci\u00f3n de la actividad comunitaria del Local Social Raimon Casellas, al barrio de Can Bar\u00f3.\" \/>\n<meta property=\"og:url\" content=\"https:\/\/www.portacabot.com\/es\/nuevo-proyecto-local-social-raimon-casellas\/\" \/>\n<meta property=\"og:site_name\" content=\"Portacabot\" \/>\n<meta property=\"article:published_time\" content=\"2024-03-22T10:14:01+00:00\" \/>\n<meta property=\"article:modified_time\" content=\"2024-04-12T10:26:27+00:00\" \/>\n<meta property=\"og:image\" content=\"https:\/\/www.portacabot.com\/wp-content\/uploads\/2024\/03\/CanBaro-RaimonCasellas-local-2.jpg\" \/>\n\t<meta property=\"og:image:width\" content=\"760\" \/>\n\t<meta property=\"og:image:height\" content=\"430\" \/>\n\t<meta property=\"og:image:type\" content=\"image\/jpeg\" \/>\n<meta name=\"author\" content=\"Marketing\" \/>\n<meta name=\"twitter:card\" content=\"summary_large_image\" \/>\n<meta name=\"twitter:label1\" content=\"Written by\" \/>\n\t<meta name=\"twitter:data1\" content=\"Marketing\" \/>\n\t<meta name=\"twitter:label2\" content=\"Est. reading time\" \/>\n\t<meta name=\"twitter:data2\" content=\"1 minute\" \/>\n<script type=\"application\/ld+json\" class=\"yoast-schema-graph\">{\"@context\":\"https:\\\/\\\/schema.org\",\"@graph\":[{\"@type\":\"Article\",\"@id\":\"https:\\\/\\\/www.portacabot.com\\\/es\\\/nuevo-proyecto-local-social-raimon-casellas\\\/#article\",\"isPartOf\":{\"@id\":\"https:\\\/\\\/www.portacabot.com\\\/es\\\/nuevo-proyecto-local-social-raimon-casellas\\\/\"},\"author\":{\"name\":\"Marketing\",\"@id\":\"https:\\\/\\\/www.portacabot.com\\\/es\\\/#\\\/schema\\\/person\\\/967b3393e1ee8a31727f67a78b0884e1\"},\"headline\":\"Nuevo proyecto: Local Social Raimon Casellas\",\"datePublished\":\"2024-03-22T10:14:01+00:00\",\"dateModified\":\"2024-04-12T10:26:27+00:00\",\"mainEntityOfPage\":{\"@id\":\"https:\\\/\\\/www.portacabot.com\\\/es\\\/nuevo-proyecto-local-social-raimon-casellas\\\/\"},\"wordCount\":271,\"publisher\":{\"@id\":\"https:\\\/\\\/www.portacabot.com\\\/es\\\/#organization\"},\"image\":{\"@id\":\"https:\\\/\\\/www.portacabot.com\\\/es\\\/nuevo-proyecto-local-social-raimon-casellas\\\/#primaryimage\"},\"thumbnailUrl\":\"https:\\\/\\\/www.portacabot.com\\\/wp-content\\\/uploads\\\/2024\\\/03\\\/CanBaro-RaimonCasellas-local-2.jpg\",\"articleSection\":[\"Participaci\u00f3n\"],\"inLanguage\":\"ES\"},{\"@type\":\"WebPage\",\"@id\":\"https:\\\/\\\/www.portacabot.com\\\/es\\\/nuevo-proyecto-local-social-raimon-casellas\\\/\",\"url\":\"https:\\\/\\\/www.portacabot.com\\\/es\\\/nuevo-proyecto-local-social-raimon-casellas\\\/\",\"name\":\"Nuevo proyecto: Local Social Raimon Casellas - Portacabot\",\"isPartOf\":{\"@id\":\"https:\\\/\\\/www.portacabot.com\\\/es\\\/#website\"},\"primaryImageOfPage\":{\"@id\":\"https:\\\/\\\/www.portacabot.com\\\/es\\\/nuevo-proyecto-local-social-raimon-casellas\\\/#primaryimage\"},\"image\":{\"@id\":\"https:\\\/\\\/www.portacabot.com\\\/es\\\/nuevo-proyecto-local-social-raimon-casellas\\\/#primaryimage\"},\"thumbnailUrl\":\"https:\\\/\\\/www.portacabot.com\\\/wp-content\\\/uploads\\\/2024\\\/03\\\/CanBaro-RaimonCasellas-local-2.jpg\",\"datePublished\":\"2024-03-22T10:14:01+00:00\",\"dateModified\":\"2024-04-12T10:26:27+00:00\",\"description\":\"PortaCabot encargada del nuevo proyecto de dinamizaci\u00f3n de la actividad comunitaria del Local Social Raimon Casellas, al barrio de Can Bar\u00f3.\",\"breadcrumb\":{\"@id\":\"https:\\\/\\\/www.portacabot.com\\\/es\\\/nuevo-proyecto-local-social-raimon-casellas\\\/#breadcrumb\"},\"inLanguage\":\"ES\",\"potentialAction\":[{\"@type\":\"ReadAction\",\"target\":[\"https:\\\/\\\/www.portacabot.com\\\/es\\\/nuevo-proyecto-local-social-raimon-casellas\\\/\"]}]},{\"@type\":\"ImageObject\",\"inLanguage\":\"ES\",\"@id\":\"https:\\\/\\\/www.portacabot.com\\\/es\\\/nuevo-proyecto-local-social-raimon-casellas\\\/#primaryimage\",\"url\":\"https:\\\/\\\/www.portacabot.com\\\/wp-content\\\/uploads\\\/2024\\\/03\\\/CanBaro-RaimonCasellas-local-2.jpg\",\"contentUrl\":\"https:\\\/\\\/www.portacabot.com\\\/wp-content\\\/uploads\\\/2024\\\/03\\\/CanBaro-RaimonCasellas-local-2.jpg\",\"width\":760,\"height\":430,\"caption\":\"Local Raimon Casellas\"},{\"@type\":\"BreadcrumbList\",\"@id\":\"https:\\\/\\\/www.portacabot.com\\\/es\\\/nuevo-proyecto-local-social-raimon-casellas\\\/#breadcrumb\",\"itemListElement\":[{\"@type\":\"ListItem\",\"position\":1,\"name\":\"Inici\",\"item\":\"https:\\\/\\\/www.portacabot.com\\\/es\\\/\"},{\"@type\":\"ListItem\",\"position\":2,\"name\":\"Nuevo proyecto: Local Social Raimon Casellas\"}]},{\"@type\":\"WebSite\",\"@id\":\"https:\\\/\\\/www.portacabot.com\\\/es\\\/#website\",\"url\":\"https:\\\/\\\/www.portacabot.com\\\/es\\\/\",\"name\":\"Portacabot\",\"description\":\"Solucions a les necessitats de les administracions i al conjunt de la societat\",\"publisher\":{\"@id\":\"https:\\\/\\\/www.portacabot.com\\\/es\\\/#organization\"},\"potentialAction\":[{\"@type\":\"SearchAction\",\"target\":{\"@type\":\"EntryPoint\",\"urlTemplate\":\"https:\\\/\\\/www.portacabot.com\\\/es\\\/?s={search_term_string}\"},\"query-input\":{\"@type\":\"PropertyValueSpecification\",\"valueRequired\":true,\"valueName\":\"search_term_string\"}}],\"inLanguage\":\"ES\"},{\"@type\":\"Organization\",\"@id\":\"https:\\\/\\\/www.portacabot.com\\\/es\\\/#organization\",\"name\":\"Portacabot\",\"url\":\"https:\\\/\\\/www.portacabot.com\\\/es\\\/\",\"logo\":{\"@type\":\"ImageObject\",\"inLanguage\":\"ES\",\"@id\":\"https:\\\/\\\/www.portacabot.com\\\/es\\\/#\\\/schema\\\/logo\\\/image\\\/\",\"url\":\"https:\\\/\\\/www.portacabot.com\\\/wp-content\\\/uploads\\\/2022\\\/03\\\/cropped-logo_portacabot.png\",\"contentUrl\":\"https:\\\/\\\/www.portacabot.com\\\/wp-content\\\/uploads\\\/2022\\\/03\\\/cropped-logo_portacabot.png\",\"width\":300,\"height\":85,\"caption\":\"Portacabot\"},\"image\":{\"@id\":\"https:\\\/\\\/www.portacabot.com\\\/es\\\/#\\\/schema\\\/logo\\\/image\\\/\"}},{\"@type\":\"Person\",\"@id\":\"https:\\\/\\\/www.portacabot.com\\\/es\\\/#\\\/schema\\\/person\\\/967b3393e1ee8a31727f67a78b0884e1\",\"name\":\"Marketing\",\"image\":{\"@type\":\"ImageObject\",\"inLanguage\":\"ES\",\"@id\":\"https:\\\/\\\/secure.gravatar.com\\\/avatar\\\/390f1a3521b96f02b13d0dfa32b4729c11ab8aa3f7f4a76b8faf4b1ccb9ad046?s=96&d=mm&r=g\",\"url\":\"https:\\\/\\\/secure.gravatar.com\\\/avatar\\\/390f1a3521b96f02b13d0dfa32b4729c11ab8aa3f7f4a76b8faf4b1ccb9ad046?s=96&d=mm&r=g\",\"contentUrl\":\"https:\\\/\\\/secure.gravatar.com\\\/avatar\\\/390f1a3521b96f02b13d0dfa32b4729c11ab8aa3f7f4a76b8faf4b1ccb9ad046?s=96&d=mm&r=g\",\"caption\":\"Marketing\"}}]}<\/script>\n<!-- \/ Yoast SEO plugin. -->","yoast_head_json":{"title":"Nuevo proyecto: Local Social Raimon Casellas - Portacabot","description":"PortaCabot encargada del nuevo proyecto de dinamizaci\u00f3n de la actividad comunitaria del Local Social Raimon Casellas, al barrio de Can Bar\u00f3.","robots":{"index":"index","follow":"follow","max-snippet":"max-snippet:-1","max-image-preview":"max-image-preview:large","max-video-preview":"max-video-preview:-1"},"canonical":"https:\/\/www.portacabot.com\/es\/nuevo-proyecto-local-social-raimon-casellas\/","og_locale":"es_ES","og_type":"article","og_title":"Nuevo proyecto: Local Social Raimon Casellas - Portacabot","og_description":"PortaCabot encargada del nuevo proyecto de dinamizaci\u00f3n de la actividad comunitaria del Local Social Raimon Casellas, al barrio de Can Bar\u00f3.","og_url":"https:\/\/www.portacabot.com\/es\/nuevo-proyecto-local-social-raimon-casellas\/","og_site_name":"Portacabot","article_published_time":"2024-03-22T10:14:01+00:00","article_modified_time":"2024-04-12T10:26:27+00:00","og_image":[{"width":760,"height":430,"url":"https:\/\/www.portacabot.com\/wp-content\/uploads\/2024\/03\/CanBaro-RaimonCasellas-local-2.jpg","type":"image\/jpeg"}],"author":"Marketing","twitter_card":"summary_large_image","twitter_misc":{"Written by":"Marketing","Est. reading time":"1 minute"},"schema":{"@context":"https:\/\/schema.org","@graph":[{"@type":"Article","@id":"https:\/\/www.portacabot.com\/es\/nuevo-proyecto-local-social-raimon-casellas\/#article","isPartOf":{"@id":"https:\/\/www.portacabot.com\/es\/nuevo-proyecto-local-social-raimon-casellas\/"},"author":{"name":"Marketing","@id":"https:\/\/www.portacabot.com\/es\/#\/schema\/person\/967b3393e1ee8a31727f67a78b0884e1"},"headline":"Nuevo proyecto: Local Social Raimon Casellas","datePublished":"2024-03-22T10:14:01+00:00","dateModified":"2024-04-12T10:26:27+00:00","mainEntityOfPage":{"@id":"https:\/\/www.portacabot.com\/es\/nuevo-proyecto-local-social-raimon-casellas\/"},"wordCount":271,"publisher":{"@id":"https:\/\/www.portacabot.com\/es\/#organization"},"image":{"@id":"https:\/\/www.portacabot.com\/es\/nuevo-proyecto-local-social-raimon-casellas\/#primaryimage"},"thumbnailUrl":"https:\/\/www.portacabot.com\/wp-content\/uploads\/2024\/03\/CanBaro-RaimonCasellas-local-2.jpg","articleSection":["Participaci\u00f3n"],"inLanguage":"ES"},{"@type":"WebPage","@id":"https:\/\/www.portacabot.com\/es\/nuevo-proyecto-local-social-raimon-casellas\/","url":"https:\/\/www.portacabot.com\/es\/nuevo-proyecto-local-social-raimon-casellas\/","name":"Nuevo proyecto: Local Social Raimon Casellas - Portacabot","isPartOf":{"@id":"https:\/\/www.portacabot.com\/es\/#website"},"primaryImageOfPage":{"@id":"https:\/\/www.portacabot.com\/es\/nuevo-proyecto-local-social-raimon-casellas\/#primaryimage"},"image":{"@id":"https:\/\/www.portacabot.com\/es\/nuevo-proyecto-local-social-raimon-casellas\/#primaryimage"},"thumbnailUrl":"https:\/\/www.portacabot.com\/wp-content\/uploads\/2024\/03\/CanBaro-RaimonCasellas-local-2.jpg","datePublished":"2024-03-22T10:14:01+00:00","dateModified":"2024-04-12T10:26:27+00:00","description":"PortaCabot encargada del nuevo proyecto de dinamizaci\u00f3n de la actividad comunitaria del Local Social Raimon Casellas, al barrio de Can Bar\u00f3.","breadcrumb":{"@id":"https:\/\/www.portacabot.com\/es\/nuevo-proyecto-local-social-raimon-casellas\/#breadcrumb"},"inLanguage":"ES","potentialAction":[{"@type":"ReadAction","target":["https:\/\/www.portacabot.com\/es\/nuevo-proyecto-local-social-raimon-casellas\/"]}]},{"@type":"ImageObject","inLanguage":"ES","@id":"https:\/\/www.portacabot.com\/es\/nuevo-proyecto-local-social-raimon-casellas\/#primaryimage","url":"https:\/\/www.portacabot.com\/wp-content\/uploads\/2024\/03\/CanBaro-RaimonCasellas-local-2.jpg","contentUrl":"https:\/\/www.portacabot.com\/wp-content\/uploads\/2024\/03\/CanBaro-RaimonCasellas-local-2.jpg","width":760,"height":430,"caption":"Local Raimon Casellas"},{"@type":"BreadcrumbList","@id":"https:\/\/www.portacabot.com\/es\/nuevo-proyecto-local-social-raimon-casellas\/#breadcrumb","itemListElement":[{"@type":"ListItem","position":1,"name":"Inici","item":"https:\/\/www.portacabot.com\/es\/"},{"@type":"ListItem","position":2,"name":"Nuevo proyecto: Local Social Raimon Casellas"}]},{"@type":"WebSite","@id":"https:\/\/www.portacabot.com\/es\/#website","url":"https:\/\/www.portacabot.com\/es\/","name":"Portacabot","description":"Solucions a les necessitats de les administracions i al conjunt de la societat","publisher":{"@id":"https:\/\/www.portacabot.com\/es\/#organization"},"potentialAction":[{"@type":"SearchAction","target":{"@type":"EntryPoint","urlTemplate":"https:\/\/www.portacabot.com\/es\/?s={search_term_string}"},"query-input":{"@type":"PropertyValueSpecification","valueRequired":true,"valueName":"search_term_string"}}],"inLanguage":"ES"},{"@type":"Organization","@id":"https:\/\/www.portacabot.com\/es\/#organization","name":"Portacabot","url":"https:\/\/www.portacabot.com\/es\/","logo":{"@type":"ImageObject","inLanguage":"ES","@id":"https:\/\/www.portacabot.com\/es\/#\/schema\/logo\/image\/","url":"https:\/\/www.portacabot.com\/wp-content\/uploads\/2022\/03\/cropped-logo_portacabot.png","contentUrl":"https:\/\/www.portacabot.com\/wp-content\/uploads\/2022\/03\/cropped-logo_portacabot.png","width":300,"height":85,"caption":"Portacabot"},"image":{"@id":"https:\/\/www.portacabot.com\/es\/#\/schema\/logo\/image\/"}},{"@type":"Person","@id":"https:\/\/www.portacabot.com\/es\/#\/schema\/person\/967b3393e1ee8a31727f67a78b0884e1","name":"Marketing","image":{"@type":"ImageObject","inLanguage":"ES","@id":"https:\/\/secure.gravatar.com\/avatar\/390f1a3521b96f02b13d0dfa32b4729c11ab8aa3f7f4a76b8faf4b1ccb9ad046?s=96&d=mm&r=g","url":"https:\/\/secure.gravatar.com\/avatar\/390f1a3521b96f02b13d0dfa32b4729c11ab8aa3f7f4a76b8faf4b1ccb9ad046?s=96&d=mm&r=g","contentUrl":"https:\/\/secure.gravatar.com\/avatar\/390f1a3521b96f02b13d0dfa32b4729c11ab8aa3f7f4a76b8faf4b1ccb9ad046?s=96&d=mm&r=g","caption":"Marketing"}}]}},"_links":{"self":[{"href":"https:\/\/www.portacabot.com\/es\/wp-json\/wp\/v2\/posts\/23553","targetHints":{"allow":["GET"]}}],"collection":[{"href":"https:\/\/www.portacabot.com\/es\/wp-json\/wp\/v2\/posts"}],"about":[{"href":"https:\/\/www.portacabot.com\/es\/wp-json\/wp\/v2\/types\/post"}],"author":[{"embeddable":true,"href":"https:\/\/www.portacabot.com\/es\/wp-json\/wp\/v2\/users\/5"}],"replies":[{"embeddable":true,"href":"https:\/\/www.portacabot.com\/es\/wp-json\/wp\/v2\/comments?post=23553"}],"version-history":[{"count":3,"href":"https:\/\/www.portacabot.com\/es\/wp-json\/wp\/v2\/posts\/23553\/revisions"}],"predecessor-version":[{"id":23556,"href":"https:\/\/www.portacabot.com\/es\/wp-json\/wp\/v2\/posts\/23553\/revisions\/23556"}],"wp:featuredmedia":[{"embeddable":true,"href":"https:\/\/www.portacabot.com\/es\/wp-json\/wp\/v2\/media\/23486"}],"wp:attachment":[{"href":"https:\/\/www.portacabot.com\/es\/wp-json\/wp\/v2\/media?parent=23553"}],"wp:term":[{"taxonomy":"category","embeddable":true,"href":"https:\/\/www.portacabot.com\/es\/wp-json\/wp\/v2\/categories?post=23553"},{"taxonomy":"post_tag","embeddable":true,"href":"https:\/\/www.portacabot.com\/es\/wp-json\/wp\/v2\/tags?post=23553"}],"curies":[{"name":"wp","href":"https:\/\/api.w.org\/{rel}","templated":true}]}}