{"id":23551,"date":"2024-03-27T16:05:44","date_gmt":"2024-03-27T16:05:44","guid":{"rendered":"https:\/\/www.portacabot.com\/portacabot-seleccionada-para-desarrollar-procesos-participativos-en-barcelona\/"},"modified":"2024-04-12T10:20:20","modified_gmt":"2024-04-12T10:20:20","slug":"portacabot-seleccionada-para-desarrollar-procesos-participativos-en-barcelona","status":"publish","type":"post","link":"https:\/\/www.portacabot.com\/es\/portacabot-seleccionada-para-desarrollar-procesos-participativos-en-barcelona\/","title":{"rendered":"PortaCabot, seleccionada para desarrollar procesos participativos en Barcelona"},"content":{"rendered":"\t\t<div data-elementor-type=\"wp-post\" data-elementor-id=\"23551\" class=\"elementor elementor-23551 elementor-23489\" wpc-filter-elementor-widget=\"1\" data-elementor-post-type=\"post\">\n\t\t\t\t\t\t<section class=\"elementor-section elementor-top-section elementor-element elementor-element-549cb61 elementor-section-boxed elementor-section-height-default elementor-section-height-default\" data-id=\"549cb61\" data-element_type=\"section\" data-e-type=\"section\">\n\t\t\t\t\t\t<div class=\"elementor-container elementor-column-gap-default\">\n\t\t\t\t\t<div class=\"elementor-column elementor-col-100 elementor-top-column elementor-element elementor-element-bc5caaf\" data-id=\"bc5caaf\" data-element_type=\"column\" data-e-type=\"column\">\n\t\t\t<div class=\"elementor-widget-wrap elementor-element-populated\">\n\t\t\t\t\t\t<div class=\"elementor-element elementor-element-07c18bc elementor-widget elementor-widget-text-editor\" data-id=\"07c18bc\" data-element_type=\"widget\" data-e-type=\"widget\" data-widget_type=\"text-editor.default\">\n\t\t\t\t<div class=\"elementor-widget-container\">\n\t\t\t\t\t\t\t\t\t<p><span style=\"font-weight: 400;\">PortaCabot ha sido escogida para integrarse en el acuerdo marco del Ayuntamiento de Barcelona dedicado a la dinamizaci\u00f3n de procesos participativos. Esta iniciativa, encabezada por la Direcci\u00f3n de Servicios de Democracia Activa, <strong>destaca por su apuesta por una contrataci\u00f3n p\u00fablica sostenible y su dedicaci\u00f3n a fomentar una participaci\u00f3n ciudadana m\u00e1s activa<\/strong> y representativa dentro de la comunidad.<\/span><\/p>\n\t\t\t\t\t\t\t\t<\/div>\n\t\t\t\t<\/div>\n\t\t\t\t<div class=\"elementor-element elementor-element-7def1a7 elementor-widget elementor-widget-heading\" data-id=\"7def1a7\" data-element_type=\"widget\" data-e-type=\"widget\" data-widget_type=\"heading.default\">\n\t\t\t\t<div class=\"elementor-widget-container\">\n\t\t\t\t\t<h2 class=\"elementor-heading-title elementor-size-default\">Impulsando la participaci\u00f3n ciudadana: PortaCabot y el acuerdo marco en Barcelona<\/h2>\t\t\t\t<\/div>\n\t\t\t\t<\/div>\n\t\t\t\t\t<\/div>\n\t\t<\/div>\n\t\t\t\t\t<\/div>\n\t\t<\/section>\n\t\t\t\t<section class=\"elementor-section elementor-top-section elementor-element elementor-element-54b6f19 elementor-section-boxed elementor-section-height-default elementor-section-height-default\" data-id=\"54b6f19\" data-element_type=\"section\" data-e-type=\"section\">\n\t\t\t\t\t\t<div class=\"elementor-container elementor-column-gap-default\">\n\t\t\t\t\t<div class=\"elementor-column elementor-col-100 elementor-top-column elementor-element elementor-element-8da8f5c\" data-id=\"8da8f5c\" data-element_type=\"column\" data-e-type=\"column\">\n\t\t\t<div class=\"elementor-widget-wrap elementor-element-populated\">\n\t\t\t\t\t\t<div class=\"elementor-element elementor-element-e6cc647 elementor-widget elementor-widget-text-editor\" data-id=\"e6cc647\" data-element_type=\"widget\" data-e-type=\"widget\" data-widget_type=\"text-editor.default\">\n\t\t\t\t<div class=\"elementor-widget-container\">\n\t\t\t\t\t\t\t\t\t<p><span style=\"font-weight: 400;\">PortaCabot jugar\u00e1 un <strong>papel clave en el dise\u00f1o, dinamizaci\u00f3n y acompa\u00f1amiento de varios procesos participativos<\/strong>, garantizando que las voces de los barceloneses y barcelonesas sean escuchadas y tengan un impacto directo en las decisiones que afectan su ciudad. El marco de actuaci\u00f3n abraza <strong>un ancho abanico de servicios, desde la coordinaci\u00f3n y seguimiento de procesos hasta la elaboraci\u00f3n de encuestas,<\/strong> pasando por la dinamizaci\u00f3n de plataformas digitales y la organizaci\u00f3n de actividades presenciales que promuevan la participaci\u00f3n ciudadana.<\/span><\/p>\n<p><span style=\"font-weight: 400;\">A trav\u00e9s de esta colaboraci\u00f3n, <strong>se pretende no solo aumentar la participaci\u00f3n ciudadana en el dise\u00f1o de pol\u00edticas e iniciativas locales<\/strong>, sino tambi\u00e9n potenciar la transparencia y la responsabilidad en la gesti\u00f3n municipal.<\/span><\/p>\n\t\t\t\t\t\t\t\t<\/div>\n\t\t\t\t<\/div>\n\t\t\t\t\t<\/div>\n\t\t<\/div>\n\t\t\t\t\t<\/div>\n\t\t<\/section>\n\t\t\t\t<section class=\"elementor-section elementor-top-section elementor-element elementor-element-db0f42c elementor-section-boxed elementor-section-height-default elementor-section-height-default\" data-id=\"db0f42c\" data-element_type=\"section\" data-e-type=\"section\">\n\t\t\t\t\t\t<div class=\"elementor-container elementor-column-gap-default\">\n\t\t\t\t\t<div class=\"elementor-column elementor-col-100 elementor-top-column elementor-element elementor-element-3ac056e\" data-id=\"3ac056e\" data-element_type=\"column\" data-e-type=\"column\">\n\t\t\t<div class=\"elementor-widget-wrap elementor-element-populated\">\n\t\t\t\t\t\t<div class=\"elementor-element elementor-element-8a14b6d elementor-widget-divider--view-line elementor-widget elementor-widget-divider\" data-id=\"8a14b6d\" data-element_type=\"widget\" data-e-type=\"widget\" data-widget_type=\"divider.default\">\n\t\t\t\t<div class=\"elementor-widget-container\">\n\t\t\t\t\t\t\t<div class=\"elementor-divider\">\n\t\t\t<span class=\"elementor-divider-separator\">\n\t\t\t\t\t\t<\/span>\n\t\t<\/div>\n\t\t\t\t\t\t<\/div>\n\t\t\t\t<\/div>\n\t\t\t\t<div class=\"elementor-element elementor-element-a20a9a2 elementor-widget elementor-widget-text-editor\" data-id=\"a20a9a2\" data-element_type=\"widget\" data-e-type=\"widget\" data-widget_type=\"text-editor.default\">\n\t\t\t\t<div class=\"elementor-widget-container\">\n\t\t\t\t\t\t\t\t\t<h5 style=\"text-align: center;\"><strong>\u00bfNecesitas m\u00e1s informaci\u00f3n sobre este proyecto?<\/strong><\/h5>\n\t\t\t\t\t\t\t\t<\/div>\n\t\t\t\t<\/div>\n\t\t\t\t<div class=\"elementor-element elementor-element-770daeb elementor-align-center elementor-widget elementor-widget-button\" data-id=\"770daeb\" data-element_type=\"widget\" data-e-type=\"widget\" data-widget_type=\"button.default\">\n\t\t\t\t<div class=\"elementor-widget-container\">\n\t\t\t\t\t\t\t\t\t<div class=\"elementor-button-wrapper\">\n\t\t\t\t\t<a class=\"elementor-button elementor-button-link elementor-size-sm\" href=\"https:\/\/www.portacabot.com\/es\/contacto\/\">\n\t\t\t\t\t\t<span class=\"elementor-button-content-wrapper\">\n\t\t\t\t\t\t<span class=\"elementor-button-icon\">\n\t\t\t\t<i aria-hidden=\"true\" class=\"fas fa-phone-alt\"><\/i>\t\t\t<\/span>\n\t\t\t\t\t\t\t\t\t<span class=\"elementor-button-text\">\u00a1Cont\u00e1ctanos!<\/span>\n\t\t\t\t\t<\/span>\n\t\t\t\t\t<\/a>\n\t\t\t\t<\/div>\n\t\t\t\t\t\t\t\t<\/div>\n\t\t\t\t<\/div>\n\t\t\t\t\t<\/div>\n\t\t<\/div>\n\t\t\t\t\t<\/div>\n\t\t<\/section>\n\t\t\t\t<\/div>\n\t\t","protected":false},"excerpt":{"rendered":"<p>PortaCabot ha sido escogida para integrarse en el acuerdo marco del Ayuntamiento de Barcelona dedicado a la dinamizaci\u00f3n de procesos participativos. Esta iniciativa, encabezada por la Direcci\u00f3n de Servicios de Democracia Activa, destaca por su apuesta por una contrataci\u00f3n p\u00fablica sostenible y su dedicaci\u00f3n a fomentar una participaci\u00f3n ciudadana m\u00e1s activa y representativa dentro de [&hellip;]<\/p>\n","protected":false},"author":5,"featured_media":23497,"comment_status":"open","ping_status":"open","sticky":false,"template":"","format":"standard","meta":{"footnotes":""},"categories":[37],"tags":[],"class_list":["post-23551","post","type-post","status-publish","format-standard","has-post-thumbnail","hentry","category-participacion"],"yoast_head":"<!-- This site is optimized with the Yoast SEO plugin v27.5 - https:\/\/yoast.com\/product\/yoast-seo-wordpress\/ -->\n<title>PortaCabot y los procesos participativos en Barcelona - PortaCabot<\/title>\n<meta name=\"description\" content=\"PortaCabot ha sido escogida para integrarse en el acuerdo marco del Ayuntamiento de Barcelona por la dinamizaci\u00f3n de procesos participativos.\" \/>\n<meta name=\"robots\" content=\"index, follow, max-snippet:-1, max-image-preview:large, max-video-preview:-1\" \/>\n<link rel=\"canonical\" href=\"https:\/\/www.portacabot.com\/es\/portacabot-seleccionada-para-desarrollar-procesos-participativos-en-barcelona\/\" \/>\n<meta property=\"og:locale\" content=\"es_ES\" \/>\n<meta property=\"og:type\" content=\"article\" \/>\n<meta property=\"og:title\" content=\"PortaCabot y los procesos participativos en Barcelona - PortaCabot\" \/>\n<meta property=\"og:description\" content=\"PortaCabot ha sido escogida para integrarse en el acuerdo marco del Ayuntamiento de Barcelona por la dinamizaci\u00f3n de procesos participativos.\" \/>\n<meta property=\"og:url\" content=\"https:\/\/www.portacabot.com\/es\/portacabot-seleccionada-para-desarrollar-procesos-participativos-en-barcelona\/\" \/>\n<meta property=\"og:site_name\" content=\"Portacabot\" \/>\n<meta property=\"article:published_time\" content=\"2024-03-27T16:05:44+00:00\" \/>\n<meta property=\"article:modified_time\" content=\"2024-04-12T10:20:20+00:00\" \/>\n<meta property=\"og:image\" content=\"https:\/\/www.portacabot.com\/wp-content\/uploads\/2024\/03\/Ajuntament_de_Barcelona_3400686886.jpg\" \/>\n\t<meta property=\"og:image:width\" content=\"700\" \/>\n\t<meta property=\"og:image:height\" content=\"532\" \/>\n\t<meta property=\"og:image:type\" content=\"image\/jpeg\" \/>\n<meta name=\"author\" content=\"Marketing\" \/>\n<meta name=\"twitter:card\" content=\"summary_large_image\" \/>\n<meta name=\"twitter:label1\" content=\"Written by\" \/>\n\t<meta name=\"twitter:data1\" content=\"Marketing\" \/>\n\t<meta name=\"twitter:label2\" content=\"Est. reading time\" \/>\n\t<meta name=\"twitter:data2\" content=\"1 minute\" \/>\n<script type=\"application\/ld+json\" class=\"yoast-schema-graph\">{\"@context\":\"https:\\\/\\\/schema.org\",\"@graph\":[{\"@type\":\"Article\",\"@id\":\"https:\\\/\\\/www.portacabot.com\\\/es\\\/portacabot-seleccionada-para-desarrollar-procesos-participativos-en-barcelona\\\/#article\",\"isPartOf\":{\"@id\":\"https:\\\/\\\/www.portacabot.com\\\/es\\\/portacabot-seleccionada-para-desarrollar-procesos-participativos-en-barcelona\\\/\"},\"author\":{\"name\":\"Marketing\",\"@id\":\"https:\\\/\\\/www.portacabot.com\\\/es\\\/#\\\/schema\\\/person\\\/967b3393e1ee8a31727f67a78b0884e1\"},\"headline\":\"PortaCabot, seleccionada para desarrollar procesos participativos en Barcelona\",\"datePublished\":\"2024-03-27T16:05:44+00:00\",\"dateModified\":\"2024-04-12T10:20:20+00:00\",\"mainEntityOfPage\":{\"@id\":\"https:\\\/\\\/www.portacabot.com\\\/es\\\/portacabot-seleccionada-para-desarrollar-procesos-participativos-en-barcelona\\\/\"},\"wordCount\":221,\"commentCount\":0,\"publisher\":{\"@id\":\"https:\\\/\\\/www.portacabot.com\\\/es\\\/#organization\"},\"image\":{\"@id\":\"https:\\\/\\\/www.portacabot.com\\\/es\\\/portacabot-seleccionada-para-desarrollar-procesos-participativos-en-barcelona\\\/#primaryimage\"},\"thumbnailUrl\":\"https:\\\/\\\/www.portacabot.com\\\/wp-content\\\/uploads\\\/2024\\\/03\\\/Ajuntament_de_Barcelona_3400686886.jpg\",\"articleSection\":[\"Participaci\u00f3n\"],\"inLanguage\":\"ES\",\"potentialAction\":[{\"@type\":\"CommentAction\",\"name\":\"Comment\",\"target\":[\"https:\\\/\\\/www.portacabot.com\\\/es\\\/portacabot-seleccionada-para-desarrollar-procesos-participativos-en-barcelona\\\/#respond\"]}]},{\"@type\":\"WebPage\",\"@id\":\"https:\\\/\\\/www.portacabot.com\\\/es\\\/portacabot-seleccionada-para-desarrollar-procesos-participativos-en-barcelona\\\/\",\"url\":\"https:\\\/\\\/www.portacabot.com\\\/es\\\/portacabot-seleccionada-para-desarrollar-procesos-participativos-en-barcelona\\\/\",\"name\":\"PortaCabot y los procesos participativos en Barcelona - PortaCabot\",\"isPartOf\":{\"@id\":\"https:\\\/\\\/www.portacabot.com\\\/es\\\/#website\"},\"primaryImageOfPage\":{\"@id\":\"https:\\\/\\\/www.portacabot.com\\\/es\\\/portacabot-seleccionada-para-desarrollar-procesos-participativos-en-barcelona\\\/#primaryimage\"},\"image\":{\"@id\":\"https:\\\/\\\/www.portacabot.com\\\/es\\\/portacabot-seleccionada-para-desarrollar-procesos-participativos-en-barcelona\\\/#primaryimage\"},\"thumbnailUrl\":\"https:\\\/\\\/www.portacabot.com\\\/wp-content\\\/uploads\\\/2024\\\/03\\\/Ajuntament_de_Barcelona_3400686886.jpg\",\"datePublished\":\"2024-03-27T16:05:44+00:00\",\"dateModified\":\"2024-04-12T10:20:20+00:00\",\"description\":\"PortaCabot ha sido escogida para integrarse en el acuerdo marco del Ayuntamiento de Barcelona por la dinamizaci\u00f3n de procesos participativos.\",\"breadcrumb\":{\"@id\":\"https:\\\/\\\/www.portacabot.com\\\/es\\\/portacabot-seleccionada-para-desarrollar-procesos-participativos-en-barcelona\\\/#breadcrumb\"},\"inLanguage\":\"ES\",\"potentialAction\":[{\"@type\":\"ReadAction\",\"target\":[\"https:\\\/\\\/www.portacabot.com\\\/es\\\/portacabot-seleccionada-para-desarrollar-procesos-participativos-en-barcelona\\\/\"]}]},{\"@type\":\"ImageObject\",\"inLanguage\":\"ES\",\"@id\":\"https:\\\/\\\/www.portacabot.com\\\/es\\\/portacabot-seleccionada-para-desarrollar-procesos-participativos-en-barcelona\\\/#primaryimage\",\"url\":\"https:\\\/\\\/www.portacabot.com\\\/wp-content\\\/uploads\\\/2024\\\/03\\\/Ajuntament_de_Barcelona_3400686886.jpg\",\"contentUrl\":\"https:\\\/\\\/www.portacabot.com\\\/wp-content\\\/uploads\\\/2024\\\/03\\\/Ajuntament_de_Barcelona_3400686886.jpg\",\"width\":700,\"height\":532,\"caption\":\"processos participatius barcelona portacabot\"},{\"@type\":\"BreadcrumbList\",\"@id\":\"https:\\\/\\\/www.portacabot.com\\\/es\\\/portacabot-seleccionada-para-desarrollar-procesos-participativos-en-barcelona\\\/#breadcrumb\",\"itemListElement\":[{\"@type\":\"ListItem\",\"position\":1,\"name\":\"Inici\",\"item\":\"https:\\\/\\\/www.portacabot.com\\\/es\\\/\"},{\"@type\":\"ListItem\",\"position\":2,\"name\":\"PortaCabot, seleccionada para desarrollar procesos participativos en Barcelona\"}]},{\"@type\":\"WebSite\",\"@id\":\"https:\\\/\\\/www.portacabot.com\\\/es\\\/#website\",\"url\":\"https:\\\/\\\/www.portacabot.com\\\/es\\\/\",\"name\":\"Portacabot\",\"description\":\"Solucions a les necessitats de les administracions i al conjunt de la societat\",\"publisher\":{\"@id\":\"https:\\\/\\\/www.portacabot.com\\\/es\\\/#organization\"},\"potentialAction\":[{\"@type\":\"SearchAction\",\"target\":{\"@type\":\"EntryPoint\",\"urlTemplate\":\"https:\\\/\\\/www.portacabot.com\\\/es\\\/?s={search_term_string}\"},\"query-input\":{\"@type\":\"PropertyValueSpecification\",\"valueRequired\":true,\"valueName\":\"search_term_string\"}}],\"inLanguage\":\"ES\"},{\"@type\":\"Organization\",\"@id\":\"https:\\\/\\\/www.portacabot.com\\\/es\\\/#organization\",\"name\":\"Portacabot\",\"url\":\"https:\\\/\\\/www.portacabot.com\\\/es\\\/\",\"logo\":{\"@type\":\"ImageObject\",\"inLanguage\":\"ES\",\"@id\":\"https:\\\/\\\/www.portacabot.com\\\/es\\\/#\\\/schema\\\/logo\\\/image\\\/\",\"url\":\"https:\\\/\\\/www.portacabot.com\\\/wp-content\\\/uploads\\\/2022\\\/03\\\/cropped-logo_portacabot.png\",\"contentUrl\":\"https:\\\/\\\/www.portacabot.com\\\/wp-content\\\/uploads\\\/2022\\\/03\\\/cropped-logo_portacabot.png\",\"width\":300,\"height\":85,\"caption\":\"Portacabot\"},\"image\":{\"@id\":\"https:\\\/\\\/www.portacabot.com\\\/es\\\/#\\\/schema\\\/logo\\\/image\\\/\"}},{\"@type\":\"Person\",\"@id\":\"https:\\\/\\\/www.portacabot.com\\\/es\\\/#\\\/schema\\\/person\\\/967b3393e1ee8a31727f67a78b0884e1\",\"name\":\"Marketing\",\"image\":{\"@type\":\"ImageObject\",\"inLanguage\":\"ES\",\"@id\":\"https:\\\/\\\/secure.gravatar.com\\\/avatar\\\/390f1a3521b96f02b13d0dfa32b4729c11ab8aa3f7f4a76b8faf4b1ccb9ad046?s=96&d=mm&r=g\",\"url\":\"https:\\\/\\\/secure.gravatar.com\\\/avatar\\\/390f1a3521b96f02b13d0dfa32b4729c11ab8aa3f7f4a76b8faf4b1ccb9ad046?s=96&d=mm&r=g\",\"contentUrl\":\"https:\\\/\\\/secure.gravatar.com\\\/avatar\\\/390f1a3521b96f02b13d0dfa32b4729c11ab8aa3f7f4a76b8faf4b1ccb9ad046?s=96&d=mm&r=g\",\"caption\":\"Marketing\"}}]}<\/script>\n<!-- \/ Yoast SEO plugin. -->","yoast_head_json":{"title":"PortaCabot y los procesos participativos en Barcelona - PortaCabot","description":"PortaCabot ha sido escogida para integrarse en el acuerdo marco del Ayuntamiento de Barcelona por la dinamizaci\u00f3n de procesos participativos.","robots":{"index":"index","follow":"follow","max-snippet":"max-snippet:-1","max-image-preview":"max-image-preview:large","max-video-preview":"max-video-preview:-1"},"canonical":"https:\/\/www.portacabot.com\/es\/portacabot-seleccionada-para-desarrollar-procesos-participativos-en-barcelona\/","og_locale":"es_ES","og_type":"article","og_title":"PortaCabot y los procesos participativos en Barcelona - PortaCabot","og_description":"PortaCabot ha sido escogida para integrarse en el acuerdo marco del Ayuntamiento de Barcelona por la dinamizaci\u00f3n de procesos participativos.","og_url":"https:\/\/www.portacabot.com\/es\/portacabot-seleccionada-para-desarrollar-procesos-participativos-en-barcelona\/","og_site_name":"Portacabot","article_published_time":"2024-03-27T16:05:44+00:00","article_modified_time":"2024-04-12T10:20:20+00:00","og_image":[{"width":700,"height":532,"url":"https:\/\/www.portacabot.com\/wp-content\/uploads\/2024\/03\/Ajuntament_de_Barcelona_3400686886.jpg","type":"image\/jpeg"}],"author":"Marketing","twitter_card":"summary_large_image","twitter_misc":{"Written by":"Marketing","Est. reading time":"1 minute"},"schema":{"@context":"https:\/\/schema.org","@graph":[{"@type":"Article","@id":"https:\/\/www.portacabot.com\/es\/portacabot-seleccionada-para-desarrollar-procesos-participativos-en-barcelona\/#article","isPartOf":{"@id":"https:\/\/www.portacabot.com\/es\/portacabot-seleccionada-para-desarrollar-procesos-participativos-en-barcelona\/"},"author":{"name":"Marketing","@id":"https:\/\/www.portacabot.com\/es\/#\/schema\/person\/967b3393e1ee8a31727f67a78b0884e1"},"headline":"PortaCabot, seleccionada para desarrollar procesos participativos en Barcelona","datePublished":"2024-03-27T16:05:44+00:00","dateModified":"2024-04-12T10:20:20+00:00","mainEntityOfPage":{"@id":"https:\/\/www.portacabot.com\/es\/portacabot-seleccionada-para-desarrollar-procesos-participativos-en-barcelona\/"},"wordCount":221,"commentCount":0,"publisher":{"@id":"https:\/\/www.portacabot.com\/es\/#organization"},"image":{"@id":"https:\/\/www.portacabot.com\/es\/portacabot-seleccionada-para-desarrollar-procesos-participativos-en-barcelona\/#primaryimage"},"thumbnailUrl":"https:\/\/www.portacabot.com\/wp-content\/uploads\/2024\/03\/Ajuntament_de_Barcelona_3400686886.jpg","articleSection":["Participaci\u00f3n"],"inLanguage":"ES","potentialAction":[{"@type":"CommentAction","name":"Comment","target":["https:\/\/www.portacabot.com\/es\/portacabot-seleccionada-para-desarrollar-procesos-participativos-en-barcelona\/#respond"]}]},{"@type":"WebPage","@id":"https:\/\/www.portacabot.com\/es\/portacabot-seleccionada-para-desarrollar-procesos-participativos-en-barcelona\/","url":"https:\/\/www.portacabot.com\/es\/portacabot-seleccionada-para-desarrollar-procesos-participativos-en-barcelona\/","name":"PortaCabot y los procesos participativos en Barcelona - PortaCabot","isPartOf":{"@id":"https:\/\/www.portacabot.com\/es\/#website"},"primaryImageOfPage":{"@id":"https:\/\/www.portacabot.com\/es\/portacabot-seleccionada-para-desarrollar-procesos-participativos-en-barcelona\/#primaryimage"},"image":{"@id":"https:\/\/www.portacabot.com\/es\/portacabot-seleccionada-para-desarrollar-procesos-participativos-en-barcelona\/#primaryimage"},"thumbnailUrl":"https:\/\/www.portacabot.com\/wp-content\/uploads\/2024\/03\/Ajuntament_de_Barcelona_3400686886.jpg","datePublished":"2024-03-27T16:05:44+00:00","dateModified":"2024-04-12T10:20:20+00:00","description":"PortaCabot ha sido escogida para integrarse en el acuerdo marco del Ayuntamiento de Barcelona por la dinamizaci\u00f3n de procesos participativos.","breadcrumb":{"@id":"https:\/\/www.portacabot.com\/es\/portacabot-seleccionada-para-desarrollar-procesos-participativos-en-barcelona\/#breadcrumb"},"inLanguage":"ES","potentialAction":[{"@type":"ReadAction","target":["https:\/\/www.portacabot.com\/es\/portacabot-seleccionada-para-desarrollar-procesos-participativos-en-barcelona\/"]}]},{"@type":"ImageObject","inLanguage":"ES","@id":"https:\/\/www.portacabot.com\/es\/portacabot-seleccionada-para-desarrollar-procesos-participativos-en-barcelona\/#primaryimage","url":"https:\/\/www.portacabot.com\/wp-content\/uploads\/2024\/03\/Ajuntament_de_Barcelona_3400686886.jpg","contentUrl":"https:\/\/www.portacabot.com\/wp-content\/uploads\/2024\/03\/Ajuntament_de_Barcelona_3400686886.jpg","width":700,"height":532,"caption":"processos participatius barcelona portacabot"},{"@type":"BreadcrumbList","@id":"https:\/\/www.portacabot.com\/es\/portacabot-seleccionada-para-desarrollar-procesos-participativos-en-barcelona\/#breadcrumb","itemListElement":[{"@type":"ListItem","position":1,"name":"Inici","item":"https:\/\/www.portacabot.com\/es\/"},{"@type":"ListItem","position":2,"name":"PortaCabot, seleccionada para desarrollar procesos participativos en Barcelona"}]},{"@type":"WebSite","@id":"https:\/\/www.portacabot.com\/es\/#website","url":"https:\/\/www.portacabot.com\/es\/","name":"Portacabot","description":"Solucions a les necessitats de les administracions i al conjunt de la societat","publisher":{"@id":"https:\/\/www.portacabot.com\/es\/#organization"},"potentialAction":[{"@type":"SearchAction","target":{"@type":"EntryPoint","urlTemplate":"https:\/\/www.portacabot.com\/es\/?s={search_term_string}"},"query-input":{"@type":"PropertyValueSpecification","valueRequired":true,"valueName":"search_term_string"}}],"inLanguage":"ES"},{"@type":"Organization","@id":"https:\/\/www.portacabot.com\/es\/#organization","name":"Portacabot","url":"https:\/\/www.portacabot.com\/es\/","logo":{"@type":"ImageObject","inLanguage":"ES","@id":"https:\/\/www.portacabot.com\/es\/#\/schema\/logo\/image\/","url":"https:\/\/www.portacabot.com\/wp-content\/uploads\/2022\/03\/cropped-logo_portacabot.png","contentUrl":"https:\/\/www.portacabot.com\/wp-content\/uploads\/2022\/03\/cropped-logo_portacabot.png","width":300,"height":85,"caption":"Portacabot"},"image":{"@id":"https:\/\/www.portacabot.com\/es\/#\/schema\/logo\/image\/"}},{"@type":"Person","@id":"https:\/\/www.portacabot.com\/es\/#\/schema\/person\/967b3393e1ee8a31727f67a78b0884e1","name":"Marketing","image":{"@type":"ImageObject","inLanguage":"ES","@id":"https:\/\/secure.gravatar.com\/avatar\/390f1a3521b96f02b13d0dfa32b4729c11ab8aa3f7f4a76b8faf4b1ccb9ad046?s=96&d=mm&r=g","url":"https:\/\/secure.gravatar.com\/avatar\/390f1a3521b96f02b13d0dfa32b4729c11ab8aa3f7f4a76b8faf4b1ccb9ad046?s=96&d=mm&r=g","contentUrl":"https:\/\/secure.gravatar.com\/avatar\/390f1a3521b96f02b13d0dfa32b4729c11ab8aa3f7f4a76b8faf4b1ccb9ad046?s=96&d=mm&r=g","caption":"Marketing"}}]}},"_links":{"self":[{"href":"https:\/\/www.portacabot.com\/es\/wp-json\/wp\/v2\/posts\/23551","targetHints":{"allow":["GET"]}}],"collection":[{"href":"https:\/\/www.portacabot.com\/es\/wp-json\/wp\/v2\/posts"}],"about":[{"href":"https:\/\/www.portacabot.com\/es\/wp-json\/wp\/v2\/types\/post"}],"author":[{"embeddable":true,"href":"https:\/\/www.portacabot.com\/es\/wp-json\/wp\/v2\/users\/5"}],"replies":[{"embeddable":true,"href":"https:\/\/www.portacabot.com\/es\/wp-json\/wp\/v2\/comments?post=23551"}],"version-history":[{"count":1,"href":"https:\/\/www.portacabot.com\/es\/wp-json\/wp\/v2\/posts\/23551\/revisions"}],"predecessor-version":[{"id":23552,"href":"https:\/\/www.portacabot.com\/es\/wp-json\/wp\/v2\/posts\/23551\/revisions\/23552"}],"wp:featuredmedia":[{"embeddable":true,"href":"https:\/\/www.portacabot.com\/es\/wp-json\/wp\/v2\/media\/23497"}],"wp:attachment":[{"href":"https:\/\/www.portacabot.com\/es\/wp-json\/wp\/v2\/media?parent=23551"}],"wp:term":[{"taxonomy":"category","embeddable":true,"href":"https:\/\/www.portacabot.com\/es\/wp-json\/wp\/v2\/categories?post=23551"},{"taxonomy":"post_tag","embeddable":true,"href":"https:\/\/www.portacabot.com\/es\/wp-json\/wp\/v2\/tags?post=23551"}],"curies":[{"name":"wp","href":"https:\/\/api.w.org\/{rel}","templated":true}]}}