{"id":23549,"date":"2024-04-04T08:39:47","date_gmt":"2024-04-04T08:39:47","guid":{"rendered":"https:\/\/www.portacabot.com\/punto-de-voluntariado-de-barbera-del-valles\/"},"modified":"2024-04-12T10:15:26","modified_gmt":"2024-04-12T10:15:26","slug":"punto-de-voluntariado-de-barbera-del-valles","status":"publish","type":"post","link":"https:\/\/www.portacabot.com\/es\/punto-de-voluntariado-de-barbera-del-valles\/","title":{"rendered":"Punto de Voluntariado de Barber\u00e0 del Vall\u00e8s"},"content":{"rendered":"\t\t<div data-elementor-type=\"wp-post\" data-elementor-id=\"23549\" class=\"elementor elementor-23549 elementor-23503\" wpc-filter-elementor-widget=\"1\" data-elementor-post-type=\"post\">\n\t\t\t\t\t\t<section class=\"elementor-section elementor-top-section elementor-element elementor-element-dc39a2e elementor-section-boxed elementor-section-height-default elementor-section-height-default\" data-id=\"dc39a2e\" data-element_type=\"section\" data-e-type=\"section\">\n\t\t\t\t\t\t<div class=\"elementor-container elementor-column-gap-default\">\n\t\t\t\t\t<div class=\"elementor-column elementor-col-100 elementor-top-column elementor-element elementor-element-0542587\" data-id=\"0542587\" data-element_type=\"column\" data-e-type=\"column\">\n\t\t\t<div class=\"elementor-widget-wrap elementor-element-populated\">\n\t\t\t\t\t\t<div class=\"elementor-element elementor-element-0bc0689 elementor-widget elementor-widget-text-editor\" data-id=\"0bc0689\" data-element_type=\"widget\" data-e-type=\"widget\" data-widget_type=\"text-editor.default\">\n\t\t\t\t<div class=\"elementor-widget-container\">\n\t\t\t\t\t\t\t\t\t<p><span style=\"font-weight: 400;\">El<\/span> <b>Ayuntamiento de Barber\u00e0 del Vall\u00e8s<\/b> <span style=\"font-weight: 400;\">ha encargado a PortaCabot la gesti\u00f3n del<\/span> <b>Punto de Voluntariado<\/b><span style=\"font-weight: 400;\">, un<\/span> <b>espacio clave para conectar la ciudadan\u00eda interesada en el voluntariado<\/b><span style=\"font-weight: 400;\"> con entidades que desarrollan proyectos en este \u00e1mbito. Desde marzo de 2015, cuando se inaugur\u00f3 el servicio, el objetivo ha estado <\/span><b>crear un ecosistema de apoyo e informaci\u00f3n<\/b> <span style=\"font-weight: 400;\">para los voluntarios y las organizaciones sin \u00e1nimo de lucro locales, promocionando as\u00ed una ciudadan\u00eda activa y comprometida.<\/span><\/p>\n\t\t\t\t\t\t\t\t<\/div>\n\t\t\t\t<\/div>\n\t\t\t\t\t<\/div>\n\t\t<\/div>\n\t\t\t\t\t<\/div>\n\t\t<\/section>\n\t\t\t\t<section class=\"elementor-section elementor-top-section elementor-element elementor-element-aba604e elementor-section-boxed elementor-section-height-default elementor-section-height-default\" data-id=\"aba604e\" data-element_type=\"section\" data-e-type=\"section\">\n\t\t\t\t\t\t<div class=\"elementor-container elementor-column-gap-default\">\n\t\t\t\t\t<div class=\"elementor-column elementor-col-100 elementor-top-column elementor-element elementor-element-a8a8edb\" data-id=\"a8a8edb\" data-element_type=\"column\" data-e-type=\"column\">\n\t\t\t<div class=\"elementor-widget-wrap elementor-element-populated\">\n\t\t\t\t\t\t<div class=\"elementor-element elementor-element-5a49bd6 elementor-widget elementor-widget-heading\" data-id=\"5a49bd6\" data-element_type=\"widget\" data-e-type=\"widget\" data-widget_type=\"heading.default\">\n\t\t\t\t<div class=\"elementor-widget-container\">\n\t\t\t\t\t<h2 class=\"elementor-heading-title elementor-size-default\">Servicios ofrecidos por el Punto de Voluntariado<\/h2>\t\t\t\t<\/div>\n\t\t\t\t<\/div>\n\t\t\t\t\t<\/div>\n\t\t<\/div>\n\t\t\t\t\t<\/div>\n\t\t<\/section>\n\t\t\t\t<section class=\"elementor-section elementor-top-section elementor-element elementor-element-276ad5b elementor-section-boxed elementor-section-height-default elementor-section-height-default\" data-id=\"276ad5b\" data-element_type=\"section\" data-e-type=\"section\">\n\t\t\t\t\t\t<div class=\"elementor-container elementor-column-gap-default\">\n\t\t\t\t\t<div class=\"elementor-column elementor-col-100 elementor-top-column elementor-element elementor-element-fbf6d56\" data-id=\"fbf6d56\" data-element_type=\"column\" data-e-type=\"column\">\n\t\t\t<div class=\"elementor-widget-wrap elementor-element-populated\">\n\t\t\t\t\t\t<div class=\"elementor-element elementor-element-de46847 elementor-widget elementor-widget-text-editor\" data-id=\"de46847\" data-element_type=\"widget\" data-e-type=\"widget\" data-widget_type=\"text-editor.default\">\n\t\t\t\t<div class=\"elementor-widget-container\">\n\t\t\t\t\t\t\t\t\t<p><span style=\"font-weight: 400;\">PortaCabot, a trav\u00e9s del Punto de Voluntariado, ha desplegado un amplio abanico de <\/span><b>servicios destinados a fomentar la cultura del voluntariado.<\/b><span style=\"font-weight: 400;\"> Entre sus funciones clave, destaca el asesoramiento y la formaci\u00f3n tanto a entidades como personas interesadas a participar en acciones voluntarias, la gesti\u00f3n de una bolsa de voluntarios, y la divulgaci\u00f3n y promoci\u00f3n del voluntariado como herramienta de transformaci\u00f3n social.<\/span><\/p>\n\t\t\t\t\t\t\t\t<\/div>\n\t\t\t\t<\/div>\n\t\t\t\t\t<\/div>\n\t\t<\/div>\n\t\t\t\t\t<\/div>\n\t\t<\/section>\n\t\t\t\t<section class=\"elementor-section elementor-top-section elementor-element elementor-element-7d0a13e elementor-section-boxed elementor-section-height-default elementor-section-height-default\" data-id=\"7d0a13e\" data-element_type=\"section\" data-e-type=\"section\">\n\t\t\t\t\t\t<div class=\"elementor-container elementor-column-gap-default\">\n\t\t\t\t\t<div class=\"elementor-column elementor-col-100 elementor-top-column elementor-element elementor-element-6312490\" data-id=\"6312490\" data-element_type=\"column\" data-e-type=\"column\">\n\t\t\t<div class=\"elementor-widget-wrap elementor-element-populated\">\n\t\t\t\t\t\t<div class=\"elementor-element elementor-element-1c66ed8 elementor-widget elementor-widget-heading\" data-id=\"1c66ed8\" data-element_type=\"widget\" data-e-type=\"widget\" data-widget_type=\"heading.default\">\n\t\t\t\t<div class=\"elementor-widget-container\">\n\t\t\t\t\t<h2 class=\"elementor-heading-title elementor-size-default\">Actividades y proyectos espec\u00edficos\n<\/h2>\t\t\t\t<\/div>\n\t\t\t\t<\/div>\n\t\t\t\t\t<\/div>\n\t\t<\/div>\n\t\t\t\t\t<\/div>\n\t\t<\/section>\n\t\t\t\t<section class=\"elementor-section elementor-top-section elementor-element elementor-element-b5fc8b7 elementor-section-boxed elementor-section-height-default elementor-section-height-default\" data-id=\"b5fc8b7\" data-element_type=\"section\" data-e-type=\"section\">\n\t\t\t\t\t\t<div class=\"elementor-container elementor-column-gap-default\">\n\t\t\t\t\t<div class=\"elementor-column elementor-col-100 elementor-top-column elementor-element elementor-element-9bd2e29\" data-id=\"9bd2e29\" data-element_type=\"column\" data-e-type=\"column\">\n\t\t\t<div class=\"elementor-widget-wrap elementor-element-populated\">\n\t\t\t\t\t\t<div class=\"elementor-element elementor-element-c21dbde elementor-widget elementor-widget-text-editor\" data-id=\"c21dbde\" data-element_type=\"widget\" data-e-type=\"widget\" data-widget_type=\"text-editor.default\">\n\t\t\t\t<div class=\"elementor-widget-container\">\n\t\t\t\t\t\t\t\t\t<p><span style=\"font-weight: 400;\">Adem\u00e1s, PortaCabot se encarga de la<\/span> <b>organizaci\u00f3n de actividades formativas e informativas<\/b><span style=\"font-weight: 400;\">, como por ejemplo talleres y charlas en centros educativos para impulsar el voluntariado entre los j\u00f3venes, as\u00ed como la evaluaci\u00f3n de la satisfacci\u00f3n de los usuarios del servicio. Tambi\u00e9n destaca su tarea en la gesti\u00f3n de proyectos espec\u00edficos de voluntariado como lo <\/span><b>LECXIT<\/b><span style=\"font-weight: 400;\">, que<\/span> <b>promueve la mejora de la comprensi\u00f3n lectora<\/b> <span style=\"font-weight: 400;\">entre los ni\u00f1os del municipio.<\/span><\/p>\n\t\t\t\t\t\t\t\t<\/div>\n\t\t\t\t<\/div>\n\t\t\t\t\t<\/div>\n\t\t<\/div>\n\t\t\t\t\t<\/div>\n\t\t<\/section>\n\t\t\t\t<section class=\"elementor-section elementor-top-section elementor-element elementor-element-832a8f5 elementor-section-boxed elementor-section-height-default elementor-section-height-default\" data-id=\"832a8f5\" data-element_type=\"section\" data-e-type=\"section\">\n\t\t\t\t\t\t<div class=\"elementor-container elementor-column-gap-default\">\n\t\t\t\t\t<div class=\"elementor-column elementor-col-100 elementor-top-column elementor-element elementor-element-b470cde\" data-id=\"b470cde\" data-element_type=\"column\" data-e-type=\"column\">\n\t\t\t<div class=\"elementor-widget-wrap elementor-element-populated\">\n\t\t\t\t\t\t<div class=\"elementor-element elementor-element-49144a1 elementor-widget elementor-widget-heading\" data-id=\"49144a1\" data-element_type=\"widget\" data-e-type=\"widget\" data-widget_type=\"heading.default\">\n\t\t\t\t<div class=\"elementor-widget-container\">\n\t\t\t\t\t<h2 class=\"elementor-heading-title elementor-size-default\">Contribuci\u00f3n de PortaCabot en la comunidad\n<\/h2>\t\t\t\t<\/div>\n\t\t\t\t<\/div>\n\t\t\t\t\t<\/div>\n\t\t<\/div>\n\t\t\t\t\t<\/div>\n\t\t<\/section>\n\t\t\t\t<section class=\"elementor-section elementor-top-section elementor-element elementor-element-20c37ba elementor-section-boxed elementor-section-height-default elementor-section-height-default\" data-id=\"20c37ba\" data-element_type=\"section\" data-e-type=\"section\">\n\t\t\t\t\t\t<div class=\"elementor-container elementor-column-gap-default\">\n\t\t\t\t\t<div class=\"elementor-column elementor-col-100 elementor-top-column elementor-element elementor-element-b00c8b0\" data-id=\"b00c8b0\" data-element_type=\"column\" data-e-type=\"column\">\n\t\t\t<div class=\"elementor-widget-wrap elementor-element-populated\">\n\t\t\t\t\t\t<div class=\"elementor-element elementor-element-d360094 elementor-widget elementor-widget-text-editor\" data-id=\"d360094\" data-element_type=\"widget\" data-e-type=\"widget\" data-widget_type=\"text-editor.default\">\n\t\t\t\t<div class=\"elementor-widget-container\">\n\t\t\t\t\t\t\t\t\t<p><span style=\"font-weight: 400;\">El compromiso de PortaCabot con el Punt de Voluntariado se refleja en su capacidad para conectar, motivar y apoyar en la comunidad de Barber\u00e0 del Vall\u00e8s, contribuyendo significativamente al fortalecimiento del tejido social y c\u00edvico del municipio. Con la gesti\u00f3n de este servicio, <\/span><b>PortaCabot<\/b> <span style=\"font-weight: 400;\">reafirma su posici\u00f3n como <\/span><b>empresa clave en la promoci\u00f3n de la acci\u00f3n voluntaria<\/b><span style=\"font-weight: 400;\">, siendo un ejemplo de colaboraci\u00f3n fruct\u00edfera entre la administraci\u00f3n local y el sector privado.<\/span><\/p>\n\t\t\t\t\t\t\t\t<\/div>\n\t\t\t\t<\/div>\n\t\t\t\t\t<\/div>\n\t\t<\/div>\n\t\t\t\t\t<\/div>\n\t\t<\/section>\n\t\t\t\t<section class=\"elementor-section elementor-top-section elementor-element elementor-element-0e94cf8 elementor-section-boxed elementor-section-height-default elementor-section-height-default\" data-id=\"0e94cf8\" data-element_type=\"section\" data-e-type=\"section\">\n\t\t\t\t\t\t<div class=\"elementor-container elementor-column-gap-default\">\n\t\t\t\t\t<div class=\"elementor-column elementor-col-100 elementor-top-column elementor-element elementor-element-2dfdc94\" data-id=\"2dfdc94\" data-element_type=\"column\" data-e-type=\"column\">\n\t\t\t<div class=\"elementor-widget-wrap elementor-element-populated\">\n\t\t\t\t\t\t<div class=\"elementor-element elementor-element-8280974 elementor-widget-divider--view-line elementor-widget elementor-widget-divider\" data-id=\"8280974\" data-element_type=\"widget\" data-e-type=\"widget\" data-widget_type=\"divider.default\">\n\t\t\t\t<div class=\"elementor-widget-container\">\n\t\t\t\t\t\t\t<div class=\"elementor-divider\">\n\t\t\t<span class=\"elementor-divider-separator\">\n\t\t\t\t\t\t<\/span>\n\t\t<\/div>\n\t\t\t\t\t\t<\/div>\n\t\t\t\t<\/div>\n\t\t\t\t<div class=\"elementor-element elementor-element-b6aedc3 elementor-widget elementor-widget-text-editor\" data-id=\"b6aedc3\" data-element_type=\"widget\" data-e-type=\"widget\" data-widget_type=\"text-editor.default\">\n\t\t\t\t<div class=\"elementor-widget-container\">\n\t\t\t\t\t\t\t\t\t<h5 style=\"text-align: center;\"><strong>\u00bfNecesitas m\u00e1s informaci\u00f3n sobre el Punto de Voluntariado en Barber\u00e0 del Vall\u00e8s?<\/strong><\/h5>\n\t\t\t\t\t\t\t\t<\/div>\n\t\t\t\t<\/div>\n\t\t\t\t<div class=\"elementor-element elementor-element-c7988de elementor-align-center elementor-widget elementor-widget-button\" data-id=\"c7988de\" data-element_type=\"widget\" data-e-type=\"widget\" data-widget_type=\"button.default\">\n\t\t\t\t<div class=\"elementor-widget-container\">\n\t\t\t\t\t\t\t\t\t<div class=\"elementor-button-wrapper\">\n\t\t\t\t\t<a class=\"elementor-button elementor-button-link elementor-size-sm\" href=\"https:\/\/www.portacabot.com\/es\/contacto\/\">\n\t\t\t\t\t\t<span class=\"elementor-button-content-wrapper\">\n\t\t\t\t\t\t<span class=\"elementor-button-icon\">\n\t\t\t\t<i aria-hidden=\"true\" class=\"fas fa-phone-alt\"><\/i>\t\t\t<\/span>\n\t\t\t\t\t\t\t\t\t<span class=\"elementor-button-text\">\u00a1Cont\u00e1ctanos!<\/span>\n\t\t\t\t\t<\/span>\n\t\t\t\t\t<\/a>\n\t\t\t\t<\/div>\n\t\t\t\t\t\t\t\t<\/div>\n\t\t\t\t<\/div>\n\t\t\t\t\t<\/div>\n\t\t<\/div>\n\t\t\t\t\t<\/div>\n\t\t<\/section>\n\t\t\t\t<\/div>\n\t\t","protected":false},"excerpt":{"rendered":"<p>El Ayuntamiento de Barber\u00e0 del Vall\u00e8s ha encargado a PortaCabot la gesti\u00f3n del Punto de Voluntariado, un espacio clave para conectar la ciudadan\u00eda interesada en el voluntariado con entidades que desarrollan proyectos en este \u00e1mbito. Desde marzo de 2015, cuando se inaugur\u00f3 el servicio, el objetivo ha estado crear un ecosistema de apoyo e informaci\u00f3n [&hellip;]<\/p>\n","protected":false},"author":5,"featured_media":23511,"comment_status":"closed","ping_status":"closed","sticky":false,"template":"","format":"standard","meta":{"footnotes":""},"categories":[37],"tags":[],"class_list":["post-23549","post","type-post","status-publish","format-standard","has-post-thumbnail","hentry","category-participacion"],"yoast_head":"<!-- This site is optimized with the Yoast SEO plugin v27.5 - https:\/\/yoast.com\/product\/yoast-seo-wordpress\/ -->\n<title>Punto de Voluntariado de Barber\u00e0 del Vall\u00e8s - Portacabot<\/title>\n<meta name=\"description\" content=\"PortaCabot gestiona el Punt de Voluntariado del Ayuntamiento de Barber\u00e0 del Vall\u00e8s, un espacio clave para conectar con el voluntariado.\" \/>\n<meta name=\"robots\" content=\"index, follow, max-snippet:-1, max-image-preview:large, max-video-preview:-1\" \/>\n<link rel=\"canonical\" href=\"https:\/\/www.portacabot.com\/es\/punto-de-voluntariado-de-barbera-del-valles\/\" \/>\n<meta property=\"og:locale\" content=\"es_ES\" \/>\n<meta property=\"og:type\" content=\"article\" \/>\n<meta property=\"og:title\" content=\"Punto de Voluntariado de Barber\u00e0 del Vall\u00e8s - Portacabot\" \/>\n<meta property=\"og:description\" content=\"PortaCabot gestiona el Punt de Voluntariado del Ayuntamiento de Barber\u00e0 del Vall\u00e8s, un espacio clave para conectar con el voluntariado.\" \/>\n<meta property=\"og:url\" content=\"https:\/\/www.portacabot.com\/es\/punto-de-voluntariado-de-barbera-del-valles\/\" \/>\n<meta property=\"og:site_name\" content=\"Portacabot\" \/>\n<meta property=\"article:published_time\" content=\"2024-04-04T08:39:47+00:00\" \/>\n<meta property=\"article:modified_time\" content=\"2024-04-12T10:15:26+00:00\" \/>\n<meta property=\"og:image\" content=\"https:\/\/www.portacabot.com\/wp-content\/uploads\/2024\/04\/banner_punt_voluntariat.jpg\" \/>\n\t<meta property=\"og:image:width\" content=\"214\" \/>\n\t<meta property=\"og:image:height\" content=\"214\" \/>\n\t<meta property=\"og:image:type\" content=\"image\/jpeg\" \/>\n<meta name=\"author\" content=\"Marketing\" \/>\n<meta name=\"twitter:card\" content=\"summary_large_image\" \/>\n<meta name=\"twitter:label1\" content=\"Written by\" \/>\n\t<meta name=\"twitter:data1\" content=\"Marketing\" \/>\n\t<meta name=\"twitter:label2\" content=\"Est. reading time\" \/>\n\t<meta name=\"twitter:data2\" content=\"2 minutes\" \/>\n<script type=\"application\/ld+json\" class=\"yoast-schema-graph\">{\"@context\":\"https:\\\/\\\/schema.org\",\"@graph\":[{\"@type\":\"Article\",\"@id\":\"https:\\\/\\\/www.portacabot.com\\\/es\\\/punto-de-voluntariado-de-barbera-del-valles\\\/#article\",\"isPartOf\":{\"@id\":\"https:\\\/\\\/www.portacabot.com\\\/es\\\/punto-de-voluntariado-de-barbera-del-valles\\\/\"},\"author\":{\"name\":\"Marketing\",\"@id\":\"https:\\\/\\\/www.portacabot.com\\\/es\\\/#\\\/schema\\\/person\\\/967b3393e1ee8a31727f67a78b0884e1\"},\"headline\":\"Punto de Voluntariado de Barber\u00e0 del Vall\u00e8s\",\"datePublished\":\"2024-04-04T08:39:47+00:00\",\"dateModified\":\"2024-04-12T10:15:26+00:00\",\"mainEntityOfPage\":{\"@id\":\"https:\\\/\\\/www.portacabot.com\\\/es\\\/punto-de-voluntariado-de-barbera-del-valles\\\/\"},\"wordCount\":346,\"publisher\":{\"@id\":\"https:\\\/\\\/www.portacabot.com\\\/es\\\/#organization\"},\"image\":{\"@id\":\"https:\\\/\\\/www.portacabot.com\\\/es\\\/punto-de-voluntariado-de-barbera-del-valles\\\/#primaryimage\"},\"thumbnailUrl\":\"https:\\\/\\\/www.portacabot.com\\\/wp-content\\\/uploads\\\/2024\\\/04\\\/banner_punt_voluntariat.jpg\",\"articleSection\":[\"Participaci\u00f3n\"],\"inLanguage\":\"ES\"},{\"@type\":\"WebPage\",\"@id\":\"https:\\\/\\\/www.portacabot.com\\\/es\\\/punto-de-voluntariado-de-barbera-del-valles\\\/\",\"url\":\"https:\\\/\\\/www.portacabot.com\\\/es\\\/punto-de-voluntariado-de-barbera-del-valles\\\/\",\"name\":\"Punto de Voluntariado de Barber\u00e0 del Vall\u00e8s - Portacabot\",\"isPartOf\":{\"@id\":\"https:\\\/\\\/www.portacabot.com\\\/es\\\/#website\"},\"primaryImageOfPage\":{\"@id\":\"https:\\\/\\\/www.portacabot.com\\\/es\\\/punto-de-voluntariado-de-barbera-del-valles\\\/#primaryimage\"},\"image\":{\"@id\":\"https:\\\/\\\/www.portacabot.com\\\/es\\\/punto-de-voluntariado-de-barbera-del-valles\\\/#primaryimage\"},\"thumbnailUrl\":\"https:\\\/\\\/www.portacabot.com\\\/wp-content\\\/uploads\\\/2024\\\/04\\\/banner_punt_voluntariat.jpg\",\"datePublished\":\"2024-04-04T08:39:47+00:00\",\"dateModified\":\"2024-04-12T10:15:26+00:00\",\"description\":\"PortaCabot gestiona el Punt de Voluntariado del Ayuntamiento de Barber\u00e0 del Vall\u00e8s, un espacio clave para conectar con el voluntariado.\",\"breadcrumb\":{\"@id\":\"https:\\\/\\\/www.portacabot.com\\\/es\\\/punto-de-voluntariado-de-barbera-del-valles\\\/#breadcrumb\"},\"inLanguage\":\"ES\",\"potentialAction\":[{\"@type\":\"ReadAction\",\"target\":[\"https:\\\/\\\/www.portacabot.com\\\/es\\\/punto-de-voluntariado-de-barbera-del-valles\\\/\"]}]},{\"@type\":\"ImageObject\",\"inLanguage\":\"ES\",\"@id\":\"https:\\\/\\\/www.portacabot.com\\\/es\\\/punto-de-voluntariado-de-barbera-del-valles\\\/#primaryimage\",\"url\":\"https:\\\/\\\/www.portacabot.com\\\/wp-content\\\/uploads\\\/2024\\\/04\\\/banner_punt_voluntariat.jpg\",\"contentUrl\":\"https:\\\/\\\/www.portacabot.com\\\/wp-content\\\/uploads\\\/2024\\\/04\\\/banner_punt_voluntariat.jpg\",\"width\":214,\"height\":214},{\"@type\":\"BreadcrumbList\",\"@id\":\"https:\\\/\\\/www.portacabot.com\\\/es\\\/punto-de-voluntariado-de-barbera-del-valles\\\/#breadcrumb\",\"itemListElement\":[{\"@type\":\"ListItem\",\"position\":1,\"name\":\"Inici\",\"item\":\"https:\\\/\\\/www.portacabot.com\\\/es\\\/\"},{\"@type\":\"ListItem\",\"position\":2,\"name\":\"Punto de Voluntariado de Barber\u00e0 del Vall\u00e8s\"}]},{\"@type\":\"WebSite\",\"@id\":\"https:\\\/\\\/www.portacabot.com\\\/es\\\/#website\",\"url\":\"https:\\\/\\\/www.portacabot.com\\\/es\\\/\",\"name\":\"Portacabot\",\"description\":\"Solucions a les necessitats de les administracions i al conjunt de la societat\",\"publisher\":{\"@id\":\"https:\\\/\\\/www.portacabot.com\\\/es\\\/#organization\"},\"potentialAction\":[{\"@type\":\"SearchAction\",\"target\":{\"@type\":\"EntryPoint\",\"urlTemplate\":\"https:\\\/\\\/www.portacabot.com\\\/es\\\/?s={search_term_string}\"},\"query-input\":{\"@type\":\"PropertyValueSpecification\",\"valueRequired\":true,\"valueName\":\"search_term_string\"}}],\"inLanguage\":\"ES\"},{\"@type\":\"Organization\",\"@id\":\"https:\\\/\\\/www.portacabot.com\\\/es\\\/#organization\",\"name\":\"Portacabot\",\"url\":\"https:\\\/\\\/www.portacabot.com\\\/es\\\/\",\"logo\":{\"@type\":\"ImageObject\",\"inLanguage\":\"ES\",\"@id\":\"https:\\\/\\\/www.portacabot.com\\\/es\\\/#\\\/schema\\\/logo\\\/image\\\/\",\"url\":\"https:\\\/\\\/www.portacabot.com\\\/wp-content\\\/uploads\\\/2022\\\/03\\\/cropped-logo_portacabot.png\",\"contentUrl\":\"https:\\\/\\\/www.portacabot.com\\\/wp-content\\\/uploads\\\/2022\\\/03\\\/cropped-logo_portacabot.png\",\"width\":300,\"height\":85,\"caption\":\"Portacabot\"},\"image\":{\"@id\":\"https:\\\/\\\/www.portacabot.com\\\/es\\\/#\\\/schema\\\/logo\\\/image\\\/\"}},{\"@type\":\"Person\",\"@id\":\"https:\\\/\\\/www.portacabot.com\\\/es\\\/#\\\/schema\\\/person\\\/967b3393e1ee8a31727f67a78b0884e1\",\"name\":\"Marketing\",\"image\":{\"@type\":\"ImageObject\",\"inLanguage\":\"ES\",\"@id\":\"https:\\\/\\\/secure.gravatar.com\\\/avatar\\\/390f1a3521b96f02b13d0dfa32b4729c11ab8aa3f7f4a76b8faf4b1ccb9ad046?s=96&d=mm&r=g\",\"url\":\"https:\\\/\\\/secure.gravatar.com\\\/avatar\\\/390f1a3521b96f02b13d0dfa32b4729c11ab8aa3f7f4a76b8faf4b1ccb9ad046?s=96&d=mm&r=g\",\"contentUrl\":\"https:\\\/\\\/secure.gravatar.com\\\/avatar\\\/390f1a3521b96f02b13d0dfa32b4729c11ab8aa3f7f4a76b8faf4b1ccb9ad046?s=96&d=mm&r=g\",\"caption\":\"Marketing\"}}]}<\/script>\n<!-- \/ Yoast SEO plugin. -->","yoast_head_json":{"title":"Punto de Voluntariado de Barber\u00e0 del Vall\u00e8s - Portacabot","description":"PortaCabot gestiona el Punt de Voluntariado del Ayuntamiento de Barber\u00e0 del Vall\u00e8s, un espacio clave para conectar con el voluntariado.","robots":{"index":"index","follow":"follow","max-snippet":"max-snippet:-1","max-image-preview":"max-image-preview:large","max-video-preview":"max-video-preview:-1"},"canonical":"https:\/\/www.portacabot.com\/es\/punto-de-voluntariado-de-barbera-del-valles\/","og_locale":"es_ES","og_type":"article","og_title":"Punto de Voluntariado de Barber\u00e0 del Vall\u00e8s - Portacabot","og_description":"PortaCabot gestiona el Punt de Voluntariado del Ayuntamiento de Barber\u00e0 del Vall\u00e8s, un espacio clave para conectar con el voluntariado.","og_url":"https:\/\/www.portacabot.com\/es\/punto-de-voluntariado-de-barbera-del-valles\/","og_site_name":"Portacabot","article_published_time":"2024-04-04T08:39:47+00:00","article_modified_time":"2024-04-12T10:15:26+00:00","og_image":[{"width":214,"height":214,"url":"https:\/\/www.portacabot.com\/wp-content\/uploads\/2024\/04\/banner_punt_voluntariat.jpg","type":"image\/jpeg"}],"author":"Marketing","twitter_card":"summary_large_image","twitter_misc":{"Written by":"Marketing","Est. reading time":"2 minutes"},"schema":{"@context":"https:\/\/schema.org","@graph":[{"@type":"Article","@id":"https:\/\/www.portacabot.com\/es\/punto-de-voluntariado-de-barbera-del-valles\/#article","isPartOf":{"@id":"https:\/\/www.portacabot.com\/es\/punto-de-voluntariado-de-barbera-del-valles\/"},"author":{"name":"Marketing","@id":"https:\/\/www.portacabot.com\/es\/#\/schema\/person\/967b3393e1ee8a31727f67a78b0884e1"},"headline":"Punto de Voluntariado de Barber\u00e0 del Vall\u00e8s","datePublished":"2024-04-04T08:39:47+00:00","dateModified":"2024-04-12T10:15:26+00:00","mainEntityOfPage":{"@id":"https:\/\/www.portacabot.com\/es\/punto-de-voluntariado-de-barbera-del-valles\/"},"wordCount":346,"publisher":{"@id":"https:\/\/www.portacabot.com\/es\/#organization"},"image":{"@id":"https:\/\/www.portacabot.com\/es\/punto-de-voluntariado-de-barbera-del-valles\/#primaryimage"},"thumbnailUrl":"https:\/\/www.portacabot.com\/wp-content\/uploads\/2024\/04\/banner_punt_voluntariat.jpg","articleSection":["Participaci\u00f3n"],"inLanguage":"ES"},{"@type":"WebPage","@id":"https:\/\/www.portacabot.com\/es\/punto-de-voluntariado-de-barbera-del-valles\/","url":"https:\/\/www.portacabot.com\/es\/punto-de-voluntariado-de-barbera-del-valles\/","name":"Punto de Voluntariado de Barber\u00e0 del Vall\u00e8s - Portacabot","isPartOf":{"@id":"https:\/\/www.portacabot.com\/es\/#website"},"primaryImageOfPage":{"@id":"https:\/\/www.portacabot.com\/es\/punto-de-voluntariado-de-barbera-del-valles\/#primaryimage"},"image":{"@id":"https:\/\/www.portacabot.com\/es\/punto-de-voluntariado-de-barbera-del-valles\/#primaryimage"},"thumbnailUrl":"https:\/\/www.portacabot.com\/wp-content\/uploads\/2024\/04\/banner_punt_voluntariat.jpg","datePublished":"2024-04-04T08:39:47+00:00","dateModified":"2024-04-12T10:15:26+00:00","description":"PortaCabot gestiona el Punt de Voluntariado del Ayuntamiento de Barber\u00e0 del Vall\u00e8s, un espacio clave para conectar con el voluntariado.","breadcrumb":{"@id":"https:\/\/www.portacabot.com\/es\/punto-de-voluntariado-de-barbera-del-valles\/#breadcrumb"},"inLanguage":"ES","potentialAction":[{"@type":"ReadAction","target":["https:\/\/www.portacabot.com\/es\/punto-de-voluntariado-de-barbera-del-valles\/"]}]},{"@type":"ImageObject","inLanguage":"ES","@id":"https:\/\/www.portacabot.com\/es\/punto-de-voluntariado-de-barbera-del-valles\/#primaryimage","url":"https:\/\/www.portacabot.com\/wp-content\/uploads\/2024\/04\/banner_punt_voluntariat.jpg","contentUrl":"https:\/\/www.portacabot.com\/wp-content\/uploads\/2024\/04\/banner_punt_voluntariat.jpg","width":214,"height":214},{"@type":"BreadcrumbList","@id":"https:\/\/www.portacabot.com\/es\/punto-de-voluntariado-de-barbera-del-valles\/#breadcrumb","itemListElement":[{"@type":"ListItem","position":1,"name":"Inici","item":"https:\/\/www.portacabot.com\/es\/"},{"@type":"ListItem","position":2,"name":"Punto de Voluntariado de Barber\u00e0 del Vall\u00e8s"}]},{"@type":"WebSite","@id":"https:\/\/www.portacabot.com\/es\/#website","url":"https:\/\/www.portacabot.com\/es\/","name":"Portacabot","description":"Solucions a les necessitats de les administracions i al conjunt de la societat","publisher":{"@id":"https:\/\/www.portacabot.com\/es\/#organization"},"potentialAction":[{"@type":"SearchAction","target":{"@type":"EntryPoint","urlTemplate":"https:\/\/www.portacabot.com\/es\/?s={search_term_string}"},"query-input":{"@type":"PropertyValueSpecification","valueRequired":true,"valueName":"search_term_string"}}],"inLanguage":"ES"},{"@type":"Organization","@id":"https:\/\/www.portacabot.com\/es\/#organization","name":"Portacabot","url":"https:\/\/www.portacabot.com\/es\/","logo":{"@type":"ImageObject","inLanguage":"ES","@id":"https:\/\/www.portacabot.com\/es\/#\/schema\/logo\/image\/","url":"https:\/\/www.portacabot.com\/wp-content\/uploads\/2022\/03\/cropped-logo_portacabot.png","contentUrl":"https:\/\/www.portacabot.com\/wp-content\/uploads\/2022\/03\/cropped-logo_portacabot.png","width":300,"height":85,"caption":"Portacabot"},"image":{"@id":"https:\/\/www.portacabot.com\/es\/#\/schema\/logo\/image\/"}},{"@type":"Person","@id":"https:\/\/www.portacabot.com\/es\/#\/schema\/person\/967b3393e1ee8a31727f67a78b0884e1","name":"Marketing","image":{"@type":"ImageObject","inLanguage":"ES","@id":"https:\/\/secure.gravatar.com\/avatar\/390f1a3521b96f02b13d0dfa32b4729c11ab8aa3f7f4a76b8faf4b1ccb9ad046?s=96&d=mm&r=g","url":"https:\/\/secure.gravatar.com\/avatar\/390f1a3521b96f02b13d0dfa32b4729c11ab8aa3f7f4a76b8faf4b1ccb9ad046?s=96&d=mm&r=g","contentUrl":"https:\/\/secure.gravatar.com\/avatar\/390f1a3521b96f02b13d0dfa32b4729c11ab8aa3f7f4a76b8faf4b1ccb9ad046?s=96&d=mm&r=g","caption":"Marketing"}}]}},"_links":{"self":[{"href":"https:\/\/www.portacabot.com\/es\/wp-json\/wp\/v2\/posts\/23549","targetHints":{"allow":["GET"]}}],"collection":[{"href":"https:\/\/www.portacabot.com\/es\/wp-json\/wp\/v2\/posts"}],"about":[{"href":"https:\/\/www.portacabot.com\/es\/wp-json\/wp\/v2\/types\/post"}],"author":[{"embeddable":true,"href":"https:\/\/www.portacabot.com\/es\/wp-json\/wp\/v2\/users\/5"}],"replies":[{"embeddable":true,"href":"https:\/\/www.portacabot.com\/es\/wp-json\/wp\/v2\/comments?post=23549"}],"version-history":[{"count":1,"href":"https:\/\/www.portacabot.com\/es\/wp-json\/wp\/v2\/posts\/23549\/revisions"}],"predecessor-version":[{"id":23550,"href":"https:\/\/www.portacabot.com\/es\/wp-json\/wp\/v2\/posts\/23549\/revisions\/23550"}],"wp:featuredmedia":[{"embeddable":true,"href":"https:\/\/www.portacabot.com\/es\/wp-json\/wp\/v2\/media\/23511"}],"wp:attachment":[{"href":"https:\/\/www.portacabot.com\/es\/wp-json\/wp\/v2\/media?parent=23549"}],"wp:term":[{"taxonomy":"category","embeddable":true,"href":"https:\/\/www.portacabot.com\/es\/wp-json\/wp\/v2\/categories?post=23549"},{"taxonomy":"post_tag","embeddable":true,"href":"https:\/\/www.portacabot.com\/es\/wp-json\/wp\/v2\/tags?post=23549"}],"curies":[{"name":"wp","href":"https:\/\/api.w.org\/{rel}","templated":true}]}}