{"id":23547,"date":"2024-04-11T13:00:00","date_gmt":"2024-04-11T13:00:00","guid":{"rendered":"https:\/\/www.portacabot.com\/portacabot-colabora-con-la-mesa-nacional-del-agua-para-una-gestion-sostenible\/"},"modified":"2024-04-12T10:06:09","modified_gmt":"2024-04-12T10:06:09","slug":"portacabot-colabora-con-la-mesa-nacional-del-agua-para-una-gestion-sostenible","status":"publish","type":"post","link":"https:\/\/www.portacabot.com\/es\/portacabot-colabora-con-la-mesa-nacional-del-agua-para-una-gestion-sostenible\/","title":{"rendered":"PortaCabot colabora con la Mesa Nacional del Agua para una gesti\u00f3n sostenible"},"content":{"rendered":"\t\t<div data-elementor-type=\"wp-post\" data-elementor-id=\"23547\" class=\"elementor elementor-23547 elementor-23512\" wpc-filter-elementor-widget=\"1\" data-elementor-post-type=\"post\">\n\t\t\t\t\t\t<section class=\"elementor-section elementor-top-section elementor-element elementor-element-0f0a675 elementor-section-boxed elementor-section-height-default elementor-section-height-default\" data-id=\"0f0a675\" data-element_type=\"section\" data-e-type=\"section\">\n\t\t\t\t\t\t<div class=\"elementor-container elementor-column-gap-default\">\n\t\t\t\t\t<div class=\"elementor-column elementor-col-100 elementor-top-column elementor-element elementor-element-e6a92b2\" data-id=\"e6a92b2\" data-element_type=\"column\" data-e-type=\"column\">\n\t\t\t<div class=\"elementor-widget-wrap elementor-element-populated\">\n\t\t\t\t\t\t<div class=\"elementor-element elementor-element-26387b3 elementor-widget elementor-widget-text-editor\" data-id=\"26387b3\" data-element_type=\"widget\" data-e-type=\"widget\" data-widget_type=\"text-editor.default\">\n\t\t\t\t<div class=\"elementor-widget-container\">\n\t\t\t\t\t\t\t\t\t<p><span style=\"font-weight: 400;\">PortaCabot ha sido designada como <\/span><b>oficina t\u00e9cnica de apoyo para la Mesa Nacional del Agua<\/b><span style=\"font-weight: 400;\">, en un esfuerzo coordinado por el<\/span><b>Agencia Catalana del Agua <\/b><span style=\"font-weight: 400;\">para abordar los <\/span><b>retos y oportunidades entorno la gesti\u00f3n del agua en Catalu\u00f1a. <\/b><span style=\"font-weight: 400;\">Esta colaboraci\u00f3n estrat\u00e9gica surge como respuesta a la creciente necesidad de fomentar uno <\/span><b>debate p\u00fablico, democr\u00e1tico y transparente<\/b><span style=\"font-weight: 400;\"> sobre la gesti\u00f3n del agua como recurso p\u00fablico, especialmente en el contexto de emergencia clim\u00e1tica.<\/span><\/p>\n\t\t\t\t\t\t\t\t<\/div>\n\t\t\t\t<\/div>\n\t\t\t\t\t<\/div>\n\t\t<\/div>\n\t\t\t\t\t<\/div>\n\t\t<\/section>\n\t\t\t\t<section class=\"elementor-section elementor-top-section elementor-element elementor-element-4fcfbb9 elementor-section-boxed elementor-section-height-default elementor-section-height-default\" data-id=\"4fcfbb9\" data-element_type=\"section\" data-e-type=\"section\">\n\t\t\t\t\t\t<div class=\"elementor-container elementor-column-gap-default\">\n\t\t\t\t\t<div class=\"elementor-column elementor-col-100 elementor-top-column elementor-element elementor-element-0c5c01d\" data-id=\"0c5c01d\" data-element_type=\"column\" data-e-type=\"column\">\n\t\t\t<div class=\"elementor-widget-wrap elementor-element-populated\">\n\t\t\t\t\t\t<div class=\"elementor-element elementor-element-5e465c4 elementor-widget elementor-widget-heading\" data-id=\"5e465c4\" data-element_type=\"widget\" data-e-type=\"widget\" data-widget_type=\"heading.default\">\n\t\t\t\t<div class=\"elementor-widget-container\">\n\t\t\t\t\t<h2 class=\"elementor-heading-title elementor-size-default\">Unificaci\u00f3n de esfuerzos para una gesti\u00f3n sostenible\n<\/h2>\t\t\t\t<\/div>\n\t\t\t\t<\/div>\n\t\t\t\t\t<\/div>\n\t\t<\/div>\n\t\t\t\t\t<\/div>\n\t\t<\/section>\n\t\t\t\t<section class=\"elementor-section elementor-top-section elementor-element elementor-element-b9adf29 elementor-section-boxed elementor-section-height-default elementor-section-height-default\" data-id=\"b9adf29\" data-element_type=\"section\" data-e-type=\"section\">\n\t\t\t\t\t\t<div class=\"elementor-container elementor-column-gap-default\">\n\t\t\t\t\t<div class=\"elementor-column elementor-col-100 elementor-top-column elementor-element elementor-element-7a6df7b\" data-id=\"7a6df7b\" data-element_type=\"column\" data-e-type=\"column\">\n\t\t\t<div class=\"elementor-widget-wrap elementor-element-populated\">\n\t\t\t\t\t\t<div class=\"elementor-element elementor-element-83e9a14 elementor-widget elementor-widget-text-editor\" data-id=\"83e9a14\" data-element_type=\"widget\" data-e-type=\"widget\" data-widget_type=\"text-editor.default\">\n\t\t\t\t<div class=\"elementor-widget-container\">\n\t\t\t\t\t\t\t\t\t<p><span style=\"font-weight: 400;\">El objetivo de la Mesa Nacional del Agua es<\/span> <b>unificar esfuerzos y criterios <\/b><span style=\"font-weight: 400;\">para asegurar una<\/span> <b>gesti\u00f3n eficiente y sostenible del agua,<\/b><span style=\"font-weight: 400;\"> considerando la creciente preocupaci\u00f3n por la escasez de agua. La creaci\u00f3n de esta entidad refleja un compromiso firme hacia la elaboraci\u00f3n de pol\u00edticas y estrategias que garanticen la resiliencia h\u00eddrica de Catalu\u00f1a ante los desaf\u00edos del cambio clim\u00e1tico.<\/span><\/p>\n\t\t\t\t\t\t\t\t<\/div>\n\t\t\t\t<\/div>\n\t\t\t\t\t<\/div>\n\t\t<\/div>\n\t\t\t\t\t<\/div>\n\t\t<\/section>\n\t\t\t\t<section class=\"elementor-section elementor-top-section elementor-element elementor-element-cbd8ffd elementor-section-boxed elementor-section-height-default elementor-section-height-default\" data-id=\"cbd8ffd\" data-element_type=\"section\" data-e-type=\"section\">\n\t\t\t\t\t\t<div class=\"elementor-container elementor-column-gap-default\">\n\t\t\t\t\t<div class=\"elementor-column elementor-col-100 elementor-top-column elementor-element elementor-element-59678a7\" data-id=\"59678a7\" data-element_type=\"column\" data-e-type=\"column\">\n\t\t\t<div class=\"elementor-widget-wrap elementor-element-populated\">\n\t\t\t\t\t\t<div class=\"elementor-element elementor-element-05228eb elementor-widget elementor-widget-heading\" data-id=\"05228eb\" data-element_type=\"widget\" data-e-type=\"widget\" data-widget_type=\"heading.default\">\n\t\t\t\t<div class=\"elementor-widget-container\">\n\t\t\t\t\t<h2 class=\"elementor-heading-title elementor-size-default\">Estrategias colaborativas\n<\/h2>\t\t\t\t<\/div>\n\t\t\t\t<\/div>\n\t\t\t\t\t<\/div>\n\t\t<\/div>\n\t\t\t\t\t<\/div>\n\t\t<\/section>\n\t\t\t\t<section class=\"elementor-section elementor-top-section elementor-element elementor-element-d1eaf19 elementor-section-boxed elementor-section-height-default elementor-section-height-default\" data-id=\"d1eaf19\" data-element_type=\"section\" data-e-type=\"section\">\n\t\t\t\t\t\t<div class=\"elementor-container elementor-column-gap-default\">\n\t\t\t\t\t<div class=\"elementor-column elementor-col-100 elementor-top-column elementor-element elementor-element-d7a6d3d\" data-id=\"d7a6d3d\" data-element_type=\"column\" data-e-type=\"column\">\n\t\t\t<div class=\"elementor-widget-wrap elementor-element-populated\">\n\t\t\t\t\t\t<div class=\"elementor-element elementor-element-e210cee elementor-widget elementor-widget-text-editor\" data-id=\"e210cee\" data-element_type=\"widget\" data-e-type=\"widget\" data-widget_type=\"text-editor.default\">\n\t\t\t\t<div class=\"elementor-widget-container\">\n\t\t\t\t\t\t\t\t\t<p><span style=\"font-weight: 400;\">En este marco, PortaCabot est\u00e1 desarrollando una serie de actividades claves destinadas a apoyar a las deliberaciones y trabajos de la Mesa Nacional del Agua. Entre estas tareas, se encuentra la<\/span><b> planificaci\u00f3n, organizaci\u00f3n y gesti\u00f3n de 60 sesiones de trabajo,<\/b><span style=\"font-weight: 400;\"> divididas entre comisiones sectoriales y territoriales. La empresa proporcionar\u00e1 as\u00ed mismo asistencia en la dinamizaci\u00f3n de las sesiones, con el objetivo de fomentar un di\u00e1logo constructivo y productivo entre los diferentes actores implicados.<\/span><\/p>\n<p><span style=\"font-weight: 400;\">A trav\u00e9s de estas sesiones, se busca<\/span> <b>recopilar y analizar datos actualizados<\/b> <span style=\"font-weight: 400;\">sobre demanda y consumo de agua,<\/span> <b>identificar alternativas para el ahorro y la mejora de la eficiencia<\/b> <span style=\"font-weight: 400;\">en los diferentes usos del agua, y promover el consenso entre las administraciones competentes y los sectores involucrados. El trabajo de PortaCabot permitir\u00e1<\/span> <b>facilitar la construcci\u00f3n de un nuevo pacto nacional por el agua<\/b> <span style=\"font-weight: 400;\">que tenga en cuenta los retos asociados a la emergencia clim\u00e1tica y la escasez de agua.<\/span><\/p>\n\t\t\t\t\t\t\t\t<\/div>\n\t\t\t\t<\/div>\n\t\t\t\t\t<\/div>\n\t\t<\/div>\n\t\t\t\t\t<\/div>\n\t\t<\/section>\n\t\t\t\t<section class=\"elementor-section elementor-top-section elementor-element elementor-element-06a4ae2 elementor-section-boxed elementor-section-height-default elementor-section-height-default\" data-id=\"06a4ae2\" data-element_type=\"section\" data-e-type=\"section\">\n\t\t\t\t\t\t<div class=\"elementor-container elementor-column-gap-default\">\n\t\t\t\t\t<div class=\"elementor-column elementor-col-100 elementor-top-column elementor-element elementor-element-66a4786\" data-id=\"66a4786\" data-element_type=\"column\" data-e-type=\"column\">\n\t\t\t<div class=\"elementor-widget-wrap elementor-element-populated\">\n\t\t\t\t\t\t<div class=\"elementor-element elementor-element-dbd35f7 elementor-widget-divider--view-line elementor-widget elementor-widget-divider\" data-id=\"dbd35f7\" data-element_type=\"widget\" data-e-type=\"widget\" data-widget_type=\"divider.default\">\n\t\t\t\t<div class=\"elementor-widget-container\">\n\t\t\t\t\t\t\t<div class=\"elementor-divider\">\n\t\t\t<span class=\"elementor-divider-separator\">\n\t\t\t\t\t\t<\/span>\n\t\t<\/div>\n\t\t\t\t\t\t<\/div>\n\t\t\t\t<\/div>\n\t\t\t\t<div class=\"elementor-element elementor-element-1978a74 elementor-widget elementor-widget-text-editor\" data-id=\"1978a74\" data-element_type=\"widget\" data-e-type=\"widget\" data-widget_type=\"text-editor.default\">\n\t\t\t\t<div class=\"elementor-widget-container\">\n\t\t\t\t\t\t\t\t\t<h5 style=\"text-align: center;\"><strong>\u00bfNecesitas m\u00e1s informaci\u00f3n sobre este proyecto?<\/strong><\/h5>\n\t\t\t\t\t\t\t\t<\/div>\n\t\t\t\t<\/div>\n\t\t\t\t<div class=\"elementor-element elementor-element-7862f17 elementor-align-center elementor-widget elementor-widget-button\" data-id=\"7862f17\" data-element_type=\"widget\" data-e-type=\"widget\" data-widget_type=\"button.default\">\n\t\t\t\t<div class=\"elementor-widget-container\">\n\t\t\t\t\t\t\t\t\t<div class=\"elementor-button-wrapper\">\n\t\t\t\t\t<a class=\"elementor-button elementor-button-link elementor-size-sm\" href=\"https:\/\/www.portacabot.com\/es\/contacto\/\">\n\t\t\t\t\t\t<span class=\"elementor-button-content-wrapper\">\n\t\t\t\t\t\t<span class=\"elementor-button-icon\">\n\t\t\t\t<i aria-hidden=\"true\" class=\"fas fa-phone-alt\"><\/i>\t\t\t<\/span>\n\t\t\t\t\t\t\t\t\t<span class=\"elementor-button-text\">\u00a1Cont\u00e1ctanos!<\/span>\n\t\t\t\t\t<\/span>\n\t\t\t\t\t<\/a>\n\t\t\t\t<\/div>\n\t\t\t\t\t\t\t\t<\/div>\n\t\t\t\t<\/div>\n\t\t\t\t\t<\/div>\n\t\t<\/div>\n\t\t\t\t\t<\/div>\n\t\t<\/section>\n\t\t\t\t<\/div>\n\t\t","protected":false},"excerpt":{"rendered":"<p>PortaCabot ha sido designada como oficina t\u00e9cnica de apoyo para la Mesa Nacional del Agua, en un esfuerzo coordinado por elAgencia Catalana del Agua para abordar los retos y oportunidades entorno la gesti\u00f3n del agua en Catalu\u00f1a. Esta colaboraci\u00f3n estrat\u00e9gica surge como respuesta a la creciente necesidad de fomentar uno debate p\u00fablico, democr\u00e1tico y transparente [&hellip;]<\/p>\n","protected":false},"author":5,"featured_media":23518,"comment_status":"open","ping_status":"open","sticky":false,"template":"","format":"standard","meta":{"footnotes":""},"categories":[37],"tags":[],"class_list":["post-23547","post","type-post","status-publish","format-standard","has-post-thumbnail","hentry","category-participacion"],"yoast_head":"<!-- This site is optimized with the Yoast SEO plugin v27.5 - https:\/\/yoast.com\/product\/yoast-seo-wordpress\/ -->\n<title>PortaCabot colabora con la Mesa Nacional del Agua para una gesti\u00f3n sostenible - Portacabot<\/title>\n<meta name=\"description\" content=\"PortaCabot designada por la Mesa Nacional del Agua, coordinada por la Agencia Catalana del Agua por la gesti\u00f3n del agua en Catalu\u00f1a.\" \/>\n<meta name=\"robots\" content=\"index, follow, max-snippet:-1, max-image-preview:large, max-video-preview:-1\" \/>\n<link rel=\"canonical\" href=\"https:\/\/www.portacabot.com\/es\/portacabot-colabora-con-la-mesa-nacional-del-agua-para-una-gestion-sostenible\/\" \/>\n<meta property=\"og:locale\" content=\"es_ES\" \/>\n<meta property=\"og:type\" content=\"article\" \/>\n<meta property=\"og:title\" content=\"PortaCabot colabora con la Mesa Nacional del Agua para una gesti\u00f3n sostenible - Portacabot\" \/>\n<meta property=\"og:description\" content=\"PortaCabot designada por la Mesa Nacional del Agua, coordinada por la Agencia Catalana del Agua por la gesti\u00f3n del agua en Catalu\u00f1a.\" \/>\n<meta property=\"og:url\" content=\"https:\/\/www.portacabot.com\/es\/portacabot-colabora-con-la-mesa-nacional-del-agua-para-una-gestion-sostenible\/\" \/>\n<meta property=\"og:site_name\" content=\"Portacabot\" \/>\n<meta property=\"article:published_time\" content=\"2024-04-11T13:00:00+00:00\" \/>\n<meta property=\"article:modified_time\" content=\"2024-04-12T10:06:09+00:00\" \/>\n<meta property=\"og:image\" content=\"https:\/\/www.portacabot.com\/wp-content\/uploads\/2024\/04\/d584d57f-7c70-469d-b5d8-5563b2bc6ba4_facebook-aspect-ratio_default_0.jpg\" \/>\n\t<meta property=\"og:image:width\" content=\"1200\" \/>\n\t<meta property=\"og:image:height\" content=\"628\" \/>\n\t<meta property=\"og:image:type\" content=\"image\/jpeg\" \/>\n<meta name=\"author\" content=\"Marketing\" \/>\n<meta name=\"twitter:card\" content=\"summary_large_image\" \/>\n<meta name=\"twitter:label1\" content=\"Written by\" \/>\n\t<meta name=\"twitter:data1\" content=\"Marketing\" \/>\n\t<meta name=\"twitter:label2\" content=\"Est. reading time\" \/>\n\t<meta name=\"twitter:data2\" content=\"2 minutes\" \/>\n<script type=\"application\/ld+json\" class=\"yoast-schema-graph\">{\"@context\":\"https:\\\/\\\/schema.org\",\"@graph\":[{\"@type\":\"Article\",\"@id\":\"https:\\\/\\\/www.portacabot.com\\\/es\\\/portacabot-colabora-con-la-mesa-nacional-del-agua-para-una-gestion-sostenible\\\/#article\",\"isPartOf\":{\"@id\":\"https:\\\/\\\/www.portacabot.com\\\/es\\\/portacabot-colabora-con-la-mesa-nacional-del-agua-para-una-gestion-sostenible\\\/\"},\"author\":{\"name\":\"Marketing\",\"@id\":\"https:\\\/\\\/www.portacabot.com\\\/es\\\/#\\\/schema\\\/person\\\/967b3393e1ee8a31727f67a78b0884e1\"},\"headline\":\"PortaCabot colabora con la Mesa Nacional del Agua para una gesti\u00f3n sostenible\",\"datePublished\":\"2024-04-11T13:00:00+00:00\",\"dateModified\":\"2024-04-12T10:06:09+00:00\",\"mainEntityOfPage\":{\"@id\":\"https:\\\/\\\/www.portacabot.com\\\/es\\\/portacabot-colabora-con-la-mesa-nacional-del-agua-para-una-gestion-sostenible\\\/\"},\"wordCount\":342,\"commentCount\":0,\"publisher\":{\"@id\":\"https:\\\/\\\/www.portacabot.com\\\/es\\\/#organization\"},\"image\":{\"@id\":\"https:\\\/\\\/www.portacabot.com\\\/es\\\/portacabot-colabora-con-la-mesa-nacional-del-agua-para-una-gestion-sostenible\\\/#primaryimage\"},\"thumbnailUrl\":\"https:\\\/\\\/www.portacabot.com\\\/wp-content\\\/uploads\\\/2024\\\/04\\\/d584d57f-7c70-469d-b5d8-5563b2bc6ba4_facebook-aspect-ratio_default_0.jpg\",\"articleSection\":[\"Participaci\u00f3n\"],\"inLanguage\":\"ES\",\"potentialAction\":[{\"@type\":\"CommentAction\",\"name\":\"Comment\",\"target\":[\"https:\\\/\\\/www.portacabot.com\\\/es\\\/portacabot-colabora-con-la-mesa-nacional-del-agua-para-una-gestion-sostenible\\\/#respond\"]}]},{\"@type\":\"WebPage\",\"@id\":\"https:\\\/\\\/www.portacabot.com\\\/es\\\/portacabot-colabora-con-la-mesa-nacional-del-agua-para-una-gestion-sostenible\\\/\",\"url\":\"https:\\\/\\\/www.portacabot.com\\\/es\\\/portacabot-colabora-con-la-mesa-nacional-del-agua-para-una-gestion-sostenible\\\/\",\"name\":\"PortaCabot colabora con la Mesa Nacional del Agua para una gesti\u00f3n sostenible - Portacabot\",\"isPartOf\":{\"@id\":\"https:\\\/\\\/www.portacabot.com\\\/es\\\/#website\"},\"primaryImageOfPage\":{\"@id\":\"https:\\\/\\\/www.portacabot.com\\\/es\\\/portacabot-colabora-con-la-mesa-nacional-del-agua-para-una-gestion-sostenible\\\/#primaryimage\"},\"image\":{\"@id\":\"https:\\\/\\\/www.portacabot.com\\\/es\\\/portacabot-colabora-con-la-mesa-nacional-del-agua-para-una-gestion-sostenible\\\/#primaryimage\"},\"thumbnailUrl\":\"https:\\\/\\\/www.portacabot.com\\\/wp-content\\\/uploads\\\/2024\\\/04\\\/d584d57f-7c70-469d-b5d8-5563b2bc6ba4_facebook-aspect-ratio_default_0.jpg\",\"datePublished\":\"2024-04-11T13:00:00+00:00\",\"dateModified\":\"2024-04-12T10:06:09+00:00\",\"description\":\"PortaCabot designada por la Mesa Nacional del Agua, coordinada por la Agencia Catalana del Agua por la gesti\u00f3n del agua en Catalu\u00f1a.\",\"breadcrumb\":{\"@id\":\"https:\\\/\\\/www.portacabot.com\\\/es\\\/portacabot-colabora-con-la-mesa-nacional-del-agua-para-una-gestion-sostenible\\\/#breadcrumb\"},\"inLanguage\":\"ES\",\"potentialAction\":[{\"@type\":\"ReadAction\",\"target\":[\"https:\\\/\\\/www.portacabot.com\\\/es\\\/portacabot-colabora-con-la-mesa-nacional-del-agua-para-una-gestion-sostenible\\\/\"]}]},{\"@type\":\"ImageObject\",\"inLanguage\":\"ES\",\"@id\":\"https:\\\/\\\/www.portacabot.com\\\/es\\\/portacabot-colabora-con-la-mesa-nacional-del-agua-para-una-gestion-sostenible\\\/#primaryimage\",\"url\":\"https:\\\/\\\/www.portacabot.com\\\/wp-content\\\/uploads\\\/2024\\\/04\\\/d584d57f-7c70-469d-b5d8-5563b2bc6ba4_facebook-aspect-ratio_default_0.jpg\",\"contentUrl\":\"https:\\\/\\\/www.portacabot.com\\\/wp-content\\\/uploads\\\/2024\\\/04\\\/d584d57f-7c70-469d-b5d8-5563b2bc6ba4_facebook-aspect-ratio_default_0.jpg\",\"width\":1200,\"height\":628,\"caption\":\"Taula Nacional Aigua Portacabot\"},{\"@type\":\"BreadcrumbList\",\"@id\":\"https:\\\/\\\/www.portacabot.com\\\/es\\\/portacabot-colabora-con-la-mesa-nacional-del-agua-para-una-gestion-sostenible\\\/#breadcrumb\",\"itemListElement\":[{\"@type\":\"ListItem\",\"position\":1,\"name\":\"Inici\",\"item\":\"https:\\\/\\\/www.portacabot.com\\\/es\\\/\"},{\"@type\":\"ListItem\",\"position\":2,\"name\":\"PortaCabot colabora con la Mesa Nacional del Agua para una gesti\u00f3n sostenible\"}]},{\"@type\":\"WebSite\",\"@id\":\"https:\\\/\\\/www.portacabot.com\\\/es\\\/#website\",\"url\":\"https:\\\/\\\/www.portacabot.com\\\/es\\\/\",\"name\":\"Portacabot\",\"description\":\"Solucions a les necessitats de les administracions i al conjunt de la societat\",\"publisher\":{\"@id\":\"https:\\\/\\\/www.portacabot.com\\\/es\\\/#organization\"},\"potentialAction\":[{\"@type\":\"SearchAction\",\"target\":{\"@type\":\"EntryPoint\",\"urlTemplate\":\"https:\\\/\\\/www.portacabot.com\\\/es\\\/?s={search_term_string}\"},\"query-input\":{\"@type\":\"PropertyValueSpecification\",\"valueRequired\":true,\"valueName\":\"search_term_string\"}}],\"inLanguage\":\"ES\"},{\"@type\":\"Organization\",\"@id\":\"https:\\\/\\\/www.portacabot.com\\\/es\\\/#organization\",\"name\":\"Portacabot\",\"url\":\"https:\\\/\\\/www.portacabot.com\\\/es\\\/\",\"logo\":{\"@type\":\"ImageObject\",\"inLanguage\":\"ES\",\"@id\":\"https:\\\/\\\/www.portacabot.com\\\/es\\\/#\\\/schema\\\/logo\\\/image\\\/\",\"url\":\"https:\\\/\\\/www.portacabot.com\\\/wp-content\\\/uploads\\\/2022\\\/03\\\/cropped-logo_portacabot.png\",\"contentUrl\":\"https:\\\/\\\/www.portacabot.com\\\/wp-content\\\/uploads\\\/2022\\\/03\\\/cropped-logo_portacabot.png\",\"width\":300,\"height\":85,\"caption\":\"Portacabot\"},\"image\":{\"@id\":\"https:\\\/\\\/www.portacabot.com\\\/es\\\/#\\\/schema\\\/logo\\\/image\\\/\"}},{\"@type\":\"Person\",\"@id\":\"https:\\\/\\\/www.portacabot.com\\\/es\\\/#\\\/schema\\\/person\\\/967b3393e1ee8a31727f67a78b0884e1\",\"name\":\"Marketing\",\"image\":{\"@type\":\"ImageObject\",\"inLanguage\":\"ES\",\"@id\":\"https:\\\/\\\/secure.gravatar.com\\\/avatar\\\/390f1a3521b96f02b13d0dfa32b4729c11ab8aa3f7f4a76b8faf4b1ccb9ad046?s=96&d=mm&r=g\",\"url\":\"https:\\\/\\\/secure.gravatar.com\\\/avatar\\\/390f1a3521b96f02b13d0dfa32b4729c11ab8aa3f7f4a76b8faf4b1ccb9ad046?s=96&d=mm&r=g\",\"contentUrl\":\"https:\\\/\\\/secure.gravatar.com\\\/avatar\\\/390f1a3521b96f02b13d0dfa32b4729c11ab8aa3f7f4a76b8faf4b1ccb9ad046?s=96&d=mm&r=g\",\"caption\":\"Marketing\"}}]}<\/script>\n<!-- \/ Yoast SEO plugin. -->","yoast_head_json":{"title":"PortaCabot colabora con la Mesa Nacional del Agua para una gesti\u00f3n sostenible - Portacabot","description":"PortaCabot designada por la Mesa Nacional del Agua, coordinada por la Agencia Catalana del Agua por la gesti\u00f3n del agua en Catalu\u00f1a.","robots":{"index":"index","follow":"follow","max-snippet":"max-snippet:-1","max-image-preview":"max-image-preview:large","max-video-preview":"max-video-preview:-1"},"canonical":"https:\/\/www.portacabot.com\/es\/portacabot-colabora-con-la-mesa-nacional-del-agua-para-una-gestion-sostenible\/","og_locale":"es_ES","og_type":"article","og_title":"PortaCabot colabora con la Mesa Nacional del Agua para una gesti\u00f3n sostenible - Portacabot","og_description":"PortaCabot designada por la Mesa Nacional del Agua, coordinada por la Agencia Catalana del Agua por la gesti\u00f3n del agua en Catalu\u00f1a.","og_url":"https:\/\/www.portacabot.com\/es\/portacabot-colabora-con-la-mesa-nacional-del-agua-para-una-gestion-sostenible\/","og_site_name":"Portacabot","article_published_time":"2024-04-11T13:00:00+00:00","article_modified_time":"2024-04-12T10:06:09+00:00","og_image":[{"width":1200,"height":628,"url":"https:\/\/www.portacabot.com\/wp-content\/uploads\/2024\/04\/d584d57f-7c70-469d-b5d8-5563b2bc6ba4_facebook-aspect-ratio_default_0.jpg","type":"image\/jpeg"}],"author":"Marketing","twitter_card":"summary_large_image","twitter_misc":{"Written by":"Marketing","Est. reading time":"2 minutes"},"schema":{"@context":"https:\/\/schema.org","@graph":[{"@type":"Article","@id":"https:\/\/www.portacabot.com\/es\/portacabot-colabora-con-la-mesa-nacional-del-agua-para-una-gestion-sostenible\/#article","isPartOf":{"@id":"https:\/\/www.portacabot.com\/es\/portacabot-colabora-con-la-mesa-nacional-del-agua-para-una-gestion-sostenible\/"},"author":{"name":"Marketing","@id":"https:\/\/www.portacabot.com\/es\/#\/schema\/person\/967b3393e1ee8a31727f67a78b0884e1"},"headline":"PortaCabot colabora con la Mesa Nacional del Agua para una gesti\u00f3n sostenible","datePublished":"2024-04-11T13:00:00+00:00","dateModified":"2024-04-12T10:06:09+00:00","mainEntityOfPage":{"@id":"https:\/\/www.portacabot.com\/es\/portacabot-colabora-con-la-mesa-nacional-del-agua-para-una-gestion-sostenible\/"},"wordCount":342,"commentCount":0,"publisher":{"@id":"https:\/\/www.portacabot.com\/es\/#organization"},"image":{"@id":"https:\/\/www.portacabot.com\/es\/portacabot-colabora-con-la-mesa-nacional-del-agua-para-una-gestion-sostenible\/#primaryimage"},"thumbnailUrl":"https:\/\/www.portacabot.com\/wp-content\/uploads\/2024\/04\/d584d57f-7c70-469d-b5d8-5563b2bc6ba4_facebook-aspect-ratio_default_0.jpg","articleSection":["Participaci\u00f3n"],"inLanguage":"ES","potentialAction":[{"@type":"CommentAction","name":"Comment","target":["https:\/\/www.portacabot.com\/es\/portacabot-colabora-con-la-mesa-nacional-del-agua-para-una-gestion-sostenible\/#respond"]}]},{"@type":"WebPage","@id":"https:\/\/www.portacabot.com\/es\/portacabot-colabora-con-la-mesa-nacional-del-agua-para-una-gestion-sostenible\/","url":"https:\/\/www.portacabot.com\/es\/portacabot-colabora-con-la-mesa-nacional-del-agua-para-una-gestion-sostenible\/","name":"PortaCabot colabora con la Mesa Nacional del Agua para una gesti\u00f3n sostenible - Portacabot","isPartOf":{"@id":"https:\/\/www.portacabot.com\/es\/#website"},"primaryImageOfPage":{"@id":"https:\/\/www.portacabot.com\/es\/portacabot-colabora-con-la-mesa-nacional-del-agua-para-una-gestion-sostenible\/#primaryimage"},"image":{"@id":"https:\/\/www.portacabot.com\/es\/portacabot-colabora-con-la-mesa-nacional-del-agua-para-una-gestion-sostenible\/#primaryimage"},"thumbnailUrl":"https:\/\/www.portacabot.com\/wp-content\/uploads\/2024\/04\/d584d57f-7c70-469d-b5d8-5563b2bc6ba4_facebook-aspect-ratio_default_0.jpg","datePublished":"2024-04-11T13:00:00+00:00","dateModified":"2024-04-12T10:06:09+00:00","description":"PortaCabot designada por la Mesa Nacional del Agua, coordinada por la Agencia Catalana del Agua por la gesti\u00f3n del agua en Catalu\u00f1a.","breadcrumb":{"@id":"https:\/\/www.portacabot.com\/es\/portacabot-colabora-con-la-mesa-nacional-del-agua-para-una-gestion-sostenible\/#breadcrumb"},"inLanguage":"ES","potentialAction":[{"@type":"ReadAction","target":["https:\/\/www.portacabot.com\/es\/portacabot-colabora-con-la-mesa-nacional-del-agua-para-una-gestion-sostenible\/"]}]},{"@type":"ImageObject","inLanguage":"ES","@id":"https:\/\/www.portacabot.com\/es\/portacabot-colabora-con-la-mesa-nacional-del-agua-para-una-gestion-sostenible\/#primaryimage","url":"https:\/\/www.portacabot.com\/wp-content\/uploads\/2024\/04\/d584d57f-7c70-469d-b5d8-5563b2bc6ba4_facebook-aspect-ratio_default_0.jpg","contentUrl":"https:\/\/www.portacabot.com\/wp-content\/uploads\/2024\/04\/d584d57f-7c70-469d-b5d8-5563b2bc6ba4_facebook-aspect-ratio_default_0.jpg","width":1200,"height":628,"caption":"Taula Nacional Aigua Portacabot"},{"@type":"BreadcrumbList","@id":"https:\/\/www.portacabot.com\/es\/portacabot-colabora-con-la-mesa-nacional-del-agua-para-una-gestion-sostenible\/#breadcrumb","itemListElement":[{"@type":"ListItem","position":1,"name":"Inici","item":"https:\/\/www.portacabot.com\/es\/"},{"@type":"ListItem","position":2,"name":"PortaCabot colabora con la Mesa Nacional del Agua para una gesti\u00f3n sostenible"}]},{"@type":"WebSite","@id":"https:\/\/www.portacabot.com\/es\/#website","url":"https:\/\/www.portacabot.com\/es\/","name":"Portacabot","description":"Solucions a les necessitats de les administracions i al conjunt de la societat","publisher":{"@id":"https:\/\/www.portacabot.com\/es\/#organization"},"potentialAction":[{"@type":"SearchAction","target":{"@type":"EntryPoint","urlTemplate":"https:\/\/www.portacabot.com\/es\/?s={search_term_string}"},"query-input":{"@type":"PropertyValueSpecification","valueRequired":true,"valueName":"search_term_string"}}],"inLanguage":"ES"},{"@type":"Organization","@id":"https:\/\/www.portacabot.com\/es\/#organization","name":"Portacabot","url":"https:\/\/www.portacabot.com\/es\/","logo":{"@type":"ImageObject","inLanguage":"ES","@id":"https:\/\/www.portacabot.com\/es\/#\/schema\/logo\/image\/","url":"https:\/\/www.portacabot.com\/wp-content\/uploads\/2022\/03\/cropped-logo_portacabot.png","contentUrl":"https:\/\/www.portacabot.com\/wp-content\/uploads\/2022\/03\/cropped-logo_portacabot.png","width":300,"height":85,"caption":"Portacabot"},"image":{"@id":"https:\/\/www.portacabot.com\/es\/#\/schema\/logo\/image\/"}},{"@type":"Person","@id":"https:\/\/www.portacabot.com\/es\/#\/schema\/person\/967b3393e1ee8a31727f67a78b0884e1","name":"Marketing","image":{"@type":"ImageObject","inLanguage":"ES","@id":"https:\/\/secure.gravatar.com\/avatar\/390f1a3521b96f02b13d0dfa32b4729c11ab8aa3f7f4a76b8faf4b1ccb9ad046?s=96&d=mm&r=g","url":"https:\/\/secure.gravatar.com\/avatar\/390f1a3521b96f02b13d0dfa32b4729c11ab8aa3f7f4a76b8faf4b1ccb9ad046?s=96&d=mm&r=g","contentUrl":"https:\/\/secure.gravatar.com\/avatar\/390f1a3521b96f02b13d0dfa32b4729c11ab8aa3f7f4a76b8faf4b1ccb9ad046?s=96&d=mm&r=g","caption":"Marketing"}}]}},"_links":{"self":[{"href":"https:\/\/www.portacabot.com\/es\/wp-json\/wp\/v2\/posts\/23547","targetHints":{"allow":["GET"]}}],"collection":[{"href":"https:\/\/www.portacabot.com\/es\/wp-json\/wp\/v2\/posts"}],"about":[{"href":"https:\/\/www.portacabot.com\/es\/wp-json\/wp\/v2\/types\/post"}],"author":[{"embeddable":true,"href":"https:\/\/www.portacabot.com\/es\/wp-json\/wp\/v2\/users\/5"}],"replies":[{"embeddable":true,"href":"https:\/\/www.portacabot.com\/es\/wp-json\/wp\/v2\/comments?post=23547"}],"version-history":[{"count":1,"href":"https:\/\/www.portacabot.com\/es\/wp-json\/wp\/v2\/posts\/23547\/revisions"}],"predecessor-version":[{"id":23548,"href":"https:\/\/www.portacabot.com\/es\/wp-json\/wp\/v2\/posts\/23547\/revisions\/23548"}],"wp:featuredmedia":[{"embeddable":true,"href":"https:\/\/www.portacabot.com\/es\/wp-json\/wp\/v2\/media\/23518"}],"wp:attachment":[{"href":"https:\/\/www.portacabot.com\/es\/wp-json\/wp\/v2\/media?parent=23547"}],"wp:term":[{"taxonomy":"category","embeddable":true,"href":"https:\/\/www.portacabot.com\/es\/wp-json\/wp\/v2\/categories?post=23547"},{"taxonomy":"post_tag","embeddable":true,"href":"https:\/\/www.portacabot.com\/es\/wp-json\/wp\/v2\/tags?post=23547"}],"curies":[{"name":"wp","href":"https:\/\/api.w.org\/{rel}","templated":true}]}}